{"id":7882,"date":"2023-02-24T08:02:00","date_gmt":"2023-02-24T07:02:00","guid":{"rendered":"https:\/\/myhome.at\/?p=7882"},"modified":"2023-02-21T15:08:11","modified_gmt":"2023-02-21T14:08:11","slug":"le-top-3-des-retraites-de-yoga-dans-le-monde","status":"publish","type":"post","link":"https:\/\/myhome.at\/fr\/le-top-3-des-retraites-de-yoga-dans-le-monde\/","title":{"rendered":"Le top 3 des retraites de yoga dans le monde"},"content":{"rendered":"\n<p><strong>Le top 3 des retraites de yoga dans le monde<\/strong><\/p>\n\n<p>Le yoga est une m\u00e9thode merveilleuse pour d\u00e9tendre \u00e0 la fois le corps et l&rsquo;esprit et pour nous connecter \u00e0 notre source int\u00e9rieure. C&rsquo;est aussi un outil fantastique pour s&rsquo;explorer et se d\u00e9velopper personnellement. Gr\u00e2ce \u00e0 une respiration concentr\u00e9e et \u00e0 des exercices sp\u00e9ciaux d&rsquo;\u00e9tirement et de musculation, le corps et l&rsquo;esprit deviennent plus forts et plus flexibles. Si vous \u00eates \u00e0 la recherche de tout cela, un voyage de yoga est la meilleure d\u00e9cision ! Nous vous pr\u00e9sentons donc trois luxueuses retraites de yoga pour vous d\u00e9connecter compl\u00e8tement et en profiter !<\/p>\n\n<h3 class=\"wp-block-heading\"><strong>La Rosa Dei 4 Venti &#8211; Tarentino, Italie<\/strong><\/h3>\n\n<p>Dans le sud de l&rsquo;Italie, la Retraite La Rosa se trouve au milieu d&rsquo;un paysage idyllique, sur une colline au c\u0153ur de la Vall\u00e9e d&rsquo;Itria, \u00e0 dix kilom\u00e8tres de la petite ville color\u00e9e de Martina Franca. Entour\u00e9e de vergers, d&rsquo;oliveraies et de for\u00eats de ch\u00eanes, la Masseria &#8211; une ferme r\u00e9nov\u00e9e datant de 1689 &#8211; accueille des cours de yoga, de philosophie, des \u00e9v\u00e9nements et des ateliers du monde entier.<\/p>\n\n<p>Dans ce havre de paix, on peut parfaitement se reposer, m\u00e9diter et d\u00e9guster des d\u00e9lices biologiques pr\u00e9par\u00e9s avec amour et provenant du propre jardin. Ici, chaque repas est une exp\u00e9rience de solidarit\u00e9 et une c\u00e9l\u00e9bration du plaisir de manger sainement, qu&rsquo;il s&rsquo;agisse d&rsquo;un repas v\u00e9g\u00e9talien, cru ou sans gluten. D\u00e9tendez-vous et profitez de la magie de l&rsquo;oasis de paix La Rosa !<\/p>\n\n<p><em>https:\/\/www.larosadei4venti.org\/<\/em><\/p>\n\n<figure class=\"wp-block-image size-large\"><img decoding=\"async\" width=\"1024\" height=\"576\" src=\"https:\/\/myhome.at\/wp-content\/uploads\/2023\/02\/yogaretreat2018-37-1-1024x576.jpg\" alt=\"\" class=\"wp-image-7859\" srcset=\"https:\/\/myhome.at\/wp-content\/uploads\/2023\/02\/yogaretreat2018-37-1-1024x576.jpg 1024w, https:\/\/myhome.at\/wp-content\/uploads\/2023\/02\/yogaretreat2018-37-1-300x169.jpg 300w, https:\/\/myhome.at\/wp-content\/uploads\/2023\/02\/yogaretreat2018-37-1-768x432.jpg 768w, https:\/\/myhome.at\/wp-content\/uploads\/2023\/02\/yogaretreat2018-37-1-830x467.jpg 830w, https:\/\/myhome.at\/wp-content\/uploads\/2023\/02\/yogaretreat2018-37-1-1200x675.jpg 1200w, https:\/\/myhome.at\/wp-content\/uploads\/2023\/02\/yogaretreat2018-37-1.jpg 1440w\" sizes=\"(max-width: 1024px) 100vw, 1024px\" \/><figcaption class=\"wp-element-caption\">L&rsquo;idylle \u00e0 l&rsquo;\u00e9tat pur dans une ancienne ferme : La Rosa dei 4 Venti<\/figcaption><\/figure>\n<h3 class=\"wp-block-heading\"><strong>Silver Island Yoga &#8211; Gr\u00e8ce<\/strong><\/h3>\n\n<p>L&rsquo;Eco Yoga Retreat Silver Island est un endroit vraiment pittoresque, fait pour savourer pleinement l&rsquo;art du yoga. Il s&rsquo;agit d&rsquo;une d\u00e9tente totale, d&rsquo;un bien-\u00eatre et d&rsquo;une transformation au milieu d&rsquo;une nature magnifique, dans laquelle vous pouvez vous retrouver vous-m\u00eame.<\/p>\n\n<p>Depuis 2013, les portes de l&rsquo;\u00eele priv\u00e9e sont ouvertes aux h\u00f4tes &#8211; dix au maximum &#8211; et servent de lieu de retraite pour ceux qui aspirent \u00e0 plus de repos et de soi int\u00e9rieur. Tout cela est possible en faisant du yoga en plein air avec vue sur les eaux scintillantes de la M\u00e9diterran\u00e9e, en d\u00e9gustant un d\u00e9licieux repas v\u00e9g\u00e9tarien, en suivant un traitement th\u00e9rapeutique, en se promenant sur la plage, en nageant dans la mer ou en faisant du kayak. Laissez-vous inspirer par cette oasis de calme pour plus de s\u00e9r\u00e9nit\u00e9 et de vigilance !<\/p>\n\n<p><a href=\"https:\/\/www.silverislandyoga.com\/\">https:\/\/www.silverislandyoga.com\/<\/a><\/p>\n\n<figure class=\"wp-block-image size-large\"><img decoding=\"async\" width=\"1024\" height=\"683\" src=\"https:\/\/myhome.at\/wp-content\/uploads\/2023\/02\/SIYYogaShala4-1024x683.jpg\" alt=\"\" class=\"wp-image-7863\" srcset=\"https:\/\/myhome.at\/wp-content\/uploads\/2023\/02\/SIYYogaShala4-1024x683.jpg 1024w, https:\/\/myhome.at\/wp-content\/uploads\/2023\/02\/SIYYogaShala4-2048x1365.jpg 2048w, https:\/\/myhome.at\/wp-content\/uploads\/2023\/02\/SIYYogaShala4-300x200.jpg 300w, https:\/\/myhome.at\/wp-content\/uploads\/2023\/02\/SIYYogaShala4-768x512.jpg 768w, https:\/\/myhome.at\/wp-content\/uploads\/2023\/02\/SIYYogaShala4-1536x1024.jpg 1536w, https:\/\/myhome.at\/wp-content\/uploads\/2023\/02\/SIYYogaShala4-830x553.jpg 830w, https:\/\/myhome.at\/wp-content\/uploads\/2023\/02\/SIYYogaShala4-1200x800.jpg 1200w\" sizes=\"(max-width: 1024px) 100vw, 1024px\" \/><figcaption class=\"wp-element-caption\">Lieu de retraite et d\u00e9cor de r\u00eave : Silver Island Yoga.<\/figcaption><\/figure>\n<h3 class=\"wp-block-heading\"><strong>Kamalaya Wellness Sanctuary &amp; Holistic Spa Resort &#8211; Koh Samui, Tha\u00eflande<\/strong><\/h3>\n\n<p>Kamalaya Koh Samui est un refuge de bien-\u00eatre prim\u00e9, situ\u00e9 au c\u0153ur d&rsquo;un paysage tropical \u00e0 couper le souffle. Kamalaya est l&rsquo;abr\u00e9viation de lotus (kamal) et symbolise l&rsquo;\u00e9panouissement de l&rsquo;esprit humain. Cette retraite de luxe offre une exp\u00e9rience de bien-\u00eatre qui aide les h\u00f4tes \u00e0 atteindre leur bien-\u00eatre optimal \u00e0 l&rsquo;aide de th\u00e9rapies de gu\u00e9rison naturelle, de yoga et de traitements ayurv\u00e9diques.  <\/p>\n\n<p>Les visiteurs viennent pour des vacances reposantes et profitent d&rsquo;offres telles que les th\u00e9rapies de bien-\u00eatre ainsi que de la force de l&rsquo;environnement curatif. En effet, le pays lui-m\u00eame est une partie du voyage qui permet aux h\u00f4tes de faire l&rsquo;exp\u00e9rience des effets curatifs de la nature. Vous trouverez ici plus de clart\u00e9, une am\u00e9lioration de votre \u00e9tat physique et une augmentation de votre vitalit\u00e9 !  <\/p>\n\n<p><blockquote hcb-fetch-image-from=\"https:\/\/kamalaya.com\/\" class=\"wp-embedded-content\" data-secret=\"QmWUmT310n\"><a href=\"https:\/\/kamalaya.com\/\">homepage<\/a><\/blockquote><iframe loading=\"lazy\" class=\"wp-embedded-content\" sandbox=\"allow-scripts\" security=\"restricted\" style=\"position: absolute; clip: rect(1px, 1px, 1px, 1px);\" title=\"&#8220;homepage&#8221; &#8212; Kamalaya\" src=\"https:\/\/kamalaya.com\/embed\/#?secret=VnpnjvPJpk#?secret=QmWUmT310n\" data-secret=\"QmWUmT310n\" width=\"600\" height=\"338\" frameborder=\"0\" marginwidth=\"0\" marginheight=\"0\" scrolling=\"no\"><\/iframe><\/p>\n\n<figure class=\"wp-block-image size-large\"><img decoding=\"async\" width=\"1024\" height=\"683\" src=\"https:\/\/myhome.at\/wp-content\/uploads\/2023\/02\/Kamalaya-Koh-Samui_Arjan-Cave-1024x683.jpg\" alt=\"\" class=\"wp-image-7867\" srcset=\"https:\/\/myhome.at\/wp-content\/uploads\/2023\/02\/Kamalaya-Koh-Samui_Arjan-Cave-1024x683.jpg 1024w, https:\/\/myhome.at\/wp-content\/uploads\/2023\/02\/Kamalaya-Koh-Samui_Arjan-Cave-300x200.jpg 300w, https:\/\/myhome.at\/wp-content\/uploads\/2023\/02\/Kamalaya-Koh-Samui_Arjan-Cave-768x512.jpg 768w, https:\/\/myhome.at\/wp-content\/uploads\/2023\/02\/Kamalaya-Koh-Samui_Arjan-Cave-1536x1024.jpg 1536w, https:\/\/myhome.at\/wp-content\/uploads\/2023\/02\/Kamalaya-Koh-Samui_Arjan-Cave-830x553.jpg 830w, https:\/\/myhome.at\/wp-content\/uploads\/2023\/02\/Kamalaya-Koh-Samui_Arjan-Cave-1200x800.jpg 1200w, https:\/\/myhome.at\/wp-content\/uploads\/2023\/02\/Kamalaya-Koh-Samui_Arjan-Cave.jpg 1500w\" sizes=\"(max-width: 1024px) 100vw, 1024px\" \/><figcaption class=\"wp-element-caption\">Un m\u00e9lange de yoga et d&rsquo;ayurveda : Kamalaya.<\/figcaption><\/figure>\n<hr class=\"wp-block-separator has-alpha-channel-opacity\"\/>\n\n<p>Tous : <a href=\"https:\/\/premiumliving.findmyhome.at\/\">Toutes les propri\u00e9t\u00e9s de luxe<\/a><\/p>\n\n<p>Landlust : <a href=\"https:\/\/premiumliving.findmyhome.at\/index.php?q=amland\">Propri\u00e9t\u00e9s de luxe \u00e0 la campagne<\/a><\/p>\n\n<p>Urban : <a href=\"https:\/\/premiumliving.findmyhome.at\/index.php?q=wienurban\">immobilier de luxe \u00e0 Vienne Urban<\/a><\/p>\n\n<p>Villenlage : <a href=\"https:\/\/premiumliving.findmyhome.at\/index.php?q=villenlage\">Immobilier de luxe Villenlage<\/a><\/p>\n\n<p>Pour les fans de ski : <a href=\"http:\/\/premiumliving.findmyhome.at\/?q=alle-luxusimmobilien_fuer-skifans\">un habitat luxueux pour les fans de ski<\/a><\/p>\n\n<p>Au bord de l&rsquo;eau : un <a href=\"https:\/\/premiumliving.findmyhome.at\/?q=alle-luxusimmobilien_am-wasser\">habitat luxueux au bord de l&rsquo;eau<\/a><\/p>\n\n<p>Service h\u00f4telier : <a href=\"https:\/\/premiumliving.findmyhome.at\/?q=alle-luxusimmobilien_mit-hotel-service\">Vivre dans le luxe avec un service h\u00f4telier<\/a><\/p>\n\n<p>Une vue exquise : <a href=\"https:\/\/premiumliving.findmyhome.at\/?q=alle-luxusimmobilien_erlesener-blick\">Un habitat luxueux avec une vue exquise<\/a><\/p>\n\n<p>Pour les fans de golf : <a href=\"https:\/\/premiumliving.findmyhome.at\/?q=alle-luxusimmobilien_fuer-golffans\">un habitat luxueux pour les fans de golf<\/a><\/p>\n\n<p>\u00c9l\u00e9gance classique : un <a href=\"https:\/\/premiumliving.findmyhome.at\/?q=alle-luxusimmobilien_klassische-eleganz\">habitat luxueux dans une \u00e9l\u00e9gance classique<\/a><\/p>\n\n<figure class=\"wp-block-embed is-type-wp-embed is-provider-kamalaya wp-block-embed-kamalaya\"><div class=\"wp-block-embed__wrapper\">\n<blockquote hcb-fetch-image-from=\"https:\/\/kamalaya.com\/\" class=\"wp-embedded-content\" data-secret=\"QmWUmT310n\"><a href=\"https:\/\/kamalaya.com\/\">homepage<\/a><\/blockquote><iframe loading=\"lazy\" class=\"wp-embedded-content\" sandbox=\"allow-scripts\" security=\"restricted\" style=\"position: absolute; clip: rect(1px, 1px, 1px, 1px);\" title=\"&#8220;homepage&#8221; &#8212; Kamalaya\" src=\"https:\/\/kamalaya.com\/embed\/#?secret=VnpnjvPJpk#?secret=QmWUmT310n\" data-secret=\"QmWUmT310n\" width=\"600\" height=\"338\" frameborder=\"0\" marginwidth=\"0\" marginheight=\"0\" scrolling=\"no\"><\/iframe>\n<\/div><\/figure>\n","protected":false},"excerpt":{"rendered":"<p>Le top 3 des retraites de yoga dans le monde Le yoga est une m\u00e9thode merveilleuse pour d\u00e9tendre \u00e0 la fois le corps et l&rsquo;esprit et pour nous connecter \u00e0 notre source int\u00e9rieure. C&rsquo;est aussi un outil fantastique pour s&rsquo;explorer et se d\u00e9velopper personnellement. Gr\u00e2ce \u00e0 une respiration concentr\u00e9e et \u00e0 des exercices sp\u00e9ciaux d&rsquo;\u00e9tirement &hellip;<\/p>\n","protected":false},"author":5,"featured_media":7878,"comment_status":"closed","ping_status":"open","sticky":false,"template":"","format":"standard","meta":{"_acf_changed":false,"footnotes":""},"categories":[128,2170],"tags":[],"class_list":["post-7882","post","type-post","status-publish","format-standard","has-post-thumbnail","hentry","category-non-classifiee","category-sante-bien-etre"],"acf":[],"yoast_head":"<!-- This site is optimized with the Yoast SEO Premium plugin v27.4 (Yoast SEO v27.4) - https:\/\/yoast.com\/product\/yoast-seo-premium-wordpress\/ -->\n<title>Le top 3 des retraites de yoga dans le monde I MYHOME.AT<\/title>\n<meta name=\"description\" content=\"Le top 3 des retraites de yoga dans le monde : Italie, Gr\u00e8ce ou Tha\u00eflande - les meilleures destinations pour se d\u00e9tendre le corps et l&#039;esprit.\" \/>\n<meta name=\"robots\" content=\"index, follow, max-snippet:-1, max-image-preview:large, max-video-preview:-1\" \/>\n<link rel=\"canonical\" href=\"https:\/\/myhome.at\/fr\/le-top-3-des-retraites-de-yoga-dans-le-monde\/\" \/>\n<meta property=\"og:locale\" content=\"fr_FR\" \/>\n<meta property=\"og:type\" content=\"article\" \/>\n<meta property=\"og:title\" content=\"MYHOME.AT I Le top 3 des retraites de yoga dans le monde\" \/>\n<meta property=\"og:description\" content=\"Le top 3 des retraites de yoga dans le monde : Italie, Gr\u00e8ce ou Tha\u00eflande - les meilleures destinations pour se d\u00e9tendre le corps et l&#039;esprit.\" \/>\n<meta property=\"og:url\" content=\"https:\/\/myhome.at\/fr\/le-top-3-des-retraites-de-yoga-dans-le-monde\/\" \/>\n<meta property=\"og:site_name\" content=\"MYHOME.AT\" \/>\n<meta property=\"article:publisher\" content=\"https:\/\/www.facebook.com\/myhome.allaboutliving\/\" \/>\n<meta property=\"article:published_time\" content=\"2023-02-24T07:02:00+00:00\" \/>\n<meta property=\"og:image\" content=\"https:\/\/myhome.at\/wp-content\/uploads\/2023\/02\/SIYShalaOlivetree-scaled.jpg\" \/>\n\t<meta property=\"og:image:width\" content=\"2560\" \/>\n\t<meta property=\"og:image:height\" content=\"1709\" \/>\n\t<meta property=\"og:image:type\" content=\"image\/jpeg\" \/>\n<meta name=\"author\" content=\"Ursula Macher\" \/>\n<meta name=\"twitter:card\" content=\"summary_large_image\" \/>\n<meta name=\"twitter:label1\" content=\"\u00c9crit par\" \/>\n\t<meta name=\"twitter:data1\" content=\"Ursula Macher\" \/>\n\t<meta name=\"twitter:label2\" content=\"Dur\u00e9e de lecture estim\u00e9e\" \/>\n\t<meta name=\"twitter:data2\" content=\"4 minutes\" \/>\n<script type=\"application\/ld+json\" class=\"yoast-schema-graph\">{\"@context\":\"https:\\\/\\\/schema.org\",\"@graph\":[{\"@type\":\"Article\",\"@id\":\"https:\\\/\\\/myhome.at\\\/fr\\\/le-top-3-des-retraites-de-yoga-dans-le-monde\\\/#article\",\"isPartOf\":{\"@id\":\"https:\\\/\\\/myhome.at\\\/fr\\\/le-top-3-des-retraites-de-yoga-dans-le-monde\\\/\"},\"author\":{\"name\":\"Ursula Macher\",\"@id\":\"https:\\\/\\\/myhome.at\\\/fr\\\/#\\\/schema\\\/person\\\/41cab007ddbb9c3fc135cac1e13dbd87\"},\"headline\":\"Le top 3 des retraites de yoga dans le monde\",\"datePublished\":\"2023-02-24T07:02:00+00:00\",\"mainEntityOfPage\":{\"@id\":\"https:\\\/\\\/myhome.at\\\/fr\\\/le-top-3-des-retraites-de-yoga-dans-le-monde\\\/\"},\"wordCount\":754,\"publisher\":{\"@id\":\"https:\\\/\\\/myhome.at\\\/fr\\\/#organization\"},\"image\":{\"@id\":\"https:\\\/\\\/myhome.at\\\/fr\\\/le-top-3-des-retraites-de-yoga-dans-le-monde\\\/#primaryimage\"},\"thumbnailUrl\":\"https:\\\/\\\/myhome.at\\\/wp-content\\\/uploads\\\/2023\\\/02\\\/SIYShalaOlivetree-scaled.jpg\",\"articleSection\":[\"En g\u00e9n\u00e9ral\",\"SANT\u00c9 &amp; BIEN-\u00caTRE\"],\"inLanguage\":\"fr-FR\"},{\"@type\":\"WebPage\",\"@id\":\"https:\\\/\\\/myhome.at\\\/fr\\\/le-top-3-des-retraites-de-yoga-dans-le-monde\\\/\",\"url\":\"https:\\\/\\\/myhome.at\\\/fr\\\/le-top-3-des-retraites-de-yoga-dans-le-monde\\\/\",\"name\":\"Le top 3 des retraites de yoga dans le monde I MYHOME.AT\",\"isPartOf\":{\"@id\":\"https:\\\/\\\/myhome.at\\\/fr\\\/#website\"},\"primaryImageOfPage\":{\"@id\":\"https:\\\/\\\/myhome.at\\\/fr\\\/le-top-3-des-retraites-de-yoga-dans-le-monde\\\/#primaryimage\"},\"image\":{\"@id\":\"https:\\\/\\\/myhome.at\\\/fr\\\/le-top-3-des-retraites-de-yoga-dans-le-monde\\\/#primaryimage\"},\"thumbnailUrl\":\"https:\\\/\\\/myhome.at\\\/wp-content\\\/uploads\\\/2023\\\/02\\\/SIYShalaOlivetree-scaled.jpg\",\"datePublished\":\"2023-02-24T07:02:00+00:00\",\"description\":\"Le top 3 des retraites de yoga dans le monde : Italie, Gr\u00e8ce ou Tha\u00eflande - les meilleures destinations pour se d\u00e9tendre le corps et l'esprit.\",\"breadcrumb\":{\"@id\":\"https:\\\/\\\/myhome.at\\\/fr\\\/le-top-3-des-retraites-de-yoga-dans-le-monde\\\/#breadcrumb\"},\"inLanguage\":\"fr-FR\",\"potentialAction\":[{\"@type\":\"ReadAction\",\"target\":[\"https:\\\/\\\/myhome.at\\\/fr\\\/le-top-3-des-retraites-de-yoga-dans-le-monde\\\/\"]}]},{\"@type\":\"ImageObject\",\"inLanguage\":\"fr-FR\",\"@id\":\"https:\\\/\\\/myhome.at\\\/fr\\\/le-top-3-des-retraites-de-yoga-dans-le-monde\\\/#primaryimage\",\"url\":\"https:\\\/\\\/myhome.at\\\/wp-content\\\/uploads\\\/2023\\\/02\\\/SIYShalaOlivetree-scaled.jpg\",\"contentUrl\":\"https:\\\/\\\/myhome.at\\\/wp-content\\\/uploads\\\/2023\\\/02\\\/SIYShalaOlivetree-scaled.jpg\",\"width\":2560,\"height\":1709},{\"@type\":\"BreadcrumbList\",\"@id\":\"https:\\\/\\\/myhome.at\\\/fr\\\/le-top-3-des-retraites-de-yoga-dans-le-monde\\\/#breadcrumb\",\"itemListElement\":[{\"@type\":\"ListItem\",\"position\":1,\"name\":\"Home\",\"item\":\"https:\\\/\\\/myhome.at\\\/fr\\\/\"},{\"@type\":\"ListItem\",\"position\":2,\"name\":\"Le top 3 des retraites de yoga dans le monde\"}]},{\"@type\":\"WebSite\",\"@id\":\"https:\\\/\\\/myhome.at\\\/fr\\\/#website\",\"url\":\"https:\\\/\\\/myhome.at\\\/fr\\\/\",\"name\":\"MYHOME BLOG\",\"description\":\"Online-Magazin f\u00fcr Wohnen &amp; Immobilien\",\"publisher\":{\"@id\":\"https:\\\/\\\/myhome.at\\\/fr\\\/#organization\"},\"potentialAction\":[{\"@type\":\"SearchAction\",\"target\":{\"@type\":\"EntryPoint\",\"urlTemplate\":\"https:\\\/\\\/myhome.at\\\/fr\\\/?s={search_term_string}\"},\"query-input\":{\"@type\":\"PropertyValueSpecification\",\"valueRequired\":true,\"valueName\":\"search_term_string\"}}],\"inLanguage\":\"fr-FR\"},{\"@type\":\"Organization\",\"@id\":\"https:\\\/\\\/myhome.at\\\/fr\\\/#organization\",\"name\":\"MYHOME BLOG\",\"alternateName\":\"MYHOME BLOG\",\"url\":\"https:\\\/\\\/myhome.at\\\/fr\\\/\",\"logo\":{\"@type\":\"ImageObject\",\"inLanguage\":\"fr-FR\",\"@id\":\"https:\\\/\\\/myhome.at\\\/fr\\\/#\\\/schema\\\/logo\\\/image\\\/\",\"url\":\"https:\\\/\\\/myhome.at\\\/wp-content\\\/uploads\\\/2023\\\/10\\\/FMH_MYHOME_ICON_RZ_RGB_696x696.png\",\"contentUrl\":\"https:\\\/\\\/myhome.at\\\/wp-content\\\/uploads\\\/2023\\\/10\\\/FMH_MYHOME_ICON_RZ_RGB_696x696.png\",\"width\":697,\"height\":697,\"caption\":\"MYHOME BLOG\"},\"image\":{\"@id\":\"https:\\\/\\\/myhome.at\\\/fr\\\/#\\\/schema\\\/logo\\\/image\\\/\"},\"sameAs\":[\"https:\\\/\\\/www.facebook.com\\\/myhome.allaboutliving\\\/\",\"https:\\\/\\\/www.instagram.com\\\/myhome_allaboutliving\\\/\",\"https:\\\/\\\/www.linkedin.com\\\/company\\\/myhome-at\\\/\"]},{\"@type\":\"Person\",\"@id\":\"https:\\\/\\\/myhome.at\\\/fr\\\/#\\\/schema\\\/person\\\/41cab007ddbb9c3fc135cac1e13dbd87\",\"name\":\"Ursula Macher\",\"image\":{\"@type\":\"ImageObject\",\"inLanguage\":\"fr-FR\",\"@id\":\"https:\\\/\\\/secure.gravatar.com\\\/avatar\\\/cf3e40835857bf5bddd3c5d9355e9cac263ca9106de970b3c37bceb4360c3b45?s=96&d=mm&r=g\",\"url\":\"https:\\\/\\\/secure.gravatar.com\\\/avatar\\\/cf3e40835857bf5bddd3c5d9355e9cac263ca9106de970b3c37bceb4360c3b45?s=96&d=mm&r=g\",\"contentUrl\":\"https:\\\/\\\/secure.gravatar.com\\\/avatar\\\/cf3e40835857bf5bddd3c5d9355e9cac263ca9106de970b3c37bceb4360c3b45?s=96&d=mm&r=g\",\"caption\":\"Ursula Macher\"},\"url\":\"https:\\\/\\\/myhome.at\\\/fr\\\/author\\\/umacher\\\/\"}]}<\/script>\n<!-- \/ Yoast SEO Premium plugin. -->","yoast_head_json":{"title":"Le top 3 des retraites de yoga dans le monde I MYHOME.AT","description":"Le top 3 des retraites de yoga dans le monde : Italie, Gr\u00e8ce ou Tha\u00eflande - les meilleures destinations pour se d\u00e9tendre le corps et l'esprit.","robots":{"index":"index","follow":"follow","max-snippet":"max-snippet:-1","max-image-preview":"max-image-preview:large","max-video-preview":"max-video-preview:-1"},"canonical":"https:\/\/myhome.at\/fr\/le-top-3-des-retraites-de-yoga-dans-le-monde\/","og_locale":"fr_FR","og_type":"article","og_title":"MYHOME.AT I Le top 3 des retraites de yoga dans le monde","og_description":"Le top 3 des retraites de yoga dans le monde : Italie, Gr\u00e8ce ou Tha\u00eflande - les meilleures destinations pour se d\u00e9tendre le corps et l'esprit.","og_url":"https:\/\/myhome.at\/fr\/le-top-3-des-retraites-de-yoga-dans-le-monde\/","og_site_name":"MYHOME.AT","article_publisher":"https:\/\/www.facebook.com\/myhome.allaboutliving\/","article_published_time":"2023-02-24T07:02:00+00:00","og_image":[{"width":2560,"height":1709,"url":"https:\/\/myhome.at\/wp-content\/uploads\/2023\/02\/SIYShalaOlivetree-scaled.jpg","type":"image\/jpeg"}],"author":"Ursula Macher","twitter_card":"summary_large_image","twitter_misc":{"\u00c9crit par":"Ursula Macher","Dur\u00e9e de lecture estim\u00e9e":"4 minutes"},"schema":{"@context":"https:\/\/schema.org","@graph":[{"@type":"Article","@id":"https:\/\/myhome.at\/fr\/le-top-3-des-retraites-de-yoga-dans-le-monde\/#article","isPartOf":{"@id":"https:\/\/myhome.at\/fr\/le-top-3-des-retraites-de-yoga-dans-le-monde\/"},"author":{"name":"Ursula Macher","@id":"https:\/\/myhome.at\/fr\/#\/schema\/person\/41cab007ddbb9c3fc135cac1e13dbd87"},"headline":"Le top 3 des retraites de yoga dans le monde","datePublished":"2023-02-24T07:02:00+00:00","mainEntityOfPage":{"@id":"https:\/\/myhome.at\/fr\/le-top-3-des-retraites-de-yoga-dans-le-monde\/"},"wordCount":754,"publisher":{"@id":"https:\/\/myhome.at\/fr\/#organization"},"image":{"@id":"https:\/\/myhome.at\/fr\/le-top-3-des-retraites-de-yoga-dans-le-monde\/#primaryimage"},"thumbnailUrl":"https:\/\/myhome.at\/wp-content\/uploads\/2023\/02\/SIYShalaOlivetree-scaled.jpg","articleSection":["En g\u00e9n\u00e9ral","SANT\u00c9 &amp; BIEN-\u00caTRE"],"inLanguage":"fr-FR"},{"@type":"WebPage","@id":"https:\/\/myhome.at\/fr\/le-top-3-des-retraites-de-yoga-dans-le-monde\/","url":"https:\/\/myhome.at\/fr\/le-top-3-des-retraites-de-yoga-dans-le-monde\/","name":"Le top 3 des retraites de yoga dans le monde I MYHOME.AT","isPartOf":{"@id":"https:\/\/myhome.at\/fr\/#website"},"primaryImageOfPage":{"@id":"https:\/\/myhome.at\/fr\/le-top-3-des-retraites-de-yoga-dans-le-monde\/#primaryimage"},"image":{"@id":"https:\/\/myhome.at\/fr\/le-top-3-des-retraites-de-yoga-dans-le-monde\/#primaryimage"},"thumbnailUrl":"https:\/\/myhome.at\/wp-content\/uploads\/2023\/02\/SIYShalaOlivetree-scaled.jpg","datePublished":"2023-02-24T07:02:00+00:00","description":"Le top 3 des retraites de yoga dans le monde : Italie, Gr\u00e8ce ou Tha\u00eflande - les meilleures destinations pour se d\u00e9tendre le corps et l'esprit.","breadcrumb":{"@id":"https:\/\/myhome.at\/fr\/le-top-3-des-retraites-de-yoga-dans-le-monde\/#breadcrumb"},"inLanguage":"fr-FR","potentialAction":[{"@type":"ReadAction","target":["https:\/\/myhome.at\/fr\/le-top-3-des-retraites-de-yoga-dans-le-monde\/"]}]},{"@type":"ImageObject","inLanguage":"fr-FR","@id":"https:\/\/myhome.at\/fr\/le-top-3-des-retraites-de-yoga-dans-le-monde\/#primaryimage","url":"https:\/\/myhome.at\/wp-content\/uploads\/2023\/02\/SIYShalaOlivetree-scaled.jpg","contentUrl":"https:\/\/myhome.at\/wp-content\/uploads\/2023\/02\/SIYShalaOlivetree-scaled.jpg","width":2560,"height":1709},{"@type":"BreadcrumbList","@id":"https:\/\/myhome.at\/fr\/le-top-3-des-retraites-de-yoga-dans-le-monde\/#breadcrumb","itemListElement":[{"@type":"ListItem","position":1,"name":"Home","item":"https:\/\/myhome.at\/fr\/"},{"@type":"ListItem","position":2,"name":"Le top 3 des retraites de yoga dans le monde"}]},{"@type":"WebSite","@id":"https:\/\/myhome.at\/fr\/#website","url":"https:\/\/myhome.at\/fr\/","name":"MYHOME BLOG","description":"Online-Magazin f\u00fcr Wohnen &amp; Immobilien","publisher":{"@id":"https:\/\/myhome.at\/fr\/#organization"},"potentialAction":[{"@type":"SearchAction","target":{"@type":"EntryPoint","urlTemplate":"https:\/\/myhome.at\/fr\/?s={search_term_string}"},"query-input":{"@type":"PropertyValueSpecification","valueRequired":true,"valueName":"search_term_string"}}],"inLanguage":"fr-FR"},{"@type":"Organization","@id":"https:\/\/myhome.at\/fr\/#organization","name":"MYHOME BLOG","alternateName":"MYHOME BLOG","url":"https:\/\/myhome.at\/fr\/","logo":{"@type":"ImageObject","inLanguage":"fr-FR","@id":"https:\/\/myhome.at\/fr\/#\/schema\/logo\/image\/","url":"https:\/\/myhome.at\/wp-content\/uploads\/2023\/10\/FMH_MYHOME_ICON_RZ_RGB_696x696.png","contentUrl":"https:\/\/myhome.at\/wp-content\/uploads\/2023\/10\/FMH_MYHOME_ICON_RZ_RGB_696x696.png","width":697,"height":697,"caption":"MYHOME BLOG"},"image":{"@id":"https:\/\/myhome.at\/fr\/#\/schema\/logo\/image\/"},"sameAs":["https:\/\/www.facebook.com\/myhome.allaboutliving\/","https:\/\/www.instagram.com\/myhome_allaboutliving\/","https:\/\/www.linkedin.com\/company\/myhome-at\/"]},{"@type":"Person","@id":"https:\/\/myhome.at\/fr\/#\/schema\/person\/41cab007ddbb9c3fc135cac1e13dbd87","name":"Ursula Macher","image":{"@type":"ImageObject","inLanguage":"fr-FR","@id":"https:\/\/secure.gravatar.com\/avatar\/cf3e40835857bf5bddd3c5d9355e9cac263ca9106de970b3c37bceb4360c3b45?s=96&d=mm&r=g","url":"https:\/\/secure.gravatar.com\/avatar\/cf3e40835857bf5bddd3c5d9355e9cac263ca9106de970b3c37bceb4360c3b45?s=96&d=mm&r=g","contentUrl":"https:\/\/secure.gravatar.com\/avatar\/cf3e40835857bf5bddd3c5d9355e9cac263ca9106de970b3c37bceb4360c3b45?s=96&d=mm&r=g","caption":"Ursula Macher"},"url":"https:\/\/myhome.at\/fr\/author\/umacher\/"}]}},"_links":{"self":[{"href":"https:\/\/myhome.at\/fr\/wp-json\/wp\/v2\/posts\/7882","targetHints":{"allow":["GET"]}}],"collection":[{"href":"https:\/\/myhome.at\/fr\/wp-json\/wp\/v2\/posts"}],"about":[{"href":"https:\/\/myhome.at\/fr\/wp-json\/wp\/v2\/types\/post"}],"author":[{"embeddable":true,"href":"https:\/\/myhome.at\/fr\/wp-json\/wp\/v2\/users\/5"}],"replies":[{"embeddable":true,"href":"https:\/\/myhome.at\/fr\/wp-json\/wp\/v2\/comments?post=7882"}],"version-history":[{"count":1,"href":"https:\/\/myhome.at\/fr\/wp-json\/wp\/v2\/posts\/7882\/revisions"}],"predecessor-version":[{"id":7883,"href":"https:\/\/myhome.at\/fr\/wp-json\/wp\/v2\/posts\/7882\/revisions\/7883"}],"wp:featuredmedia":[{"embeddable":true,"href":"https:\/\/myhome.at\/fr\/wp-json\/wp\/v2\/media\/7878"}],"wp:attachment":[{"href":"https:\/\/myhome.at\/fr\/wp-json\/wp\/v2\/media?parent=7882"}],"wp:term":[{"taxonomy":"category","embeddable":true,"href":"https:\/\/myhome.at\/fr\/wp-json\/wp\/v2\/categories?post=7882"},{"taxonomy":"post_tag","embeddable":true,"href":"https:\/\/myhome.at\/fr\/wp-json\/wp\/v2\/tags?post=7882"}],"curies":[{"name":"wp","href":"https:\/\/api.w.org\/{rel}","templated":true}]}}