{"id":36760,"date":"2026-09-03T04:57:00","date_gmt":"2026-09-03T02:57:00","guid":{"rendered":"https:\/\/myhome.at\/?p=36760"},"modified":"2026-08-20T19:36:33","modified_gmt":"2026-08-20T17:36:33","slug":"cultiver-des-legumes-dhiver-ce-quil-faut-planter-maintenant","status":"publish","type":"post","link":"https:\/\/myhome.at\/fr\/cultiver-des-legumes-dhiver-ce-quil-faut-planter-maintenant\/","title":{"rendered":"Cultiver des l\u00e9gumes d&rsquo;hiver : ce qu&rsquo;il faut planter maintenant"},"content":{"rendered":"\n<p class=\"wp-block-paragraph\">De nombreux potagers restent vides apr\u00e8s la r\u00e9colte, dans l&rsquo;attente d&rsquo;\u00eatre \u00e0 nouveau entretenus et cultiv\u00e9s au printemps prochain. Pourtant, cette pause hivernale n&rsquo;est pas forc\u00e9ment n\u00e9cessaire. En effet, il existe une grande vari\u00e9t\u00e9 de l\u00e9gumes d&rsquo;hiver qui r\u00e9sistent au gel. Gr\u00e2ce \u00e0 eux, il est possible de r\u00e9colter, m\u00eame pendant la saison froide, de pr\u00e9cieuses sources de vitamines dans les plates-bandes et les potagers sur\u00e9lev\u00e9s \u2013 et ce, sans serre.  <\/p>\n\n<h2 id=\"h-welches-wintergemuse-kann-jetzt-angebaut-werden\" class=\"wp-block-heading\"><strong>Quels l\u00e9gumes d&rsquo;hiver peut-on cultiver en ce moment ?<\/strong><\/h2>\n\n<p class=\"wp-block-paragraph\">Si vous souhaitez vous assurer d\u00e8s maintenant un approvisionnement en l\u00e9gumes d&rsquo;hiver issus de votre propre culture, vous devriez opter pour des vari\u00e9t\u00e9s \u00e0 croissance rapide. C&rsquo;est le seul moyen de garantir qu&rsquo;elles auront achev\u00e9 leur d\u00e9veloppement avant les premi\u00e8res gel\u00e9es et qu&rsquo;elles pourront ainsi \u00eatre r\u00e9colt\u00e9es en hiver. Il convient donc de planter d\u00e8s maintenant, dans les plates-bandes ou les potagers sur\u00e9lev\u00e9s, par exemple de la roquette, de la m\u00e2che, du pourpier d\u2019hiver, du cresson d\u2019hiver, de la salade \u00e0 couper, des endives et de la chicor\u00e9e, ainsi que des \u00e9pinards d\u2019hiver, des salades asiatiques ou des radis \u00e0 croissance rapide.<\/p>\n\n<p class=\"wp-block-paragraph\">Mais ceux qui le souhaitent peuvent d\u00e8s \u00e0 pr\u00e9sent pr\u00e9parer le terrain pour la premi\u00e8re r\u00e9colte du printemps prochain : la ciboulette, diff\u00e9rentes vari\u00e9t\u00e9s d&rsquo;oignons ou l&rsquo;ail d&rsquo;hiver supportent bien la neige et le froid et peuvent donc \u00e9galement \u00eatre plant\u00e9s en pleine terre.<\/p>\n\n<h2 id=\"h-wann-sollte-wintergemuse-angebaut-werden\" class=\"wp-block-heading\"><strong>Quand faut-il cultiver les l\u00e9gumes d&rsquo;hiver ?<\/strong><\/h2>\n\n<p class=\"wp-block-paragraph\">Les l\u00e9gumes destin\u00e9s \u00e0 \u00eatre consomm\u00e9s en hiver doivent \u00eatre plant\u00e9s en terre bien avant les premi\u00e8res gel\u00e9es. Sous nos latitudes, septembre est donc la date limite pour planter les l\u00e9gumes d&rsquo;hiver. C&rsquo;est seulement ainsi qu&rsquo;on peut g\u00e9n\u00e9ralement s&rsquo;assurer que les l\u00e9gumes d&rsquo;hiver seront pr\u00eats \u00e0 \u00eatre r\u00e9colt\u00e9s avant l&rsquo;arriv\u00e9e du froid. D&rsquo;une part, les plantes cessent en effet de pousser lorsque les temp\u00e9ratures sont basses et que l&rsquo;ensoleillement est faible ; d&rsquo;autre part, les plantes qui ne sont pas encore m\u00fbres ne disposent pas de la r\u00e9sistance au froid n\u00e9cessaire.<\/p>\n\n<figure class=\"wp-block-image size-large\"><img decoding=\"async\" width=\"1024\" height=\"683\" src=\"https:\/\/myhome.at\/wp-content\/uploads\/2026\/09\/Gemuese-_pexels-helenalopes-27176773-1024x683.jpg\" alt=\"Cultiver des l&#xE9;gumes d'hiver\" class=\"wp-image-36627\" srcset=\"https:\/\/myhome.at\/wp-content\/uploads\/2026\/09\/Gemuese-_pexels-helenalopes-27176773-1024x683.jpg 1024w, https:\/\/myhome.at\/wp-content\/uploads\/2026\/09\/Gemuese-_pexels-helenalopes-27176773-300x200.jpg 300w, https:\/\/myhome.at\/wp-content\/uploads\/2026\/09\/Gemuese-_pexels-helenalopes-27176773-768x512.jpg 768w, https:\/\/myhome.at\/wp-content\/uploads\/2026\/09\/Gemuese-_pexels-helenalopes-27176773-1536x1024.jpg 1536w, https:\/\/myhome.at\/wp-content\/uploads\/2026\/09\/Gemuese-_pexels-helenalopes-27176773-scaled.jpg 2048w, https:\/\/myhome.at\/wp-content\/uploads\/2026\/09\/Gemuese-_pexels-helenalopes-27176773-830x553.jpg 830w, https:\/\/myhome.at\/wp-content\/uploads\/2026\/09\/Gemuese-_pexels-helenalopes-27176773-1200x800.jpg 1200w\" sizes=\"(max-width: 1024px) 100vw, 1024px\" \/><figcaption class=\"wp-element-caption\">Cultiver des l\u00e9gumes d&rsquo;hiver : les l\u00e9gumes destin\u00e9s \u00e0 \u00eatre consomm\u00e9s en hiver doivent \u00eatre mis en terre suffisamment t\u00f4t, avant les premi\u00e8res gel\u00e9es.<\/figcaption><\/figure>\n\n<h2 id=\"h-wie-wird-wintergemuse-gepflegt\" class=\"wp-block-heading\"><strong>Comment entretenir les l\u00e9gumes d&rsquo;hiver ?<\/strong><\/h2>\n\n<p class=\"wp-block-paragraph\">Les l\u00e9gumes d&rsquo;hiver sont peu exigeants et ne n\u00e9cessitent pas beaucoup d&rsquo;entretien. Les plantes n&rsquo;ont d\u00e9sormais besoin ni d&rsquo;engrais ni de produits phytosanitaires : en effet, les ravageurs pr\u00e9sents en \u00e9t\u00e9 disparaissent pendant la saison froide. Il suffit donc d&rsquo;enrichir la plate-bande apr\u00e8s la r\u00e9colte estivale avec un peu de terre fra\u00eeche ou de compost m\u00fbr. Il est toutefois recommand\u00e9 de recouvrir la plate-bande d&rsquo;une couche de paillis compos\u00e9e de paille ou de feuilles. Cela permet au sol de rester chaud plus longtemps, ce qui prot\u00e8ge mieux les racines et am\u00e9liore les conditions de croissance. Les l\u00e9gumes d\u2019hiver poussent particuli\u00e8rement bien dans une plate-bande sur\u00e9lev\u00e9e, car les processus de d\u00e9composition \u00e0 l\u2019int\u00e9rieur g\u00e9n\u00e8rent de la chaleur.<\/p>\n\n<p class=\"wp-block-paragraph\">\u00c0 propos de chaleur : une toile de protection contre le froid ou une couverture pour semis permettent \u00e9galement de conserver plus longtemps la chaleur dans le parterre. Si vous optez pour cette derni\u00e8re solution, n&rsquo;oubliez pas de l&rsquo;a\u00e9rer les jours ensoleill\u00e9s !<\/p>\n\n<h2 id=\"h-kann-auch-anderes-gemuse-den-winter-uber-im-beet-bleiben\" class=\"wp-block-heading\"><strong>D&rsquo;autres l\u00e9gumes peuvent-ils \u00e9galement rester en pleine terre pendant l&rsquo;hiver ?<\/strong><\/h2>\n\n<p class=\"wp-block-paragraph\">Il existe \u00e9galement d&rsquo;autres vari\u00e9t\u00e9s de l\u00e9gumes qui ne doivent pas n\u00e9cessairement \u00eatre arrach\u00e9es \u00e0 la fin de l&rsquo;\u00e9t\u00e9 ou \u00e0 l&rsquo;automne pour \u00eatre conserv\u00e9es \u00e0 l&rsquo;int\u00e9rieur. Parmi les l\u00e9gumes qui supportent bien la neige et le froid et qui peuvent donc \u00eatre r\u00e9colt\u00e9s tout au long de l&rsquo;hiver, on trouve par exemple le radicchio, les bettes,<\/p>\n\n<p class=\"wp-block-paragraph\">Chou fris\u00e9, panais, choux de Bruxelles, oignons, poireaux, radis, choux-raves, rutabagas ou salsifis. Les betteraves rouges supportent \u00e9galement les gel\u00e9es l\u00e9g\u00e8res, mais doivent \u00eatre prot\u00e9g\u00e9es en cas de gel\u00e9es fortes ou de gel persistant.<\/p>\n\n<h2 id=\"h-wintergemuse-anbauen-unsere-tipps\" class=\"wp-block-heading\"><strong>Cultiver des l\u00e9gumes d&rsquo;hiver : nos conseils<\/strong><\/h2>\n\n<ul class=\"wp-block-list\">\n<li>Veillez \u00e9galement, lors de la culture des l\u00e9gumes d&rsquo;hiver, \u00e0 respecter la rotation des cultures et \u00e0 ne combiner que des vari\u00e9t\u00e9s qui s&rsquo;accordent bien entre elles !<\/li>\n\n\n\n<li>En cas d&rsquo;absence prolong\u00e9e de pluie ou de neige, les plantes appr\u00e9cieront un peu d&rsquo;eau les jours sans gel.<\/li>\n\n\n\n<li>Ne r\u00e9coltez les l\u00e9gumes d&rsquo;hiver que s&rsquo;ils n&rsquo;ont pas gel\u00e9.<\/li>\n\n\n\n<li>M\u00eame sur un balcon, vous pouvez vous approvisionner en l\u00e9gumes frais en hiver. Le plus important est de bien isoler les pots dans lesquels poussent la salade et autres l\u00e9gumes. En effet, m\u00eame les plantes g\u00e9n\u00e9ralement r\u00e9sistantes au froid ne supportent pas que la terre, et donc les racines, g\u00e8lent dans les pots. <\/li>\n<\/ul>\n\n<hr class=\"wp-block-separator has-alpha-channel-opacity\"\/>\n\n<h2 id=\"h-ahnliche-beitrage\" class=\"wp-block-heading\"><strong>Articles similaires :<\/strong><\/h2>\n\n<p class=\"wp-block-paragraph\"><a href=\"https:\/\/myhome.at\/fr\/legumes-resistants-a-la-chaleur-pour-le-jardin-et-les-potagers-sureleves\/\" data-type=\"post\" data-id=\"34442\">L\u00e9gumes r\u00e9sistants \u00e0 la chaleur pour le jardin et les potagers sur\u00e9lev\u00e9s<\/a><\/p>\n\n<p class=\"wp-block-paragraph\"><a href=\"https:\/\/myhome.at\/fr\/le-bonheur-vert-en-hiver-le-jardinage-urbain-en-hiver\/\">Le bonheur vert de l&rsquo;hiver : le jardinage urbain en hiver<\/a><\/p>\n\n<p class=\"wp-block-paragraph\"><a href=\"https:\/\/myhome.at\/fr\/que-peut-faire-une-serre-en-hiver\/\" data-type=\"post\" data-id=\"29119\">Que peut-on faire avec une serre en hiver ? <\/a><\/p>\n","protected":false},"excerpt":{"rendered":"<p>De nombreux potagers restent vides apr\u00e8s la r\u00e9colte, dans l&rsquo;attente d&rsquo;\u00eatre \u00e0 nouveau entretenus et cultiv\u00e9s au printemps prochain. Pourtant, cette pause hivernale n&rsquo;est pas forc\u00e9ment n\u00e9cessaire. En effet, il existe une grande vari\u00e9t\u00e9 de l\u00e9gumes d&rsquo;hiver qui r\u00e9sistent au gel. Gr\u00e2ce \u00e0 eux, il est possible de r\u00e9colter, m\u00eame pendant la saison froide, de &hellip;<\/p>\n","protected":false},"author":12,"featured_media":36759,"comment_status":"closed","ping_status":"open","sticky":false,"template":"","format":"standard","meta":{"footnotes":""},"categories":[2730,2112],"tags":[],"class_list":["post-36760","post","type-post","status-publish","format-standard","has-post-thumbnail","hentry","category-balcon-jardin","category-exterieur-jardin"],"yoast_head":"<!-- This site is optimized with the Yoast SEO Premium plugin v28.3 (Yoast SEO v28.3) - https:\/\/yoast.com\/product\/yoast-seo-premium-wordpress\/ -->\n<title>Cultiver des l\u00e9gumes d&#039;hiver : ce qu&#039;il faut planter maintenant I MYHOME.AT<\/title>\n<meta name=\"description\" content=\"Cultiver des l\u00e9gumes d&#039;hiver : quels l\u00e9gumes peut-on cultiver en ce moment ? Comment entretenir les l\u00e9gumes d&#039;hiver ? Nous avons tous les conseils qu&#039;il vous faut !\" \/>\n<meta name=\"robots\" content=\"index, follow, max-snippet:-1, max-image-preview:large, max-video-preview:-1\" \/>\n<link rel=\"canonical\" href=\"https:\/\/myhome.at\/fr\/cultiver-des-legumes-dhiver-ce-quil-faut-planter-maintenant\/\" \/>\n<meta property=\"og:locale\" content=\"fr_FR\" \/>\n<meta property=\"og:type\" content=\"article\" \/>\n<meta property=\"og:title\" content=\"MYHOME.AT I Cultiver des l\u00e9gumes d&#039;hiver : ce qu&#039;il faut planter maintenant\" \/>\n<meta property=\"og:description\" content=\"Cultiver des l\u00e9gumes d&#039;hiver : quels l\u00e9gumes peut-on cultiver en ce moment ? Comment entretenir les l\u00e9gumes d&#039;hiver ? Nous avons tous les conseils qu&#039;il vous faut !\" \/>\n<meta property=\"og:url\" content=\"https:\/\/myhome.at\/fr\/cultiver-des-legumes-dhiver-ce-quil-faut-planter-maintenant\/\" \/>\n<meta property=\"og:site_name\" content=\"MYHOME.AT\" \/>\n<meta property=\"article:publisher\" content=\"https:\/\/www.facebook.com\/myhome.allaboutliving\/\" \/>\n<meta property=\"article:published_time\" content=\"2026-09-03T02:57:00+00:00\" \/>\n<meta property=\"og:image\" content=\"https:\/\/myhome.at\/wp-content\/uploads\/2026\/09\/Aufmacherfoto_anastasia-pixner-cPUcFcQG2fc-unsplash-scaled.jpg\" \/>\n\t<meta property=\"og:image:width\" content=\"2048\" \/>\n\t<meta property=\"og:image:height\" content=\"1536\" \/>\n\t<meta property=\"og:image:type\" content=\"image\/jpeg\" \/>\n<meta name=\"author\" content=\"Ursula Rischanek\" \/>\n<meta name=\"twitter:card\" content=\"summary_large_image\" \/>\n<meta name=\"twitter:label1\" content=\"\u00c9crit par\" \/>\n\t<meta name=\"twitter:data1\" content=\"Ursula Rischanek\" \/>\n\t<meta name=\"twitter:label2\" content=\"Dur\u00e9e de lecture estim\u00e9e\" \/>\n\t<meta name=\"twitter:data2\" content=\"4 minutes\" \/>\n<script type=\"application\/ld+json\" class=\"yoast-schema-graph\">{\"@context\":\"https:\\\/\\\/schema.org\",\"@graph\":[{\"@type\":\"Article\",\"@id\":\"https:\\\/\\\/myhome.at\\\/fr\\\/cultiver-des-legumes-dhiver-ce-quil-faut-planter-maintenant\\\/#article\",\"isPartOf\":{\"@id\":\"https:\\\/\\\/myhome.at\\\/fr\\\/cultiver-des-legumes-dhiver-ce-quil-faut-planter-maintenant\\\/\"},\"author\":{\"name\":\"Ursula Rischanek\",\"@id\":\"https:\\\/\\\/myhome.at\\\/fr\\\/#\\\/schema\\\/person\\\/89f10eea631b3fa55e8e75c398516a26\"},\"headline\":\"Cultiver des l\u00e9gumes d&rsquo;hiver : ce qu&rsquo;il faut planter maintenant\",\"datePublished\":\"2026-09-03T02:57:00+00:00\",\"mainEntityOfPage\":{\"@id\":\"https:\\\/\\\/myhome.at\\\/fr\\\/cultiver-des-legumes-dhiver-ce-quil-faut-planter-maintenant\\\/\"},\"wordCount\":923,\"publisher\":{\"@id\":\"https:\\\/\\\/myhome.at\\\/fr\\\/#organization\"},\"image\":{\"@id\":\"https:\\\/\\\/myhome.at\\\/fr\\\/cultiver-des-legumes-dhiver-ce-quil-faut-planter-maintenant\\\/#primaryimage\"},\"thumbnailUrl\":\"https:\\\/\\\/myhome.at\\\/wp-content\\\/uploads\\\/2026\\\/09\\\/Aufmacherfoto_anastasia-pixner-cPUcFcQG2fc-unsplash-scaled.jpg\",\"articleSection\":[\"BALCON ET JARDIN\",\"EXT\u00c9RIEUR &amp; JARDIN\"],\"inLanguage\":\"fr-FR\"},{\"@type\":\"WebPage\",\"@id\":\"https:\\\/\\\/myhome.at\\\/fr\\\/cultiver-des-legumes-dhiver-ce-quil-faut-planter-maintenant\\\/\",\"url\":\"https:\\\/\\\/myhome.at\\\/fr\\\/cultiver-des-legumes-dhiver-ce-quil-faut-planter-maintenant\\\/\",\"name\":\"Cultiver des l\u00e9gumes d'hiver : ce qu'il faut planter maintenant I MYHOME.AT\",\"isPartOf\":{\"@id\":\"https:\\\/\\\/myhome.at\\\/fr\\\/#website\"},\"primaryImageOfPage\":{\"@id\":\"https:\\\/\\\/myhome.at\\\/fr\\\/cultiver-des-legumes-dhiver-ce-quil-faut-planter-maintenant\\\/#primaryimage\"},\"image\":{\"@id\":\"https:\\\/\\\/myhome.at\\\/fr\\\/cultiver-des-legumes-dhiver-ce-quil-faut-planter-maintenant\\\/#primaryimage\"},\"thumbnailUrl\":\"https:\\\/\\\/myhome.at\\\/wp-content\\\/uploads\\\/2026\\\/09\\\/Aufmacherfoto_anastasia-pixner-cPUcFcQG2fc-unsplash-scaled.jpg\",\"datePublished\":\"2026-09-03T02:57:00+00:00\",\"description\":\"Cultiver des l\u00e9gumes d'hiver : quels l\u00e9gumes peut-on cultiver en ce moment ? Comment entretenir les l\u00e9gumes d'hiver ? Nous avons tous les conseils qu'il vous faut !\",\"breadcrumb\":{\"@id\":\"https:\\\/\\\/myhome.at\\\/fr\\\/cultiver-des-legumes-dhiver-ce-quil-faut-planter-maintenant\\\/#breadcrumb\"},\"inLanguage\":\"fr-FR\",\"potentialAction\":[{\"@type\":\"ReadAction\",\"target\":[\"https:\\\/\\\/myhome.at\\\/fr\\\/cultiver-des-legumes-dhiver-ce-quil-faut-planter-maintenant\\\/\"]}]},{\"@type\":\"ImageObject\",\"inLanguage\":\"fr-FR\",\"@id\":\"https:\\\/\\\/myhome.at\\\/fr\\\/cultiver-des-legumes-dhiver-ce-quil-faut-planter-maintenant\\\/#primaryimage\",\"url\":\"https:\\\/\\\/myhome.at\\\/wp-content\\\/uploads\\\/2026\\\/09\\\/Aufmacherfoto_anastasia-pixner-cPUcFcQG2fc-unsplash-scaled.jpg\",\"contentUrl\":\"https:\\\/\\\/myhome.at\\\/wp-content\\\/uploads\\\/2026\\\/09\\\/Aufmacherfoto_anastasia-pixner-cPUcFcQG2fc-unsplash-scaled.jpg\",\"width\":2048,\"height\":1536},{\"@type\":\"BreadcrumbList\",\"@id\":\"https:\\\/\\\/myhome.at\\\/fr\\\/cultiver-des-legumes-dhiver-ce-quil-faut-planter-maintenant\\\/#breadcrumb\",\"itemListElement\":[{\"@type\":\"ListItem\",\"position\":1,\"name\":\"Home\",\"item\":\"https:\\\/\\\/myhome.at\\\/fr\\\/\"},{\"@type\":\"ListItem\",\"position\":2,\"name\":\"Cultiver des l\u00e9gumes d&#8217;hiver : ce qu&#8217;il faut planter maintenant\"}]},{\"@type\":\"WebSite\",\"@id\":\"https:\\\/\\\/myhome.at\\\/fr\\\/#website\",\"url\":\"https:\\\/\\\/myhome.at\\\/fr\\\/\",\"name\":\"MYHOME BLOG\",\"description\":\"Online-Magazin f\u00fcr Wohnen &amp; Immobilien\",\"publisher\":{\"@id\":\"https:\\\/\\\/myhome.at\\\/fr\\\/#organization\"},\"potentialAction\":[{\"@type\":\"SearchAction\",\"target\":{\"@type\":\"EntryPoint\",\"urlTemplate\":\"https:\\\/\\\/myhome.at\\\/fr\\\/?s={search_term_string}\"},\"query-input\":{\"@type\":\"PropertyValueSpecification\",\"valueRequired\":true,\"valueName\":\"search_term_string\"}}],\"inLanguage\":\"fr-FR\"},{\"@type\":\"Organization\",\"@id\":\"https:\\\/\\\/myhome.at\\\/fr\\\/#organization\",\"name\":\"MYHOME BLOG\",\"alternateName\":\"MYHOME BLOG\",\"url\":\"https:\\\/\\\/myhome.at\\\/fr\\\/\",\"logo\":{\"@type\":\"ImageObject\",\"inLanguage\":\"fr-FR\",\"@id\":\"https:\\\/\\\/myhome.at\\\/fr\\\/#\\\/schema\\\/logo\\\/image\\\/\",\"url\":\"https:\\\/\\\/myhome.at\\\/wp-content\\\/uploads\\\/2023\\\/10\\\/FMH_MYHOME_ICON_RZ_RGB_696x696.png\",\"contentUrl\":\"https:\\\/\\\/myhome.at\\\/wp-content\\\/uploads\\\/2023\\\/10\\\/FMH_MYHOME_ICON_RZ_RGB_696x696.png\",\"width\":697,\"height\":697,\"caption\":\"MYHOME BLOG\"},\"image\":{\"@id\":\"https:\\\/\\\/myhome.at\\\/fr\\\/#\\\/schema\\\/logo\\\/image\\\/\"},\"sameAs\":[\"https:\\\/\\\/www.facebook.com\\\/myhome.allaboutliving\\\/\",\"https:\\\/\\\/www.instagram.com\\\/myhome_allaboutliving\\\/\",\"https:\\\/\\\/www.linkedin.com\\\/company\\\/myhome-at\\\/\"]},{\"@type\":\"Person\",\"@id\":\"https:\\\/\\\/myhome.at\\\/fr\\\/#\\\/schema\\\/person\\\/89f10eea631b3fa55e8e75c398516a26\",\"name\":\"Ursula Rischanek\",\"image\":{\"@type\":\"ImageObject\",\"inLanguage\":\"fr-FR\",\"@id\":\"https:\\\/\\\/secure.gravatar.com\\\/avatar\\\/0faeec49ad0724fc92faf33d8f23e38ba17caea4b5ae0654b3f6935aa17455f5?s=96&d=mm&r=g\",\"url\":\"https:\\\/\\\/secure.gravatar.com\\\/avatar\\\/0faeec49ad0724fc92faf33d8f23e38ba17caea4b5ae0654b3f6935aa17455f5?s=96&d=mm&r=g\",\"contentUrl\":\"https:\\\/\\\/secure.gravatar.com\\\/avatar\\\/0faeec49ad0724fc92faf33d8f23e38ba17caea4b5ae0654b3f6935aa17455f5?s=96&d=mm&r=g\",\"caption\":\"Ursula Rischanek\"},\"url\":\"https:\\\/\\\/myhome.at\\\/fr\\\/author\\\/urischanek\\\/\"}]}<\/script>\n<!-- \/ Yoast SEO Premium plugin. -->","yoast_head_json":{"title":"Cultiver des l\u00e9gumes d'hiver : ce qu'il faut planter maintenant I MYHOME.AT","description":"Cultiver des l\u00e9gumes d'hiver : quels l\u00e9gumes peut-on cultiver en ce moment ? Comment entretenir les l\u00e9gumes d'hiver ? Nous avons tous les conseils qu'il vous faut !","robots":{"index":"index","follow":"follow","max-snippet":"max-snippet:-1","max-image-preview":"max-image-preview:large","max-video-preview":"max-video-preview:-1"},"canonical":"https:\/\/myhome.at\/fr\/cultiver-des-legumes-dhiver-ce-quil-faut-planter-maintenant\/","og_locale":"fr_FR","og_type":"article","og_title":"MYHOME.AT I Cultiver des l\u00e9gumes d'hiver : ce qu'il faut planter maintenant","og_description":"Cultiver des l\u00e9gumes d'hiver : quels l\u00e9gumes peut-on cultiver en ce moment ? Comment entretenir les l\u00e9gumes d'hiver ? Nous avons tous les conseils qu'il vous faut !","og_url":"https:\/\/myhome.at\/fr\/cultiver-des-legumes-dhiver-ce-quil-faut-planter-maintenant\/","og_site_name":"MYHOME.AT","article_publisher":"https:\/\/www.facebook.com\/myhome.allaboutliving\/","article_published_time":"2026-09-03T02:57:00+00:00","og_image":[{"width":2048,"height":1536,"url":"https:\/\/myhome.at\/wp-content\/uploads\/2026\/09\/Aufmacherfoto_anastasia-pixner-cPUcFcQG2fc-unsplash-scaled.jpg","type":"image\/jpeg"}],"author":"Ursula Rischanek","twitter_card":"summary_large_image","twitter_misc":{"\u00c9crit par":"Ursula Rischanek","Dur\u00e9e de lecture estim\u00e9e":"4 minutes"},"schema":{"@context":"https:\/\/schema.org","@graph":[{"@type":"Article","@id":"https:\/\/myhome.at\/fr\/cultiver-des-legumes-dhiver-ce-quil-faut-planter-maintenant\/#article","isPartOf":{"@id":"https:\/\/myhome.at\/fr\/cultiver-des-legumes-dhiver-ce-quil-faut-planter-maintenant\/"},"author":{"name":"Ursula Rischanek","@id":"https:\/\/myhome.at\/fr\/#\/schema\/person\/89f10eea631b3fa55e8e75c398516a26"},"headline":"Cultiver des l\u00e9gumes d&rsquo;hiver : ce qu&rsquo;il faut planter maintenant","datePublished":"2026-09-03T02:57:00+00:00","mainEntityOfPage":{"@id":"https:\/\/myhome.at\/fr\/cultiver-des-legumes-dhiver-ce-quil-faut-planter-maintenant\/"},"wordCount":923,"publisher":{"@id":"https:\/\/myhome.at\/fr\/#organization"},"image":{"@id":"https:\/\/myhome.at\/fr\/cultiver-des-legumes-dhiver-ce-quil-faut-planter-maintenant\/#primaryimage"},"thumbnailUrl":"https:\/\/myhome.at\/wp-content\/uploads\/2026\/09\/Aufmacherfoto_anastasia-pixner-cPUcFcQG2fc-unsplash-scaled.jpg","articleSection":["BALCON ET JARDIN","EXT\u00c9RIEUR &amp; JARDIN"],"inLanguage":"fr-FR"},{"@type":"WebPage","@id":"https:\/\/myhome.at\/fr\/cultiver-des-legumes-dhiver-ce-quil-faut-planter-maintenant\/","url":"https:\/\/myhome.at\/fr\/cultiver-des-legumes-dhiver-ce-quil-faut-planter-maintenant\/","name":"Cultiver des l\u00e9gumes d'hiver : ce qu'il faut planter maintenant I MYHOME.AT","isPartOf":{"@id":"https:\/\/myhome.at\/fr\/#website"},"primaryImageOfPage":{"@id":"https:\/\/myhome.at\/fr\/cultiver-des-legumes-dhiver-ce-quil-faut-planter-maintenant\/#primaryimage"},"image":{"@id":"https:\/\/myhome.at\/fr\/cultiver-des-legumes-dhiver-ce-quil-faut-planter-maintenant\/#primaryimage"},"thumbnailUrl":"https:\/\/myhome.at\/wp-content\/uploads\/2026\/09\/Aufmacherfoto_anastasia-pixner-cPUcFcQG2fc-unsplash-scaled.jpg","datePublished":"2026-09-03T02:57:00+00:00","description":"Cultiver des l\u00e9gumes d'hiver : quels l\u00e9gumes peut-on cultiver en ce moment ? Comment entretenir les l\u00e9gumes d'hiver ? Nous avons tous les conseils qu'il vous faut !","breadcrumb":{"@id":"https:\/\/myhome.at\/fr\/cultiver-des-legumes-dhiver-ce-quil-faut-planter-maintenant\/#breadcrumb"},"inLanguage":"fr-FR","potentialAction":[{"@type":"ReadAction","target":["https:\/\/myhome.at\/fr\/cultiver-des-legumes-dhiver-ce-quil-faut-planter-maintenant\/"]}]},{"@type":"ImageObject","inLanguage":"fr-FR","@id":"https:\/\/myhome.at\/fr\/cultiver-des-legumes-dhiver-ce-quil-faut-planter-maintenant\/#primaryimage","url":"https:\/\/myhome.at\/wp-content\/uploads\/2026\/09\/Aufmacherfoto_anastasia-pixner-cPUcFcQG2fc-unsplash-scaled.jpg","contentUrl":"https:\/\/myhome.at\/wp-content\/uploads\/2026\/09\/Aufmacherfoto_anastasia-pixner-cPUcFcQG2fc-unsplash-scaled.jpg","width":2048,"height":1536},{"@type":"BreadcrumbList","@id":"https:\/\/myhome.at\/fr\/cultiver-des-legumes-dhiver-ce-quil-faut-planter-maintenant\/#breadcrumb","itemListElement":[{"@type":"ListItem","position":1,"name":"Home","item":"https:\/\/myhome.at\/fr\/"},{"@type":"ListItem","position":2,"name":"Cultiver des l\u00e9gumes d&#8217;hiver : ce qu&#8217;il faut planter maintenant"}]},{"@type":"WebSite","@id":"https:\/\/myhome.at\/fr\/#website","url":"https:\/\/myhome.at\/fr\/","name":"MYHOME BLOG","description":"Online-Magazin f\u00fcr Wohnen &amp; Immobilien","publisher":{"@id":"https:\/\/myhome.at\/fr\/#organization"},"potentialAction":[{"@type":"SearchAction","target":{"@type":"EntryPoint","urlTemplate":"https:\/\/myhome.at\/fr\/?s={search_term_string}"},"query-input":{"@type":"PropertyValueSpecification","valueRequired":true,"valueName":"search_term_string"}}],"inLanguage":"fr-FR"},{"@type":"Organization","@id":"https:\/\/myhome.at\/fr\/#organization","name":"MYHOME BLOG","alternateName":"MYHOME BLOG","url":"https:\/\/myhome.at\/fr\/","logo":{"@type":"ImageObject","inLanguage":"fr-FR","@id":"https:\/\/myhome.at\/fr\/#\/schema\/logo\/image\/","url":"https:\/\/myhome.at\/wp-content\/uploads\/2023\/10\/FMH_MYHOME_ICON_RZ_RGB_696x696.png","contentUrl":"https:\/\/myhome.at\/wp-content\/uploads\/2023\/10\/FMH_MYHOME_ICON_RZ_RGB_696x696.png","width":697,"height":697,"caption":"MYHOME BLOG"},"image":{"@id":"https:\/\/myhome.at\/fr\/#\/schema\/logo\/image\/"},"sameAs":["https:\/\/www.facebook.com\/myhome.allaboutliving\/","https:\/\/www.instagram.com\/myhome_allaboutliving\/","https:\/\/www.linkedin.com\/company\/myhome-at\/"]},{"@type":"Person","@id":"https:\/\/myhome.at\/fr\/#\/schema\/person\/89f10eea631b3fa55e8e75c398516a26","name":"Ursula Rischanek","image":{"@type":"ImageObject","inLanguage":"fr-FR","@id":"https:\/\/secure.gravatar.com\/avatar\/0faeec49ad0724fc92faf33d8f23e38ba17caea4b5ae0654b3f6935aa17455f5?s=96&d=mm&r=g","url":"https:\/\/secure.gravatar.com\/avatar\/0faeec49ad0724fc92faf33d8f23e38ba17caea4b5ae0654b3f6935aa17455f5?s=96&d=mm&r=g","contentUrl":"https:\/\/secure.gravatar.com\/avatar\/0faeec49ad0724fc92faf33d8f23e38ba17caea4b5ae0654b3f6935aa17455f5?s=96&d=mm&r=g","caption":"Ursula Rischanek"},"url":"https:\/\/myhome.at\/fr\/author\/urischanek\/"}]}},"_links":{"self":[{"href":"https:\/\/myhome.at\/fr\/wp-json\/wp\/v2\/posts\/36760","targetHints":{"allow":["GET"]}}],"collection":[{"href":"https:\/\/myhome.at\/fr\/wp-json\/wp\/v2\/posts"}],"about":[{"href":"https:\/\/myhome.at\/fr\/wp-json\/wp\/v2\/types\/post"}],"author":[{"embeddable":true,"href":"https:\/\/myhome.at\/fr\/wp-json\/wp\/v2\/users\/12"}],"replies":[{"embeddable":true,"href":"https:\/\/myhome.at\/fr\/wp-json\/wp\/v2\/comments?post=36760"}],"version-history":[{"count":1,"href":"https:\/\/myhome.at\/fr\/wp-json\/wp\/v2\/posts\/36760\/revisions"}],"predecessor-version":[{"id":36762,"href":"https:\/\/myhome.at\/fr\/wp-json\/wp\/v2\/posts\/36760\/revisions\/36762"}],"wp:featuredmedia":[{"embeddable":true,"href":"https:\/\/myhome.at\/fr\/wp-json\/wp\/v2\/media\/36759"}],"wp:attachment":[{"href":"https:\/\/myhome.at\/fr\/wp-json\/wp\/v2\/media?parent=36760"}],"wp:term":[{"taxonomy":"category","embeddable":true,"href":"https:\/\/myhome.at\/fr\/wp-json\/wp\/v2\/categories?post=36760"},{"taxonomy":"post_tag","embeddable":true,"href":"https:\/\/myhome.at\/fr\/wp-json\/wp\/v2\/tags?post=36760"}],"curies":[{"name":"wp","href":"https:\/\/api.w.org\/{rel}","templated":true}]}}