{"id":36641,"date":"2026-09-02T04:44:00","date_gmt":"2026-09-02T02:44:00","guid":{"rendered":"https:\/\/myhome.at\/?p=36641"},"modified":"2026-08-14T15:28:59","modified_gmt":"2026-08-14T13:28:59","slug":"la-fin-de-la-cuisine-blanche-les-facades-de-cuisine-colorees-font-leur-grand-retour","status":"publish","type":"post","link":"https:\/\/myhome.at\/fr\/la-fin-de-la-cuisine-blanche-les-facades-de-cuisine-colorees-font-leur-grand-retour\/","title":{"rendered":"La fin de la cuisine blanche ? Les fa\u00e7ades de cuisine color\u00e9es font leur grand retour"},"content":{"rendered":"\n<p class=\"wp-block-paragraph\"><em>Le blanc a longtemps \u00e9t\u00e9 consid\u00e9r\u00e9 comme une couleur intemporelle et simple dans la cuisine. Mais le vert sauge, le sable, la terre cuite et le bleu fonc\u00e9 apportent de plus en plus de chaleur et de personnalit\u00e9 aux fa\u00e7ades. Quelles sont les couleurs adapt\u00e9es \u00e0 la cuisine, comment transforment-elles la pi\u00e8ce et quels sont les crit\u00e8res \u00e0 prendre en compte lors du choix ?  <\/em><\/p>\n\n<p class=\"wp-block-paragraph\">Pendant des ann\u00e9es, les cuisines blanches ont \u00e9t\u00e9 un choix s\u00fbr. Elles apportent de la luminosit\u00e9, donnent une impression de propret\u00e9, s&rsquo;associent facilement \u00e0 d&rsquo;autres \u00e9l\u00e9ments et r\u00e9sistent aux tendances \u00e9ph\u00e9m\u00e8res. Elles ne sont donc pas pr\u00e8s de dispara\u00eetre. Mais leur supr\u00e9matie commence \u00e0 s&rsquo;effriter : de plus en plus souvent, des tons neutres chauds, des verts sourds, des nuances terreuses ou des couleurs sombres viennent se substituer au blanc pur et au gris froid.   <\/p>\n\n<p class=\"wp-block-paragraph\">Cela va de pair avec l&rsquo;\u00e9volution du r\u00f4le de la cuisine. Elle n&rsquo;est plus depuis longtemps un simple espace de travail fonctionnel, mais aussi un lieu de rencontre, un coin repas et, dans les int\u00e9rieurs ouverts, une partie visible de l&rsquo;espace de vie. Elle peut donc \u00eatre am\u00e9nag\u00e9e de mani\u00e8re \u00e0 \u00eatre \u00e0 la fois chaleureuse et personnalis\u00e9e. Mais quelle couleur (https:\/\/myhome.at\/farbtrend-honey-glow\/) convient \u00e0 la cuisine et comment influence-t-elle l&rsquo;ambiance de la pi\u00e8ce ?   <\/p>\n\n<h2 id=\"h-was-farben-in-der-kuche-bewirken\" class=\"wp-block-heading\"><strong>L&rsquo;effet des couleurs dans la cuisine<\/strong><\/h2>\n\n<p class=\"wp-block-paragraph\">Les couleurs influencent la fa\u00e7on dont nous percevons une pi\u00e8ce et l&rsquo;ambiance que nous y associons. Leur effet ne peut toutefois pas se r\u00e9sumer \u00e0 de simples formules telles que \u00ab le jaune rend heureux \u00bb ou \u00ab le bleu apaise \u00bb. Outre la teinte proprement dite, la luminosit\u00e9, l&rsquo;intensit\u00e9, les conditions d&rsquo;\u00e9clairage, les associations de couleurs et les exp\u00e9riences personnelles jouent \u00e9galement un r\u00f4le.  <\/p>\n\n<p class=\"wp-block-paragraph\">Les couleurs claires donnent g\u00e9n\u00e9ralement une impression de l\u00e9g\u00e8ret\u00e9 et peuvent faire para\u00eetre les petites cuisines plus spacieuses. Les teintes sombres apportent de la profondeur et un sentiment de s\u00e9curit\u00e9, mais n\u00e9cessitent un \u00e9clairage suffisant. Les couleurs tr\u00e8s vives ont un effet stimulant, mais peuvent rapidement cr\u00e9er une impression d&rsquo;agitation lorsqu&rsquo;elles sont utilis\u00e9es sur de grandes surfaces. Si vous souhaitez jouer la carte de la s\u00e9curit\u00e9, optez pour une variante plus sobre de votre couleur pr\u00e9f\u00e9r\u00e9e.   <\/p>\n\n<h2 id=\"h-grune-kuchenfronten-naturlich-und-vielseitig\" class=\"wp-block-heading\"><strong>Fa\u00e7ades de cuisine vertes : naturelles et polyvalentes<\/strong><\/h2>\n\n<p class=\"wp-block-paragraph\">Le vert figure actuellement parmi les couleurs les plus pris\u00e9es pour les fa\u00e7ades de cuisine. Cette teinte \u00e9voque la nature, la fra\u00eecheur et l&rsquo;\u00e9quilibre, et se marie avec une grande vari\u00e9t\u00e9 de styles. Le vert sauge clair d\u00e9gage une impression de calme et de sobri\u00e9t\u00e9, ce qui le rend particuli\u00e8rement adapt\u00e9 aux petites cuisines. Le vert olive ou le vert mousse apportent une touche plus marqu\u00e9e et, associ\u00e9s au bois, \u00e0 la pierre naturelle, au cr\u00e8me et au laiton, cr\u00e9ent une ambiance particuli\u00e8rement chaleureuse.   <\/p>\n\n<p class=\"wp-block-paragraph\">Si vous ne souhaitez pas peindre toute la cuisine en vert, vous pouvez vous contenter de peindre les meubles bas ou l&rsquo;\u00eelot central. La pi\u00e8ce reste ainsi lumineuse, tout en gagnant en caract\u00e8re. <\/p>\n\n<h2 id=\"h-eine-blaue-kuche-wirkt-ruhig-und-elegant\" class=\"wp-block-heading\"><strong>Une cuisine bleue d\u00e9gage une impression de s\u00e9r\u00e9nit\u00e9 et d&rsquo;\u00e9l\u00e9gance<\/strong><\/h2>\n\n<p class=\"wp-block-paragraph\">Le bleu donne g\u00e9n\u00e9ralement une impression un peu plus froide et plus \u00e9l\u00e9gante que le vert. Un bleu-gris mat se marie bien avec les bois clairs ainsi qu&rsquo;avec les plans de travail blancs ou cr\u00e8me. Le bleu marine fonc\u00e9 apporte de la profondeur \u00e0 une cuisine et peut \u00eatre utilis\u00e9 presque comme du noir, tout en donnant un aspect un peu plus doux.  <\/p>\n\n<p class=\"wp-block-paragraph\">Pour qu&rsquo;une cuisine bleue ne paraisse pas trop froide, elle a besoin d&rsquo;\u00e9l\u00e9ments contrastants qui apportent de la chaleur. Des parquets, des poign\u00e9es en laiton, des mat\u00e9riaux naturels ou des textiles beiges cr\u00e9ent un \u00e9quilibre harmonieux. Les nuances de bleu particuli\u00e8rement fonc\u00e9es sont particuli\u00e8rement mises en valeur dans les grandes cuisines b\u00e9n\u00e9ficiant d&rsquo;une lumi\u00e8re naturelle suffisante.  <\/p>\n\n<figure class=\"wp-block-image size-large\"><img decoding=\"async\" width=\"683\" height=\"1024\" src=\"https:\/\/myhome.at\/wp-content\/uploads\/2026\/08\/caroline-badran-no-xg6bWaDM-unsplash-683x1024.jpg\" alt=\"\" class=\"wp-image-36610\" srcset=\"https:\/\/myhome.at\/wp-content\/uploads\/2026\/08\/caroline-badran-no-xg6bWaDM-unsplash-683x1024.jpg 683w, https:\/\/myhome.at\/wp-content\/uploads\/2026\/08\/caroline-badran-no-xg6bWaDM-unsplash-200x300.jpg 200w, https:\/\/myhome.at\/wp-content\/uploads\/2026\/08\/caroline-badran-no-xg6bWaDM-unsplash-768x1152.jpg 768w, https:\/\/myhome.at\/wp-content\/uploads\/2026\/08\/caroline-badran-no-xg6bWaDM-unsplash-1024x1536.jpg 1024w, https:\/\/myhome.at\/wp-content\/uploads\/2026\/08\/caroline-badran-no-xg6bWaDM-unsplash-1365x2048.jpg 1365w, https:\/\/myhome.at\/wp-content\/uploads\/2026\/08\/caroline-badran-no-xg6bWaDM-unsplash-830x1245.jpg 830w, https:\/\/myhome.at\/wp-content\/uploads\/2026\/08\/caroline-badran-no-xg6bWaDM-unsplash-1200x1800.jpg 1200w, https:\/\/myhome.at\/wp-content\/uploads\/2026\/08\/caroline-badran-no-xg6bWaDM-unsplash-scaled.jpg 1366w\" sizes=\"(max-width: 683px) 100vw, 683px\" \/><figcaption class=\"wp-element-caption\">Une douce teinte gris-bleu s&rsquo;impose de plus en plus dans les cuisines.<\/figcaption><\/figure>\n\n<h2 id=\"h-gelb-apricot-und-terrakotta-nbsp-bringen-warme-in-die-kuche\" class=\"wp-block-heading\"><strong>Jaune, abricot et terre cuite<\/strong><strong> apportent de la chaleur \u00e0 la cuisine<\/strong><\/h2>\n\n<p class=\"wp-block-paragraph\">Les couleurs chaudes d\u00e9gagent une impression de vivacit\u00e9, de convivialit\u00e9 et d&rsquo;accueil \u2013 des qualit\u00e9s qui conviennent parfaitement \u00e0 la cuisine, lieu de rencontre par excellence. Le jaune beurre ou l&rsquo;abricot p\u00e2le peuvent rendre une pi\u00e8ce sombre plus accueillante. La terre cuite, le rouge rouille et l&rsquo;orange discret transmettent de la chaleur et s&rsquo;harmonisent particuli\u00e8rement bien avec le bois, le cr\u00e8me et la pierre naturelle.  <\/p>\n\n<p class=\"wp-block-paragraph\">Sur de grandes surfaces, il convient toutefois d&rsquo;utiliser les couleurs vives avec parcimonie. Souvent, un \u00eelot de cuisine color\u00e9, une seule rang\u00e9e d&rsquo;armoires ou un mur peint suffisent. Les nuances terreuses et l\u00e9g\u00e8rement att\u00e9nu\u00e9es s&rsquo;av\u00e8rent g\u00e9n\u00e9ralement plus intemporelles que les couleurs vives et \u00e9clatantes.  <\/p>\n\n<h2 id=\"h-kuchenfronten-in-beige-greige-und-creme-die-neuen-neutralen\" class=\"wp-block-heading\"><strong>Fa\u00e7ades de cuisine en beige, gr\u00e8ge et cr\u00e8me : les nouvelles teintes neutres<\/strong><\/h2>\n\n<p class=\"wp-block-paragraph\">Si vous souhaitez une cuisine intemporelle, mais que vous trouvez le blanc pur trop aseptis\u00e9, vous pouvez opter pour des tons neutres et chaleureux. Le sable, le cr\u00e8me, le taupe, le gr\u00e8ge et les tons dits \u00ab champignon \u00bb cr\u00e9ent une ambiance chaleureuse sans s&rsquo;imposer. En m\u00eame temps, ils peuvent \u00eatre r\u00e9interpr\u00e9t\u00e9s \u00e0 l&rsquo;infini en changeant simplement les accessoires.  <\/p>\n\n<p class=\"wp-block-paragraph\">Ces couleurs s&rsquo;harmonisent particuli\u00e8rement bien avec le ch\u00eane, le travertin, la c\u00e9ramique et les surfaces m\u00e9talliques mates. Elles conviennent aussi bien aux cuisines modernes et \u00e9pur\u00e9es qu&rsquo;aux mod\u00e8les classiques. Contrairement au gris froid, elles apportent une touche de chaleur discr\u00e8te \u00e0 la pi\u00e8ce.  <\/p>\n\n<h2 id=\"h-dunkle-kuchen-ausdrucksstark-aber-anspruchsvoll\" class=\"wp-block-heading\"><strong>Les cuisines sombres : pleines de caract\u00e8re, mais exigeantes<\/strong><\/h2>\n\n<p class=\"wp-block-paragraph\">L&rsquo;anthracite, l&rsquo;aubergine, le bordeaux ou le vert presque noir conf\u00e8rent aux cuisines un aspect \u00e9l\u00e9gant, semblable \u00e0 celui de meubles. Ces teintes n\u00e9cessitent toutefois un \u00e9clairage suffisant et doivent \u00eatre contrebalanc\u00e9es par des surfaces plus claires. Un plan de travail clair, des murs couleur cr\u00e8me ou un parquet aux tons chauds \u00e9vitent que la pi\u00e8ce ne paraisse trop lourde.  <\/p>\n\n<p class=\"wp-block-paragraph\">M\u00eame dans les petites cuisines, les teintes sombres ne sont pas syst\u00e9matiquement \u00e0 proscrire. Utilis\u00e9es sur les meubles bas ou sur un seul mur, elles peuvent m\u00eame cr\u00e9er une impression de profondeur suppl\u00e9mentaire. Il faut toutefois garder \u00e0 l&rsquo;esprit que la poussi\u00e8re et les traces de doigts sont souvent plus visibles sur des fa\u00e7ades tr\u00e8s sombres.  <\/p>\n\n<h2 id=\"h-welche-farben-passen-zu-einer-kleinen-kuche\" class=\"wp-block-heading\"><strong>Quelles couleurs conviennent \u00e0 une petite cuisine ?<\/strong><\/h2>\n\n<p class=\"wp-block-paragraph\">Les cuisines petites ou peu \u00e9clair\u00e9es gagnent g\u00e9n\u00e9ralement \u00e0 \u00eatre d\u00e9cor\u00e9es dans des tons clairs et chaleureux. Le cr\u00e8me, le sable, le \u00ab greige \u00bb clair, la sauge ou un bleu-gris doux apportent de la couleur \u00e0 la pi\u00e8ce sans la r\u00e9duire visuellement. Si vous souhaitez opter pour une teinte plus vive, une combinaison de meubles hauts clairs et de meubles bas plus fonc\u00e9s est tout indiqu\u00e9e.  <\/p>\n\n<p class=\"wp-block-paragraph\">Dans le cas des grandes cuisines ouvertes, en revanche, les fa\u00e7ades peuvent se permettre d&rsquo;\u00eatre plus voyantes. Le vert fonc\u00e9, le bleu marine ou le bordeaux peuvent apporter une certaine stabilit\u00e9 visuelle \u00e0 la cuisine et la d\u00e9limiter davantage par rapport \u00e0 l&rsquo;espace de vie adjacent. <\/p>\n\n<figure class=\"wp-block-image size-large\"><img decoding=\"async\" width=\"683\" height=\"1024\" src=\"https:\/\/myhome.at\/wp-content\/uploads\/2026\/08\/aleksandra-dementeva-ksqPBGn55_0-unsplash-683x1024.jpg\" alt=\"\" class=\"wp-image-36609\" srcset=\"https:\/\/myhome.at\/wp-content\/uploads\/2026\/08\/aleksandra-dementeva-ksqPBGn55_0-unsplash-683x1024.jpg 683w, https:\/\/myhome.at\/wp-content\/uploads\/2026\/08\/aleksandra-dementeva-ksqPBGn55_0-unsplash-200x300.jpg 200w, https:\/\/myhome.at\/wp-content\/uploads\/2026\/08\/aleksandra-dementeva-ksqPBGn55_0-unsplash-768x1152.jpg 768w, https:\/\/myhome.at\/wp-content\/uploads\/2026\/08\/aleksandra-dementeva-ksqPBGn55_0-unsplash-1024x1536.jpg 1024w, https:\/\/myhome.at\/wp-content\/uploads\/2026\/08\/aleksandra-dementeva-ksqPBGn55_0-unsplash-1365x2048.jpg 1365w, https:\/\/myhome.at\/wp-content\/uploads\/2026\/08\/aleksandra-dementeva-ksqPBGn55_0-unsplash-830x1245.jpg 830w, https:\/\/myhome.at\/wp-content\/uploads\/2026\/08\/aleksandra-dementeva-ksqPBGn55_0-unsplash-1200x1800.jpg 1200w, https:\/\/myhome.at\/wp-content\/uploads\/2026\/08\/aleksandra-dementeva-ksqPBGn55_0-unsplash-scaled.jpg 1366w\" sizes=\"(max-width: 683px) 100vw, 683px\" \/><figcaption class=\"wp-element-caption\">Le sauge, utilis\u00e9 comme rev\u00eatement mural, donne une impression d&rsquo;espace aux petites cuisines.<\/figcaption><\/figure>\n\n<h2 id=\"h-farben-fur-kuchenfronten-richtig-auswahlen\" class=\"wp-block-heading\"><strong>Bien choisir les couleurs des fa\u00e7ades de cuisine<\/strong><\/h2>\n\n<p class=\"wp-block-paragraph\">Avant de faire votre choix d\u00e9finitif, observez les \u00e9chantillons de couleur pendant plusieurs jours dans votre propre cuisine \u2013 de pr\u00e9f\u00e9rence le matin, le soir, ainsi qu\u2019\u00e0 la lumi\u00e8re naturelle et artificielle. Une teinte qui semble chaude et douce dans le showroom peut soudain para\u00eetre froide ou gris\u00e2tre chez vous. Le sol, le plan de travail, la cr\u00e9dence et les pi\u00e8ces adjacentes doivent \u00e9galement \u00eatre pris en compte dans votre d\u00e9cision.  <\/p>\n\n<p class=\"wp-block-paragraph\">Si vous n&rsquo;osez pas encore vous lancer dans une cuisine enti\u00e8rement color\u00e9e, commencez par un agencement bicolore : des \u00e9l\u00e9ments hauts clairs, des \u00e9l\u00e9ments bas color\u00e9s ou un \u00eelot de cuisine qui attire le regard. Cela permet d&rsquo;introduire de la couleur sans pour autant devoir renoncer compl\u00e8tement \u00e0 la cuisine blanche. <\/p>\n\n<hr class=\"wp-block-separator has-alpha-channel-opacity\"\/>\n\n<p class=\"wp-block-paragraph\">Articles similaires :<\/p>\n\n<p class=\"wp-block-paragraph\">7 conseils pour am\u00e9nager la cuisine d&rsquo;ext\u00e9rieur parfaite dans votre jardin<\/p>\n\n<p class=\"wp-block-paragraph\">Tendance couleur \u00ab Honey Glow \u00bb<\/p>\n\n<p class=\"wp-block-paragraph\">Smart Cooking : comment les appareils de cuisine r\u00e9volutionnent la vie quotidienne<\/p>\n","protected":false},"excerpt":{"rendered":"<p>Le blanc a longtemps \u00e9t\u00e9 consid\u00e9r\u00e9 comme une couleur intemporelle et simple dans la cuisine. Mais le vert sauge, le sable, la terre cuite et le bleu fonc\u00e9 apportent de plus en plus de chaleur et de personnalit\u00e9 aux fa\u00e7ades. Quelles sont les couleurs adapt\u00e9es \u00e0 la cuisine, comment transforment-elles la pi\u00e8ce et quels sont &hellip;<\/p>\n","protected":false},"author":13,"featured_media":36640,"comment_status":"closed","ping_status":"open","sticky":false,"template":"","format":"standard","meta":{"footnotes":""},"categories":[2698,2061],"tags":[],"class_list":["post-36641","post","type-post","status-publish","format-standard","has-post-thumbnail","hentry","category-kueche","category-wohnen-leben"],"yoast_head":"<!-- This site is optimized with the Yoast SEO Premium plugin v28.3 (Yoast SEO v28.3) - https:\/\/yoast.com\/product\/yoast-seo-premium-wordpress\/ -->\n<title>La fin de la cuisine blanche ? Les fa\u00e7ades de cuisine color\u00e9es font leur grand retour I MYHOME.AT<\/title>\n<meta name=\"description\" content=\"La fin de la cuisine blanche ? Les fa\u00e7ades de cuisine color\u00e9es font leur grand retour. D\u00e9couvrez ici tout ce qu&#039;il faut savoir sur les couleurs tendance et leur effet dans la cuisine.\" \/>\n<meta name=\"robots\" content=\"index, follow, max-snippet:-1, max-image-preview:large, max-video-preview:-1\" \/>\n<link rel=\"canonical\" href=\"https:\/\/myhome.at\/fr\/la-fin-de-la-cuisine-blanche-les-facades-de-cuisine-colorees-font-leur-grand-retour\/\" \/>\n<meta property=\"og:locale\" content=\"fr_FR\" \/>\n<meta property=\"og:type\" content=\"article\" \/>\n<meta property=\"og:title\" content=\"MYHOME.AT I La fin de la cuisine blanche ? Les fa\u00e7ades de cuisine color\u00e9es font leur grand retour\" \/>\n<meta property=\"og:description\" content=\"La fin de la cuisine blanche ? Les fa\u00e7ades de cuisine color\u00e9es font leur grand retour. D\u00e9couvrez ici tout ce qu&#039;il faut savoir sur les couleurs tendance et leur effet dans la cuisine.\" \/>\n<meta property=\"og:url\" content=\"https:\/\/myhome.at\/fr\/la-fin-de-la-cuisine-blanche-les-facades-de-cuisine-colorees-font-leur-grand-retour\/\" \/>\n<meta property=\"og:site_name\" content=\"MYHOME.AT\" \/>\n<meta property=\"article:publisher\" content=\"https:\/\/www.facebook.com\/myhome.allaboutliving\/\" \/>\n<meta property=\"article:published_time\" content=\"2026-09-02T02:44:00+00:00\" \/>\n<meta property=\"og:image\" content=\"https:\/\/myhome.at\/wp-content\/uploads\/2026\/08\/bright-kitchen-interior-design-with-turquoise-and-2026-03-09-23-15-56-utc-scaled.jpg\" \/>\n\t<meta property=\"og:image:width\" content=\"2048\" \/>\n\t<meta property=\"og:image:height\" content=\"1366\" \/>\n\t<meta property=\"og:image:type\" content=\"image\/jpeg\" \/>\n<meta name=\"author\" content=\"Katharina Domiter\" \/>\n<meta name=\"twitter:card\" content=\"summary_large_image\" \/>\n<meta name=\"twitter:label1\" content=\"\u00c9crit par\" \/>\n\t<meta name=\"twitter:data1\" content=\"Katharina Domiter\" \/>\n\t<meta name=\"twitter:label2\" content=\"Dur\u00e9e de lecture estim\u00e9e\" \/>\n\t<meta name=\"twitter:data2\" content=\"7 minutes\" \/>\n<script type=\"application\/ld+json\" class=\"yoast-schema-graph\">{\"@context\":\"https:\\\/\\\/schema.org\",\"@graph\":[{\"@type\":\"Article\",\"@id\":\"https:\\\/\\\/myhome.at\\\/fr\\\/la-fin-de-la-cuisine-blanche-les-facades-de-cuisine-colorees-font-leur-grand-retour\\\/#article\",\"isPartOf\":{\"@id\":\"https:\\\/\\\/myhome.at\\\/fr\\\/la-fin-de-la-cuisine-blanche-les-facades-de-cuisine-colorees-font-leur-grand-retour\\\/\"},\"author\":{\"name\":\"Katharina Domiter\",\"@id\":\"https:\\\/\\\/myhome.at\\\/fr\\\/#\\\/schema\\\/person\\\/edf9d0a5f94a9f7067b03a60cec8fb6c\"},\"headline\":\"La fin de la cuisine blanche ? Les fa\u00e7ades de cuisine color\u00e9es font leur grand retour\",\"datePublished\":\"2026-09-02T02:44:00+00:00\",\"mainEntityOfPage\":{\"@id\":\"https:\\\/\\\/myhome.at\\\/fr\\\/la-fin-de-la-cuisine-blanche-les-facades-de-cuisine-colorees-font-leur-grand-retour\\\/\"},\"wordCount\":1451,\"publisher\":{\"@id\":\"https:\\\/\\\/myhome.at\\\/fr\\\/#organization\"},\"image\":{\"@id\":\"https:\\\/\\\/myhome.at\\\/fr\\\/la-fin-de-la-cuisine-blanche-les-facades-de-cuisine-colorees-font-leur-grand-retour\\\/#primaryimage\"},\"thumbnailUrl\":\"https:\\\/\\\/myhome.at\\\/wp-content\\\/uploads\\\/2026\\\/08\\\/bright-kitchen-interior-design-with-turquoise-and-2026-03-09-23-15-56-utc-scaled.jpg\",\"articleSection\":[\"K\u00dcCHE\",\"WOHNEN &amp; LEBEN\"],\"inLanguage\":\"fr-FR\"},{\"@type\":\"WebPage\",\"@id\":\"https:\\\/\\\/myhome.at\\\/fr\\\/la-fin-de-la-cuisine-blanche-les-facades-de-cuisine-colorees-font-leur-grand-retour\\\/\",\"url\":\"https:\\\/\\\/myhome.at\\\/fr\\\/la-fin-de-la-cuisine-blanche-les-facades-de-cuisine-colorees-font-leur-grand-retour\\\/\",\"name\":\"La fin de la cuisine blanche ? Les fa\u00e7ades de cuisine color\u00e9es font leur grand retour I MYHOME.AT\",\"isPartOf\":{\"@id\":\"https:\\\/\\\/myhome.at\\\/fr\\\/#website\"},\"primaryImageOfPage\":{\"@id\":\"https:\\\/\\\/myhome.at\\\/fr\\\/la-fin-de-la-cuisine-blanche-les-facades-de-cuisine-colorees-font-leur-grand-retour\\\/#primaryimage\"},\"image\":{\"@id\":\"https:\\\/\\\/myhome.at\\\/fr\\\/la-fin-de-la-cuisine-blanche-les-facades-de-cuisine-colorees-font-leur-grand-retour\\\/#primaryimage\"},\"thumbnailUrl\":\"https:\\\/\\\/myhome.at\\\/wp-content\\\/uploads\\\/2026\\\/08\\\/bright-kitchen-interior-design-with-turquoise-and-2026-03-09-23-15-56-utc-scaled.jpg\",\"datePublished\":\"2026-09-02T02:44:00+00:00\",\"description\":\"La fin de la cuisine blanche ? Les fa\u00e7ades de cuisine color\u00e9es font leur grand retour. D\u00e9couvrez ici tout ce qu'il faut savoir sur les couleurs tendance et leur effet dans la cuisine.\",\"breadcrumb\":{\"@id\":\"https:\\\/\\\/myhome.at\\\/fr\\\/la-fin-de-la-cuisine-blanche-les-facades-de-cuisine-colorees-font-leur-grand-retour\\\/#breadcrumb\"},\"inLanguage\":\"fr-FR\",\"potentialAction\":[{\"@type\":\"ReadAction\",\"target\":[\"https:\\\/\\\/myhome.at\\\/fr\\\/la-fin-de-la-cuisine-blanche-les-facades-de-cuisine-colorees-font-leur-grand-retour\\\/\"]}]},{\"@type\":\"ImageObject\",\"inLanguage\":\"fr-FR\",\"@id\":\"https:\\\/\\\/myhome.at\\\/fr\\\/la-fin-de-la-cuisine-blanche-les-facades-de-cuisine-colorees-font-leur-grand-retour\\\/#primaryimage\",\"url\":\"https:\\\/\\\/myhome.at\\\/wp-content\\\/uploads\\\/2026\\\/08\\\/bright-kitchen-interior-design-with-turquoise-and-2026-03-09-23-15-56-utc-scaled.jpg\",\"contentUrl\":\"https:\\\/\\\/myhome.at\\\/wp-content\\\/uploads\\\/2026\\\/08\\\/bright-kitchen-interior-design-with-turquoise-and-2026-03-09-23-15-56-utc-scaled.jpg\",\"width\":2048,\"height\":1366,\"caption\":\"Int\u00e9rieur r\u00e9sidentiel d'une cuisine moderne. Int\u00e9rieur moderne et lumineux d'une cuisine avec des meubles blancs et une table \u00e0 manger. Int\u00e9rieur d'une cuisine moderne et confortable\"},{\"@type\":\"BreadcrumbList\",\"@id\":\"https:\\\/\\\/myhome.at\\\/fr\\\/la-fin-de-la-cuisine-blanche-les-facades-de-cuisine-colorees-font-leur-grand-retour\\\/#breadcrumb\",\"itemListElement\":[{\"@type\":\"ListItem\",\"position\":1,\"name\":\"Home\",\"item\":\"https:\\\/\\\/myhome.at\\\/fr\\\/\"},{\"@type\":\"ListItem\",\"position\":2,\"name\":\"La fin de la cuisine blanche ? Les fa\u00e7ades de cuisine color\u00e9es font leur grand retour\"}]},{\"@type\":\"WebSite\",\"@id\":\"https:\\\/\\\/myhome.at\\\/fr\\\/#website\",\"url\":\"https:\\\/\\\/myhome.at\\\/fr\\\/\",\"name\":\"MYHOME BLOG\",\"description\":\"Online-Magazin f\u00fcr Wohnen &amp; Immobilien\",\"publisher\":{\"@id\":\"https:\\\/\\\/myhome.at\\\/fr\\\/#organization\"},\"potentialAction\":[{\"@type\":\"SearchAction\",\"target\":{\"@type\":\"EntryPoint\",\"urlTemplate\":\"https:\\\/\\\/myhome.at\\\/fr\\\/?s={search_term_string}\"},\"query-input\":{\"@type\":\"PropertyValueSpecification\",\"valueRequired\":true,\"valueName\":\"search_term_string\"}}],\"inLanguage\":\"fr-FR\"},{\"@type\":\"Organization\",\"@id\":\"https:\\\/\\\/myhome.at\\\/fr\\\/#organization\",\"name\":\"MYHOME BLOG\",\"alternateName\":\"MYHOME BLOG\",\"url\":\"https:\\\/\\\/myhome.at\\\/fr\\\/\",\"logo\":{\"@type\":\"ImageObject\",\"inLanguage\":\"fr-FR\",\"@id\":\"https:\\\/\\\/myhome.at\\\/fr\\\/#\\\/schema\\\/logo\\\/image\\\/\",\"url\":\"https:\\\/\\\/myhome.at\\\/wp-content\\\/uploads\\\/2023\\\/10\\\/FMH_MYHOME_ICON_RZ_RGB_696x696.png\",\"contentUrl\":\"https:\\\/\\\/myhome.at\\\/wp-content\\\/uploads\\\/2023\\\/10\\\/FMH_MYHOME_ICON_RZ_RGB_696x696.png\",\"width\":697,\"height\":697,\"caption\":\"MYHOME BLOG\"},\"image\":{\"@id\":\"https:\\\/\\\/myhome.at\\\/fr\\\/#\\\/schema\\\/logo\\\/image\\\/\"},\"sameAs\":[\"https:\\\/\\\/www.facebook.com\\\/myhome.allaboutliving\\\/\",\"https:\\\/\\\/www.instagram.com\\\/myhome_allaboutliving\\\/\",\"https:\\\/\\\/www.linkedin.com\\\/company\\\/myhome-at\\\/\"]},{\"@type\":\"Person\",\"@id\":\"https:\\\/\\\/myhome.at\\\/fr\\\/#\\\/schema\\\/person\\\/edf9d0a5f94a9f7067b03a60cec8fb6c\",\"name\":\"Katharina Domiter\",\"image\":{\"@type\":\"ImageObject\",\"inLanguage\":\"fr-FR\",\"@id\":\"https:\\\/\\\/secure.gravatar.com\\\/avatar\\\/7c25ac8f0af235d3a77913dc52d23fcb40de1e6d50446690f659f4915e82720e?s=96&d=mm&r=g\",\"url\":\"https:\\\/\\\/secure.gravatar.com\\\/avatar\\\/7c25ac8f0af235d3a77913dc52d23fcb40de1e6d50446690f659f4915e82720e?s=96&d=mm&r=g\",\"contentUrl\":\"https:\\\/\\\/secure.gravatar.com\\\/avatar\\\/7c25ac8f0af235d3a77913dc52d23fcb40de1e6d50446690f659f4915e82720e?s=96&d=mm&r=g\",\"caption\":\"Katharina Domiter\"},\"url\":\"https:\\\/\\\/myhome.at\\\/fr\\\/author\\\/kdomiter\\\/\"}]}<\/script>\n<!-- \/ Yoast SEO Premium plugin. -->","yoast_head_json":{"title":"La fin de la cuisine blanche ? Les fa\u00e7ades de cuisine color\u00e9es font leur grand retour I MYHOME.AT","description":"La fin de la cuisine blanche ? Les fa\u00e7ades de cuisine color\u00e9es font leur grand retour. D\u00e9couvrez ici tout ce qu'il faut savoir sur les couleurs tendance et leur effet dans la cuisine.","robots":{"index":"index","follow":"follow","max-snippet":"max-snippet:-1","max-image-preview":"max-image-preview:large","max-video-preview":"max-video-preview:-1"},"canonical":"https:\/\/myhome.at\/fr\/la-fin-de-la-cuisine-blanche-les-facades-de-cuisine-colorees-font-leur-grand-retour\/","og_locale":"fr_FR","og_type":"article","og_title":"MYHOME.AT I La fin de la cuisine blanche ? Les fa\u00e7ades de cuisine color\u00e9es font leur grand retour","og_description":"La fin de la cuisine blanche ? Les fa\u00e7ades de cuisine color\u00e9es font leur grand retour. D\u00e9couvrez ici tout ce qu'il faut savoir sur les couleurs tendance et leur effet dans la cuisine.","og_url":"https:\/\/myhome.at\/fr\/la-fin-de-la-cuisine-blanche-les-facades-de-cuisine-colorees-font-leur-grand-retour\/","og_site_name":"MYHOME.AT","article_publisher":"https:\/\/www.facebook.com\/myhome.allaboutliving\/","article_published_time":"2026-09-02T02:44:00+00:00","og_image":[{"width":2048,"height":1366,"url":"https:\/\/myhome.at\/wp-content\/uploads\/2026\/08\/bright-kitchen-interior-design-with-turquoise-and-2026-03-09-23-15-56-utc-scaled.jpg","type":"image\/jpeg"}],"author":"Katharina Domiter","twitter_card":"summary_large_image","twitter_misc":{"\u00c9crit par":"Katharina Domiter","Dur\u00e9e de lecture estim\u00e9e":"7 minutes"},"schema":{"@context":"https:\/\/schema.org","@graph":[{"@type":"Article","@id":"https:\/\/myhome.at\/fr\/la-fin-de-la-cuisine-blanche-les-facades-de-cuisine-colorees-font-leur-grand-retour\/#article","isPartOf":{"@id":"https:\/\/myhome.at\/fr\/la-fin-de-la-cuisine-blanche-les-facades-de-cuisine-colorees-font-leur-grand-retour\/"},"author":{"name":"Katharina Domiter","@id":"https:\/\/myhome.at\/fr\/#\/schema\/person\/edf9d0a5f94a9f7067b03a60cec8fb6c"},"headline":"La fin de la cuisine blanche ? Les fa\u00e7ades de cuisine color\u00e9es font leur grand retour","datePublished":"2026-09-02T02:44:00+00:00","mainEntityOfPage":{"@id":"https:\/\/myhome.at\/fr\/la-fin-de-la-cuisine-blanche-les-facades-de-cuisine-colorees-font-leur-grand-retour\/"},"wordCount":1451,"publisher":{"@id":"https:\/\/myhome.at\/fr\/#organization"},"image":{"@id":"https:\/\/myhome.at\/fr\/la-fin-de-la-cuisine-blanche-les-facades-de-cuisine-colorees-font-leur-grand-retour\/#primaryimage"},"thumbnailUrl":"https:\/\/myhome.at\/wp-content\/uploads\/2026\/08\/bright-kitchen-interior-design-with-turquoise-and-2026-03-09-23-15-56-utc-scaled.jpg","articleSection":["K\u00dcCHE","WOHNEN &amp; LEBEN"],"inLanguage":"fr-FR"},{"@type":"WebPage","@id":"https:\/\/myhome.at\/fr\/la-fin-de-la-cuisine-blanche-les-facades-de-cuisine-colorees-font-leur-grand-retour\/","url":"https:\/\/myhome.at\/fr\/la-fin-de-la-cuisine-blanche-les-facades-de-cuisine-colorees-font-leur-grand-retour\/","name":"La fin de la cuisine blanche ? Les fa\u00e7ades de cuisine color\u00e9es font leur grand retour I MYHOME.AT","isPartOf":{"@id":"https:\/\/myhome.at\/fr\/#website"},"primaryImageOfPage":{"@id":"https:\/\/myhome.at\/fr\/la-fin-de-la-cuisine-blanche-les-facades-de-cuisine-colorees-font-leur-grand-retour\/#primaryimage"},"image":{"@id":"https:\/\/myhome.at\/fr\/la-fin-de-la-cuisine-blanche-les-facades-de-cuisine-colorees-font-leur-grand-retour\/#primaryimage"},"thumbnailUrl":"https:\/\/myhome.at\/wp-content\/uploads\/2026\/08\/bright-kitchen-interior-design-with-turquoise-and-2026-03-09-23-15-56-utc-scaled.jpg","datePublished":"2026-09-02T02:44:00+00:00","description":"La fin de la cuisine blanche ? Les fa\u00e7ades de cuisine color\u00e9es font leur grand retour. D\u00e9couvrez ici tout ce qu'il faut savoir sur les couleurs tendance et leur effet dans la cuisine.","breadcrumb":{"@id":"https:\/\/myhome.at\/fr\/la-fin-de-la-cuisine-blanche-les-facades-de-cuisine-colorees-font-leur-grand-retour\/#breadcrumb"},"inLanguage":"fr-FR","potentialAction":[{"@type":"ReadAction","target":["https:\/\/myhome.at\/fr\/la-fin-de-la-cuisine-blanche-les-facades-de-cuisine-colorees-font-leur-grand-retour\/"]}]},{"@type":"ImageObject","inLanguage":"fr-FR","@id":"https:\/\/myhome.at\/fr\/la-fin-de-la-cuisine-blanche-les-facades-de-cuisine-colorees-font-leur-grand-retour\/#primaryimage","url":"https:\/\/myhome.at\/wp-content\/uploads\/2026\/08\/bright-kitchen-interior-design-with-turquoise-and-2026-03-09-23-15-56-utc-scaled.jpg","contentUrl":"https:\/\/myhome.at\/wp-content\/uploads\/2026\/08\/bright-kitchen-interior-design-with-turquoise-and-2026-03-09-23-15-56-utc-scaled.jpg","width":2048,"height":1366,"caption":"Int\u00e9rieur r\u00e9sidentiel d'une cuisine moderne. Int\u00e9rieur moderne et lumineux d'une cuisine avec des meubles blancs et une table \u00e0 manger. Int\u00e9rieur d'une cuisine moderne et confortable"},{"@type":"BreadcrumbList","@id":"https:\/\/myhome.at\/fr\/la-fin-de-la-cuisine-blanche-les-facades-de-cuisine-colorees-font-leur-grand-retour\/#breadcrumb","itemListElement":[{"@type":"ListItem","position":1,"name":"Home","item":"https:\/\/myhome.at\/fr\/"},{"@type":"ListItem","position":2,"name":"La fin de la cuisine blanche ? Les fa\u00e7ades de cuisine color\u00e9es font leur grand retour"}]},{"@type":"WebSite","@id":"https:\/\/myhome.at\/fr\/#website","url":"https:\/\/myhome.at\/fr\/","name":"MYHOME BLOG","description":"Online-Magazin f\u00fcr Wohnen &amp; Immobilien","publisher":{"@id":"https:\/\/myhome.at\/fr\/#organization"},"potentialAction":[{"@type":"SearchAction","target":{"@type":"EntryPoint","urlTemplate":"https:\/\/myhome.at\/fr\/?s={search_term_string}"},"query-input":{"@type":"PropertyValueSpecification","valueRequired":true,"valueName":"search_term_string"}}],"inLanguage":"fr-FR"},{"@type":"Organization","@id":"https:\/\/myhome.at\/fr\/#organization","name":"MYHOME BLOG","alternateName":"MYHOME BLOG","url":"https:\/\/myhome.at\/fr\/","logo":{"@type":"ImageObject","inLanguage":"fr-FR","@id":"https:\/\/myhome.at\/fr\/#\/schema\/logo\/image\/","url":"https:\/\/myhome.at\/wp-content\/uploads\/2023\/10\/FMH_MYHOME_ICON_RZ_RGB_696x696.png","contentUrl":"https:\/\/myhome.at\/wp-content\/uploads\/2023\/10\/FMH_MYHOME_ICON_RZ_RGB_696x696.png","width":697,"height":697,"caption":"MYHOME BLOG"},"image":{"@id":"https:\/\/myhome.at\/fr\/#\/schema\/logo\/image\/"},"sameAs":["https:\/\/www.facebook.com\/myhome.allaboutliving\/","https:\/\/www.instagram.com\/myhome_allaboutliving\/","https:\/\/www.linkedin.com\/company\/myhome-at\/"]},{"@type":"Person","@id":"https:\/\/myhome.at\/fr\/#\/schema\/person\/edf9d0a5f94a9f7067b03a60cec8fb6c","name":"Katharina Domiter","image":{"@type":"ImageObject","inLanguage":"fr-FR","@id":"https:\/\/secure.gravatar.com\/avatar\/7c25ac8f0af235d3a77913dc52d23fcb40de1e6d50446690f659f4915e82720e?s=96&d=mm&r=g","url":"https:\/\/secure.gravatar.com\/avatar\/7c25ac8f0af235d3a77913dc52d23fcb40de1e6d50446690f659f4915e82720e?s=96&d=mm&r=g","contentUrl":"https:\/\/secure.gravatar.com\/avatar\/7c25ac8f0af235d3a77913dc52d23fcb40de1e6d50446690f659f4915e82720e?s=96&d=mm&r=g","caption":"Katharina Domiter"},"url":"https:\/\/myhome.at\/fr\/author\/kdomiter\/"}]}},"_links":{"self":[{"href":"https:\/\/myhome.at\/fr\/wp-json\/wp\/v2\/posts\/36641","targetHints":{"allow":["GET"]}}],"collection":[{"href":"https:\/\/myhome.at\/fr\/wp-json\/wp\/v2\/posts"}],"about":[{"href":"https:\/\/myhome.at\/fr\/wp-json\/wp\/v2\/types\/post"}],"author":[{"embeddable":true,"href":"https:\/\/myhome.at\/fr\/wp-json\/wp\/v2\/users\/13"}],"replies":[{"embeddable":true,"href":"https:\/\/myhome.at\/fr\/wp-json\/wp\/v2\/comments?post=36641"}],"version-history":[{"count":1,"href":"https:\/\/myhome.at\/fr\/wp-json\/wp\/v2\/posts\/36641\/revisions"}],"predecessor-version":[{"id":36648,"href":"https:\/\/myhome.at\/fr\/wp-json\/wp\/v2\/posts\/36641\/revisions\/36648"}],"wp:featuredmedia":[{"embeddable":true,"href":"https:\/\/myhome.at\/fr\/wp-json\/wp\/v2\/media\/36640"}],"wp:attachment":[{"href":"https:\/\/myhome.at\/fr\/wp-json\/wp\/v2\/media?parent=36641"}],"wp:term":[{"taxonomy":"category","embeddable":true,"href":"https:\/\/myhome.at\/fr\/wp-json\/wp\/v2\/categories?post=36641"},{"taxonomy":"post_tag","embeddable":true,"href":"https:\/\/myhome.at\/fr\/wp-json\/wp\/v2\/tags?post=36641"}],"curies":[{"name":"wp","href":"https:\/\/api.w.org\/{rel}","templated":true}]}}