{"id":36440,"date":"2026-09-01T04:19:00","date_gmt":"2026-09-01T02:19:00","guid":{"rendered":"https:\/\/myhome.at\/?p=36440"},"modified":"2026-08-13T13:10:05","modified_gmt":"2026-08-13T11:10:05","slug":"bien-immobilier-de-la-semaine-residence-avec-jardin-h-130-a-waehring","status":"publish","type":"post","link":"https:\/\/myhome.at\/fr\/bien-immobilier-de-la-semaine-residence-avec-jardin-h-130-a-waehring\/","title":{"rendered":"Bien immobilier de la semaine \u2013 R\u00e9sidence avec jardin H.130 \u00e0 W\u00e4hring"},"content":{"rendered":"\n<p class=\"wp-block-paragraph\">Au 130 de la Herbeckstra\u00dfe, le projet immobilier haut de gamme H.130 voit le jour au pied du Schafberg. Nich\u00e9 dans l&rsquo;un des quartiers r\u00e9sidentiels les plus pris\u00e9s de W\u00e4hring, cet immeuble allie une architecture \u00e9pur\u00e9e, des prestations haut de gamme et une proximit\u00e9 imm\u00e9diate avec la nature pour offrir un cadre de vie particuli\u00e8rement \u00e9l\u00e9gant. <\/p>\n\n<p class=\"wp-block-paragraph\">La r\u00e9sidence TERRA s&rsquo;\u00e9tend sur le rez-de-chauss\u00e9e et le premier \u00e9tage et offre environ 245 m\u00b2 de surface habitable. De grandes baies vitr\u00e9es, des lignes \u00e9pur\u00e9es et des transitions harmonieuses entre l&rsquo;int\u00e9rieur et l&rsquo;ext\u00e9rieur caract\u00e9risent l&rsquo;atmosph\u00e8re de cette demeure. Il en r\u00e9sulte un lieu de vie qui allie avec \u00e9l\u00e9gance ouverture, s\u00e9r\u00e9nit\u00e9 et confort contemporain.  <\/p>\n\n<p class=\"wp-block-paragraph\">Le jardin, d&rsquo;une superficie exceptionnelle d&rsquo;environ 452 m\u00b2, constitue l&rsquo;un des atouts majeurs de cette propri\u00e9t\u00e9. Les terrasses, le balcon et un pavillon de piscine priv\u00e9 prolongent l&rsquo;espace de vie vers l&rsquo;ext\u00e9rieur et offrent des coins intimes pour le quotidien, pour accueillir des invit\u00e9s ou pour profiter de moments de d\u00e9tente au vert. L&rsquo;espace ext\u00e9rieur devient ainsi le c\u0153ur naturel de cette r\u00e9sidence urbaine d&rsquo;exception.  <\/p>\n\n<p class=\"wp-block-paragraph\">\u00c0 l&rsquo;int\u00e9rieur \u00e9galement, TERRA mise sur l&rsquo;espace et la qualit\u00e9. Cinq chambres, trois salles de bains, de vastes espaces de vie et une agencement soigneusement pens\u00e9 offrent beaucoup d&rsquo;espace pour la famille, le travail et les r\u00e9ceptions. Les \u00e9quipements sont haut de gamme et con\u00e7us sur mesure, avec des mat\u00e9riaux nobles, des salles de bains \u00e9l\u00e9gantes et des parquets en ch\u00eane d\u00e9clin\u00e9s en diff\u00e9rentes finitions.  <\/p>\n\n<p class=\"wp-block-paragraph\">Les technologies modernes apportent un confort suppl\u00e9mentaire. Des pi\u00e8ces \u00e0 vivre climatis\u00e9es, le chauffage au sol, un syst\u00e8me domotique intelligent et un approvisionnement \u00e9nerg\u00e9tique durable gr\u00e2ce \u00e0 une pompe \u00e0 chaleur soulignent le caract\u00e8re contemporain du projet. Un parking souterrain priv\u00e9 proposant des places de stationnement spacieuses vient compl\u00e9ter l&rsquo;offre.  <\/p>\n\n<p class=\"wp-block-paragraph\">L&#8217;emplacement compte parmi les grands atouts du H.130. Le T\u00fcrkenschanzpark, le parc du ch\u00e2teau de P\u00f6tzleinsdorf, le Sternwartepark et la for\u00eat viennoise composent un cadre verdoyant, tandis que le Kutschkermarkt, les infrastructures bien \u00e9tablies et l&rsquo;acc\u00e8s rapide au centre-ville offrent tout le confort urbain. Il en r\u00e9sulte un lieu de vie qui allie de mani\u00e8re exceptionnelle nature, intimit\u00e9 et vie urbaine.  <\/p>\n\n<p class=\"wp-block-paragraph\">TERRA est synonyme d&rsquo;habitat haut de gamme \u00e0 W\u00e4hring : spacieux, calme, raffin\u00e9 et dot\u00e9 d&rsquo;un jardin qui, en plein c\u0153ur de la ville, fait presque office de refuge priv\u00e9.<\/p>\n\n<p class=\"wp-block-paragraph\">Pour plus d&rsquo;informations : <a href=\"https:\/\/premiumliving.findmyhome.at\/immobilie\/terra-exklusive-gartenresidenz-mit-privatem-pool-am-schafberg-598\">https:\/\/premiumliving.findmyhome.at\/immobilie\/terra-exklusive-gartenresidenz-mit-privatem-pool-am-schafberg-598<\/a><\/p>\n\n<figure class=\"wp-block-gallery has-nested-images columns-default is-cropped wp-block-gallery-1 is-layout-flex wp-block-gallery-is-layout-flex\">\n<figure class=\"wp-block-image size-large\"><img decoding=\"async\" width=\"1024\" height=\"683\" data-id=\"36313\" src=\"https:\/\/myhome.at\/wp-content\/uploads\/2026\/08\/Luxusresidenz-Herbeckstrasse-130-Wien-Terra-Wohnkueche-Garten-Visualisierung-1024x683.jpg\" alt=\"R&#xE9;sidence avec jardin H.130 &#xE0; W&#xE4;hring\" class=\"wp-image-36313\" srcset=\"https:\/\/myhome.at\/wp-content\/uploads\/2026\/08\/Luxusresidenz-Herbeckstrasse-130-Wien-Terra-Wohnkueche-Garten-Visualisierung-1024x683.jpg 1024w, https:\/\/myhome.at\/wp-content\/uploads\/2026\/08\/Luxusresidenz-Herbeckstrasse-130-Wien-Terra-Wohnkueche-Garten-Visualisierung-300x200.jpg 300w, https:\/\/myhome.at\/wp-content\/uploads\/2026\/08\/Luxusresidenz-Herbeckstrasse-130-Wien-Terra-Wohnkueche-Garten-Visualisierung-768x512.jpg 768w, https:\/\/myhome.at\/wp-content\/uploads\/2026\/08\/Luxusresidenz-Herbeckstrasse-130-Wien-Terra-Wohnkueche-Garten-Visualisierung-1536x1024.jpg 1536w, https:\/\/myhome.at\/wp-content\/uploads\/2026\/08\/Luxusresidenz-Herbeckstrasse-130-Wien-Terra-Wohnkueche-Garten-Visualisierung-scaled.jpg 2048w, https:\/\/myhome.at\/wp-content\/uploads\/2026\/08\/Luxusresidenz-Herbeckstrasse-130-Wien-Terra-Wohnkueche-Garten-Visualisierung-830x553.jpg 830w, https:\/\/myhome.at\/wp-content\/uploads\/2026\/08\/Luxusresidenz-Herbeckstrasse-130-Wien-Terra-Wohnkueche-Garten-Visualisierung-1200x800.jpg 1200w\" sizes=\"(max-width: 1024px) 100vw, 1024px\" \/><figcaption class=\"wp-element-caption\">default<\/figcaption><\/figure>\n\n\n\n<figure class=\"wp-block-image size-large\"><img decoding=\"async\" width=\"1024\" height=\"683\" data-id=\"36312\" src=\"https:\/\/myhome.at\/wp-content\/uploads\/2026\/08\/Luxusresidenz-Herbeckstrasse-130-Wien-Terra-Schlafzimmer-Gartenblick-Visualisierung-1024x683.jpg\" alt=\"R&#xE9;sidence avec jardin H.130 &#xE0; W&#xE4;hring\" class=\"wp-image-36312\" srcset=\"https:\/\/myhome.at\/wp-content\/uploads\/2026\/08\/Luxusresidenz-Herbeckstrasse-130-Wien-Terra-Schlafzimmer-Gartenblick-Visualisierung-1024x683.jpg 1024w, https:\/\/myhome.at\/wp-content\/uploads\/2026\/08\/Luxusresidenz-Herbeckstrasse-130-Wien-Terra-Schlafzimmer-Gartenblick-Visualisierung-300x200.jpg 300w, https:\/\/myhome.at\/wp-content\/uploads\/2026\/08\/Luxusresidenz-Herbeckstrasse-130-Wien-Terra-Schlafzimmer-Gartenblick-Visualisierung-768x512.jpg 768w, https:\/\/myhome.at\/wp-content\/uploads\/2026\/08\/Luxusresidenz-Herbeckstrasse-130-Wien-Terra-Schlafzimmer-Gartenblick-Visualisierung-1536x1024.jpg 1536w, https:\/\/myhome.at\/wp-content\/uploads\/2026\/08\/Luxusresidenz-Herbeckstrasse-130-Wien-Terra-Schlafzimmer-Gartenblick-Visualisierung-scaled.jpg 2048w, https:\/\/myhome.at\/wp-content\/uploads\/2026\/08\/Luxusresidenz-Herbeckstrasse-130-Wien-Terra-Schlafzimmer-Gartenblick-Visualisierung-830x553.jpg 830w, https:\/\/myhome.at\/wp-content\/uploads\/2026\/08\/Luxusresidenz-Herbeckstrasse-130-Wien-Terra-Schlafzimmer-Gartenblick-Visualisierung-1200x800.jpg 1200w\" sizes=\"(max-width: 1024px) 100vw, 1024px\" \/><\/figure>\n\n\n\n<figure class=\"wp-block-image size-large\"><img decoding=\"async\" width=\"1024\" height=\"683\" data-id=\"36310\" src=\"https:\/\/myhome.at\/wp-content\/uploads\/2026\/08\/Luxusresidenz-Herbeckstrasse-130-Wien-Terra-Master-Bedroom-Terrasse-Visualisierung-1024x683.jpg\" alt=\"R&#xE9;sidence avec jardin H.130 &#xE0; W&#xE4;hring\" class=\"wp-image-36310\" srcset=\"https:\/\/myhome.at\/wp-content\/uploads\/2026\/08\/Luxusresidenz-Herbeckstrasse-130-Wien-Terra-Master-Bedroom-Terrasse-Visualisierung-1024x683.jpg 1024w, https:\/\/myhome.at\/wp-content\/uploads\/2026\/08\/Luxusresidenz-Herbeckstrasse-130-Wien-Terra-Master-Bedroom-Terrasse-Visualisierung-300x200.jpg 300w, https:\/\/myhome.at\/wp-content\/uploads\/2026\/08\/Luxusresidenz-Herbeckstrasse-130-Wien-Terra-Master-Bedroom-Terrasse-Visualisierung-768x512.jpg 768w, https:\/\/myhome.at\/wp-content\/uploads\/2026\/08\/Luxusresidenz-Herbeckstrasse-130-Wien-Terra-Master-Bedroom-Terrasse-Visualisierung-1536x1024.jpg 1536w, https:\/\/myhome.at\/wp-content\/uploads\/2026\/08\/Luxusresidenz-Herbeckstrasse-130-Wien-Terra-Master-Bedroom-Terrasse-Visualisierung-scaled.jpg 2048w, https:\/\/myhome.at\/wp-content\/uploads\/2026\/08\/Luxusresidenz-Herbeckstrasse-130-Wien-Terra-Master-Bedroom-Terrasse-Visualisierung-830x553.jpg 830w, https:\/\/myhome.at\/wp-content\/uploads\/2026\/08\/Luxusresidenz-Herbeckstrasse-130-Wien-Terra-Master-Bedroom-Terrasse-Visualisierung-1200x800.jpg 1200w\" sizes=\"(max-width: 1024px) 100vw, 1024px\" \/><\/figure>\n\n\n\n<figure class=\"wp-block-image size-large\"><img decoding=\"async\" width=\"1024\" height=\"683\" data-id=\"36309\" src=\"https:\/\/myhome.at\/wp-content\/uploads\/2026\/08\/Luxusresidenz-Herbeckstrasse-130-Wien-Terra-Essbereich-Gartenblick-Visualisierung-1024x683.jpg\" alt=\"R&#xE9;sidence avec jardin H.130 &#xE0; W&#xE4;hring\" class=\"wp-image-36309\" srcset=\"https:\/\/myhome.at\/wp-content\/uploads\/2026\/08\/Luxusresidenz-Herbeckstrasse-130-Wien-Terra-Essbereich-Gartenblick-Visualisierung-1024x683.jpg 1024w, https:\/\/myhome.at\/wp-content\/uploads\/2026\/08\/Luxusresidenz-Herbeckstrasse-130-Wien-Terra-Essbereich-Gartenblick-Visualisierung-300x200.jpg 300w, https:\/\/myhome.at\/wp-content\/uploads\/2026\/08\/Luxusresidenz-Herbeckstrasse-130-Wien-Terra-Essbereich-Gartenblick-Visualisierung-768x512.jpg 768w, https:\/\/myhome.at\/wp-content\/uploads\/2026\/08\/Luxusresidenz-Herbeckstrasse-130-Wien-Terra-Essbereich-Gartenblick-Visualisierung-1536x1024.jpg 1536w, https:\/\/myhome.at\/wp-content\/uploads\/2026\/08\/Luxusresidenz-Herbeckstrasse-130-Wien-Terra-Essbereich-Gartenblick-Visualisierung-scaled.jpg 2048w, https:\/\/myhome.at\/wp-content\/uploads\/2026\/08\/Luxusresidenz-Herbeckstrasse-130-Wien-Terra-Essbereich-Gartenblick-Visualisierung-830x553.jpg 830w, https:\/\/myhome.at\/wp-content\/uploads\/2026\/08\/Luxusresidenz-Herbeckstrasse-130-Wien-Terra-Essbereich-Gartenblick-Visualisierung-1200x800.jpg 1200w\" sizes=\"(max-width: 1024px) 100vw, 1024px\" \/><figcaption class=\"wp-element-caption\">default<\/figcaption><\/figure>\n\n\n\n<figure class=\"wp-block-image size-large\"><img decoding=\"async\" width=\"1024\" height=\"683\" data-id=\"36314\" src=\"https:\/\/myhome.at\/wp-content\/uploads\/2026\/08\/Luxusresidenz-Herbeckstrasse-130-Wien-Terra-Zimmer-Balkon-Visualisierung-1024x683.jpg\" alt=\"R&#xE9;sidence avec jardin H.130 &#xE0; W&#xE4;hring\" class=\"wp-image-36314\" srcset=\"https:\/\/myhome.at\/wp-content\/uploads\/2026\/08\/Luxusresidenz-Herbeckstrasse-130-Wien-Terra-Zimmer-Balkon-Visualisierung-1024x683.jpg 1024w, https:\/\/myhome.at\/wp-content\/uploads\/2026\/08\/Luxusresidenz-Herbeckstrasse-130-Wien-Terra-Zimmer-Balkon-Visualisierung-300x200.jpg 300w, https:\/\/myhome.at\/wp-content\/uploads\/2026\/08\/Luxusresidenz-Herbeckstrasse-130-Wien-Terra-Zimmer-Balkon-Visualisierung-768x512.jpg 768w, https:\/\/myhome.at\/wp-content\/uploads\/2026\/08\/Luxusresidenz-Herbeckstrasse-130-Wien-Terra-Zimmer-Balkon-Visualisierung-1536x1024.jpg 1536w, https:\/\/myhome.at\/wp-content\/uploads\/2026\/08\/Luxusresidenz-Herbeckstrasse-130-Wien-Terra-Zimmer-Balkon-Visualisierung-scaled.jpg 2048w, https:\/\/myhome.at\/wp-content\/uploads\/2026\/08\/Luxusresidenz-Herbeckstrasse-130-Wien-Terra-Zimmer-Balkon-Visualisierung-830x553.jpg 830w, https:\/\/myhome.at\/wp-content\/uploads\/2026\/08\/Luxusresidenz-Herbeckstrasse-130-Wien-Terra-Zimmer-Balkon-Visualisierung-1200x800.jpg 1200w\" sizes=\"(max-width: 1024px) 100vw, 1024px\" \/><\/figure>\n<\/figure>\n","protected":false},"excerpt":{"rendered":"<p>Au 130 de la Herbeckstra\u00dfe, le projet immobilier haut de gamme H.130 voit le jour au pied du Schafberg. Nich\u00e9 dans l&rsquo;un des quartiers r\u00e9sidentiels les plus pris\u00e9s de W\u00e4hring, cet immeuble allie une architecture \u00e9pur\u00e9e, des prestations haut de gamme et une proximit\u00e9 imm\u00e9diate avec la nature pour offrir un cadre de vie particuli\u00e8rement &hellip;<\/p>\n","protected":false},"author":5,"featured_media":36439,"comment_status":"closed","ping_status":"open","sticky":false,"template":"","format":"standard","meta":{"footnotes":""},"categories":[2126,2739],"tags":[],"class_list":["post-36440","post","type-post","status-publish","format-standard","has-post-thumbnail","hentry","category-homes-architecture-fr","category-reseau-de-partenaires"],"yoast_head":"<!-- This site is optimized with the Yoast SEO Premium plugin v28.3 (Yoast SEO v28.3) - https:\/\/yoast.com\/product\/yoast-seo-premium-wordpress\/ -->\n<title>Bien immobilier de la semaine \u2013 R\u00e9sidence avec jardin H.130 \u00e0 W\u00e4hring I MYHOME.AT<\/title>\n<meta name=\"description\" content=\"MYHOME.AT \u2013 Bien immobilier de la semaine : au 130 de la Herbeckstra\u00dfe, le projet immobilier haut de gamme H.130 voit le jour au pied du Schafberg.\" \/>\n<meta name=\"robots\" content=\"index, follow, max-snippet:-1, max-image-preview:large, max-video-preview:-1\" \/>\n<link rel=\"canonical\" href=\"https:\/\/myhome.at\/fr\/bien-immobilier-de-la-semaine-residence-avec-jardin-h-130-a-waehring\/\" \/>\n<meta property=\"og:locale\" content=\"fr_FR\" \/>\n<meta property=\"og:type\" content=\"article\" \/>\n<meta property=\"og:title\" content=\"MYHOME.AT I Bien immobilier de la semaine \u2013 R\u00e9sidence avec jardin H.130 \u00e0 W\u00e4hring\" \/>\n<meta property=\"og:description\" content=\"MYHOME.AT \u2013 Bien immobilier de la semaine : au 130 de la Herbeckstra\u00dfe, le projet immobilier haut de gamme H.130 voit le jour au pied du Schafberg.\" \/>\n<meta property=\"og:url\" content=\"https:\/\/myhome.at\/fr\/bien-immobilier-de-la-semaine-residence-avec-jardin-h-130-a-waehring\/\" \/>\n<meta property=\"og:site_name\" content=\"MYHOME.AT\" \/>\n<meta property=\"article:publisher\" content=\"https:\/\/www.facebook.com\/myhome.allaboutliving\/\" \/>\n<meta property=\"article:published_time\" content=\"2026-09-01T02:19:00+00:00\" \/>\n<meta property=\"og:image\" content=\"https:\/\/myhome.at\/wp-content\/uploads\/2026\/08\/Luxusresidenz-Herbeckstrasse-130-Wien-Terra-Pool-Garten-Visualisierung-scaled.jpg\" \/>\n\t<meta property=\"og:image:width\" content=\"2048\" \/>\n\t<meta property=\"og:image:height\" content=\"1366\" \/>\n\t<meta property=\"og:image:type\" content=\"image\/jpeg\" \/>\n<meta name=\"author\" content=\"Ursula Macher\" \/>\n<meta name=\"twitter:card\" content=\"summary_large_image\" \/>\n<meta name=\"twitter:label1\" content=\"\u00c9crit par\" \/>\n\t<meta name=\"twitter:data1\" content=\"Ursula Macher\" \/>\n\t<meta name=\"twitter:label2\" content=\"Dur\u00e9e de lecture estim\u00e9e\" \/>\n\t<meta name=\"twitter:data2\" content=\"2 minutes\" \/>\n<script type=\"application\/ld+json\" class=\"yoast-schema-graph\">{\"@context\":\"https:\\\/\\\/schema.org\",\"@graph\":[{\"@type\":\"Article\",\"@id\":\"https:\\\/\\\/myhome.at\\\/fr\\\/bien-immobilier-de-la-semaine-residence-avec-jardin-h-130-a-waehring\\\/#article\",\"isPartOf\":{\"@id\":\"https:\\\/\\\/myhome.at\\\/fr\\\/bien-immobilier-de-la-semaine-residence-avec-jardin-h-130-a-waehring\\\/\"},\"author\":{\"name\":\"Ursula Macher\",\"@id\":\"https:\\\/\\\/myhome.at\\\/fr\\\/#\\\/schema\\\/person\\\/41cab007ddbb9c3fc135cac1e13dbd87\"},\"headline\":\"Bien immobilier de la semaine \u2013 R\u00e9sidence avec jardin H.130 \u00e0 W\u00e4hring\",\"datePublished\":\"2026-09-01T02:19:00+00:00\",\"mainEntityOfPage\":{\"@id\":\"https:\\\/\\\/myhome.at\\\/fr\\\/bien-immobilier-de-la-semaine-residence-avec-jardin-h-130-a-waehring\\\/\"},\"wordCount\":470,\"publisher\":{\"@id\":\"https:\\\/\\\/myhome.at\\\/fr\\\/#organization\"},\"image\":{\"@id\":\"https:\\\/\\\/myhome.at\\\/fr\\\/bien-immobilier-de-la-semaine-residence-avec-jardin-h-130-a-waehring\\\/#primaryimage\"},\"thumbnailUrl\":\"https:\\\/\\\/myhome.at\\\/wp-content\\\/uploads\\\/2026\\\/08\\\/Luxusresidenz-Herbeckstrasse-130-Wien-Terra-Pool-Garten-Visualisierung-scaled.jpg\",\"articleSection\":[\"HOMES &amp; ARCHITECTURE\",\"R\u00e9seau de partenaires\"],\"inLanguage\":\"fr-FR\"},{\"@type\":\"WebPage\",\"@id\":\"https:\\\/\\\/myhome.at\\\/fr\\\/bien-immobilier-de-la-semaine-residence-avec-jardin-h-130-a-waehring\\\/\",\"url\":\"https:\\\/\\\/myhome.at\\\/fr\\\/bien-immobilier-de-la-semaine-residence-avec-jardin-h-130-a-waehring\\\/\",\"name\":\"Bien immobilier de la semaine \u2013 R\u00e9sidence avec jardin H.130 \u00e0 W\u00e4hring I MYHOME.AT\",\"isPartOf\":{\"@id\":\"https:\\\/\\\/myhome.at\\\/fr\\\/#website\"},\"primaryImageOfPage\":{\"@id\":\"https:\\\/\\\/myhome.at\\\/fr\\\/bien-immobilier-de-la-semaine-residence-avec-jardin-h-130-a-waehring\\\/#primaryimage\"},\"image\":{\"@id\":\"https:\\\/\\\/myhome.at\\\/fr\\\/bien-immobilier-de-la-semaine-residence-avec-jardin-h-130-a-waehring\\\/#primaryimage\"},\"thumbnailUrl\":\"https:\\\/\\\/myhome.at\\\/wp-content\\\/uploads\\\/2026\\\/08\\\/Luxusresidenz-Herbeckstrasse-130-Wien-Terra-Pool-Garten-Visualisierung-scaled.jpg\",\"datePublished\":\"2026-09-01T02:19:00+00:00\",\"description\":\"MYHOME.AT \u2013 Bien immobilier de la semaine : au 130 de la Herbeckstra\u00dfe, le projet immobilier haut de gamme H.130 voit le jour au pied du Schafberg.\",\"breadcrumb\":{\"@id\":\"https:\\\/\\\/myhome.at\\\/fr\\\/bien-immobilier-de-la-semaine-residence-avec-jardin-h-130-a-waehring\\\/#breadcrumb\"},\"inLanguage\":\"fr-FR\",\"potentialAction\":[{\"@type\":\"ReadAction\",\"target\":[\"https:\\\/\\\/myhome.at\\\/fr\\\/bien-immobilier-de-la-semaine-residence-avec-jardin-h-130-a-waehring\\\/\"]}]},{\"@type\":\"ImageObject\",\"inLanguage\":\"fr-FR\",\"@id\":\"https:\\\/\\\/myhome.at\\\/fr\\\/bien-immobilier-de-la-semaine-residence-avec-jardin-h-130-a-waehring\\\/#primaryimage\",\"url\":\"https:\\\/\\\/myhome.at\\\/wp-content\\\/uploads\\\/2026\\\/08\\\/Luxusresidenz-Herbeckstrasse-130-Wien-Terra-Pool-Garten-Visualisierung-scaled.jpg\",\"contentUrl\":\"https:\\\/\\\/myhome.at\\\/wp-content\\\/uploads\\\/2026\\\/08\\\/Luxusresidenz-Herbeckstrasse-130-Wien-Terra-Pool-Garten-Visualisierung-scaled.jpg\",\"width\":2048,\"height\":1366},{\"@type\":\"BreadcrumbList\",\"@id\":\"https:\\\/\\\/myhome.at\\\/fr\\\/bien-immobilier-de-la-semaine-residence-avec-jardin-h-130-a-waehring\\\/#breadcrumb\",\"itemListElement\":[{\"@type\":\"ListItem\",\"position\":1,\"name\":\"Home\",\"item\":\"https:\\\/\\\/myhome.at\\\/fr\\\/\"},{\"@type\":\"ListItem\",\"position\":2,\"name\":\"Bien immobilier de la semaine \u2013 R\u00e9sidence avec jardin H.130 \u00e0 W\u00e4hring\"}]},{\"@type\":\"WebSite\",\"@id\":\"https:\\\/\\\/myhome.at\\\/fr\\\/#website\",\"url\":\"https:\\\/\\\/myhome.at\\\/fr\\\/\",\"name\":\"MYHOME BLOG\",\"description\":\"Online-Magazin f\u00fcr Wohnen &amp; Immobilien\",\"publisher\":{\"@id\":\"https:\\\/\\\/myhome.at\\\/fr\\\/#organization\"},\"potentialAction\":[{\"@type\":\"SearchAction\",\"target\":{\"@type\":\"EntryPoint\",\"urlTemplate\":\"https:\\\/\\\/myhome.at\\\/fr\\\/?s={search_term_string}\"},\"query-input\":{\"@type\":\"PropertyValueSpecification\",\"valueRequired\":true,\"valueName\":\"search_term_string\"}}],\"inLanguage\":\"fr-FR\"},{\"@type\":\"Organization\",\"@id\":\"https:\\\/\\\/myhome.at\\\/fr\\\/#organization\",\"name\":\"MYHOME BLOG\",\"alternateName\":\"MYHOME BLOG\",\"url\":\"https:\\\/\\\/myhome.at\\\/fr\\\/\",\"logo\":{\"@type\":\"ImageObject\",\"inLanguage\":\"fr-FR\",\"@id\":\"https:\\\/\\\/myhome.at\\\/fr\\\/#\\\/schema\\\/logo\\\/image\\\/\",\"url\":\"https:\\\/\\\/myhome.at\\\/wp-content\\\/uploads\\\/2023\\\/10\\\/FMH_MYHOME_ICON_RZ_RGB_696x696.png\",\"contentUrl\":\"https:\\\/\\\/myhome.at\\\/wp-content\\\/uploads\\\/2023\\\/10\\\/FMH_MYHOME_ICON_RZ_RGB_696x696.png\",\"width\":697,\"height\":697,\"caption\":\"MYHOME BLOG\"},\"image\":{\"@id\":\"https:\\\/\\\/myhome.at\\\/fr\\\/#\\\/schema\\\/logo\\\/image\\\/\"},\"sameAs\":[\"https:\\\/\\\/www.facebook.com\\\/myhome.allaboutliving\\\/\",\"https:\\\/\\\/www.instagram.com\\\/myhome_allaboutliving\\\/\",\"https:\\\/\\\/www.linkedin.com\\\/company\\\/myhome-at\\\/\"]},{\"@type\":\"Person\",\"@id\":\"https:\\\/\\\/myhome.at\\\/fr\\\/#\\\/schema\\\/person\\\/41cab007ddbb9c3fc135cac1e13dbd87\",\"name\":\"Ursula Macher\",\"image\":{\"@type\":\"ImageObject\",\"inLanguage\":\"fr-FR\",\"@id\":\"https:\\\/\\\/secure.gravatar.com\\\/avatar\\\/cf3e40835857bf5bddd3c5d9355e9cac263ca9106de970b3c37bceb4360c3b45?s=96&d=mm&r=g\",\"url\":\"https:\\\/\\\/secure.gravatar.com\\\/avatar\\\/cf3e40835857bf5bddd3c5d9355e9cac263ca9106de970b3c37bceb4360c3b45?s=96&d=mm&r=g\",\"contentUrl\":\"https:\\\/\\\/secure.gravatar.com\\\/avatar\\\/cf3e40835857bf5bddd3c5d9355e9cac263ca9106de970b3c37bceb4360c3b45?s=96&d=mm&r=g\",\"caption\":\"Ursula Macher\"},\"url\":\"https:\\\/\\\/myhome.at\\\/fr\\\/author\\\/umacher\\\/\"}]}<\/script>\n<!-- \/ Yoast SEO Premium plugin. -->","yoast_head_json":{"title":"Bien immobilier de la semaine \u2013 R\u00e9sidence avec jardin H.130 \u00e0 W\u00e4hring I MYHOME.AT","description":"MYHOME.AT \u2013 Bien immobilier de la semaine : au 130 de la Herbeckstra\u00dfe, le projet immobilier haut de gamme H.130 voit le jour au pied du Schafberg.","robots":{"index":"index","follow":"follow","max-snippet":"max-snippet:-1","max-image-preview":"max-image-preview:large","max-video-preview":"max-video-preview:-1"},"canonical":"https:\/\/myhome.at\/fr\/bien-immobilier-de-la-semaine-residence-avec-jardin-h-130-a-waehring\/","og_locale":"fr_FR","og_type":"article","og_title":"MYHOME.AT I Bien immobilier de la semaine \u2013 R\u00e9sidence avec jardin H.130 \u00e0 W\u00e4hring","og_description":"MYHOME.AT \u2013 Bien immobilier de la semaine : au 130 de la Herbeckstra\u00dfe, le projet immobilier haut de gamme H.130 voit le jour au pied du Schafberg.","og_url":"https:\/\/myhome.at\/fr\/bien-immobilier-de-la-semaine-residence-avec-jardin-h-130-a-waehring\/","og_site_name":"MYHOME.AT","article_publisher":"https:\/\/www.facebook.com\/myhome.allaboutliving\/","article_published_time":"2026-09-01T02:19:00+00:00","og_image":[{"width":2048,"height":1366,"url":"https:\/\/myhome.at\/wp-content\/uploads\/2026\/08\/Luxusresidenz-Herbeckstrasse-130-Wien-Terra-Pool-Garten-Visualisierung-scaled.jpg","type":"image\/jpeg"}],"author":"Ursula Macher","twitter_card":"summary_large_image","twitter_misc":{"\u00c9crit par":"Ursula Macher","Dur\u00e9e de lecture estim\u00e9e":"2 minutes"},"schema":{"@context":"https:\/\/schema.org","@graph":[{"@type":"Article","@id":"https:\/\/myhome.at\/fr\/bien-immobilier-de-la-semaine-residence-avec-jardin-h-130-a-waehring\/#article","isPartOf":{"@id":"https:\/\/myhome.at\/fr\/bien-immobilier-de-la-semaine-residence-avec-jardin-h-130-a-waehring\/"},"author":{"name":"Ursula Macher","@id":"https:\/\/myhome.at\/fr\/#\/schema\/person\/41cab007ddbb9c3fc135cac1e13dbd87"},"headline":"Bien immobilier de la semaine \u2013 R\u00e9sidence avec jardin H.130 \u00e0 W\u00e4hring","datePublished":"2026-09-01T02:19:00+00:00","mainEntityOfPage":{"@id":"https:\/\/myhome.at\/fr\/bien-immobilier-de-la-semaine-residence-avec-jardin-h-130-a-waehring\/"},"wordCount":470,"publisher":{"@id":"https:\/\/myhome.at\/fr\/#organization"},"image":{"@id":"https:\/\/myhome.at\/fr\/bien-immobilier-de-la-semaine-residence-avec-jardin-h-130-a-waehring\/#primaryimage"},"thumbnailUrl":"https:\/\/myhome.at\/wp-content\/uploads\/2026\/08\/Luxusresidenz-Herbeckstrasse-130-Wien-Terra-Pool-Garten-Visualisierung-scaled.jpg","articleSection":["HOMES &amp; ARCHITECTURE","R\u00e9seau de partenaires"],"inLanguage":"fr-FR"},{"@type":"WebPage","@id":"https:\/\/myhome.at\/fr\/bien-immobilier-de-la-semaine-residence-avec-jardin-h-130-a-waehring\/","url":"https:\/\/myhome.at\/fr\/bien-immobilier-de-la-semaine-residence-avec-jardin-h-130-a-waehring\/","name":"Bien immobilier de la semaine \u2013 R\u00e9sidence avec jardin H.130 \u00e0 W\u00e4hring I MYHOME.AT","isPartOf":{"@id":"https:\/\/myhome.at\/fr\/#website"},"primaryImageOfPage":{"@id":"https:\/\/myhome.at\/fr\/bien-immobilier-de-la-semaine-residence-avec-jardin-h-130-a-waehring\/#primaryimage"},"image":{"@id":"https:\/\/myhome.at\/fr\/bien-immobilier-de-la-semaine-residence-avec-jardin-h-130-a-waehring\/#primaryimage"},"thumbnailUrl":"https:\/\/myhome.at\/wp-content\/uploads\/2026\/08\/Luxusresidenz-Herbeckstrasse-130-Wien-Terra-Pool-Garten-Visualisierung-scaled.jpg","datePublished":"2026-09-01T02:19:00+00:00","description":"MYHOME.AT \u2013 Bien immobilier de la semaine : au 130 de la Herbeckstra\u00dfe, le projet immobilier haut de gamme H.130 voit le jour au pied du Schafberg.","breadcrumb":{"@id":"https:\/\/myhome.at\/fr\/bien-immobilier-de-la-semaine-residence-avec-jardin-h-130-a-waehring\/#breadcrumb"},"inLanguage":"fr-FR","potentialAction":[{"@type":"ReadAction","target":["https:\/\/myhome.at\/fr\/bien-immobilier-de-la-semaine-residence-avec-jardin-h-130-a-waehring\/"]}]},{"@type":"ImageObject","inLanguage":"fr-FR","@id":"https:\/\/myhome.at\/fr\/bien-immobilier-de-la-semaine-residence-avec-jardin-h-130-a-waehring\/#primaryimage","url":"https:\/\/myhome.at\/wp-content\/uploads\/2026\/08\/Luxusresidenz-Herbeckstrasse-130-Wien-Terra-Pool-Garten-Visualisierung-scaled.jpg","contentUrl":"https:\/\/myhome.at\/wp-content\/uploads\/2026\/08\/Luxusresidenz-Herbeckstrasse-130-Wien-Terra-Pool-Garten-Visualisierung-scaled.jpg","width":2048,"height":1366},{"@type":"BreadcrumbList","@id":"https:\/\/myhome.at\/fr\/bien-immobilier-de-la-semaine-residence-avec-jardin-h-130-a-waehring\/#breadcrumb","itemListElement":[{"@type":"ListItem","position":1,"name":"Home","item":"https:\/\/myhome.at\/fr\/"},{"@type":"ListItem","position":2,"name":"Bien immobilier de la semaine \u2013 R\u00e9sidence avec jardin H.130 \u00e0 W\u00e4hring"}]},{"@type":"WebSite","@id":"https:\/\/myhome.at\/fr\/#website","url":"https:\/\/myhome.at\/fr\/","name":"MYHOME BLOG","description":"Online-Magazin f\u00fcr Wohnen &amp; Immobilien","publisher":{"@id":"https:\/\/myhome.at\/fr\/#organization"},"potentialAction":[{"@type":"SearchAction","target":{"@type":"EntryPoint","urlTemplate":"https:\/\/myhome.at\/fr\/?s={search_term_string}"},"query-input":{"@type":"PropertyValueSpecification","valueRequired":true,"valueName":"search_term_string"}}],"inLanguage":"fr-FR"},{"@type":"Organization","@id":"https:\/\/myhome.at\/fr\/#organization","name":"MYHOME BLOG","alternateName":"MYHOME BLOG","url":"https:\/\/myhome.at\/fr\/","logo":{"@type":"ImageObject","inLanguage":"fr-FR","@id":"https:\/\/myhome.at\/fr\/#\/schema\/logo\/image\/","url":"https:\/\/myhome.at\/wp-content\/uploads\/2023\/10\/FMH_MYHOME_ICON_RZ_RGB_696x696.png","contentUrl":"https:\/\/myhome.at\/wp-content\/uploads\/2023\/10\/FMH_MYHOME_ICON_RZ_RGB_696x696.png","width":697,"height":697,"caption":"MYHOME BLOG"},"image":{"@id":"https:\/\/myhome.at\/fr\/#\/schema\/logo\/image\/"},"sameAs":["https:\/\/www.facebook.com\/myhome.allaboutliving\/","https:\/\/www.instagram.com\/myhome_allaboutliving\/","https:\/\/www.linkedin.com\/company\/myhome-at\/"]},{"@type":"Person","@id":"https:\/\/myhome.at\/fr\/#\/schema\/person\/41cab007ddbb9c3fc135cac1e13dbd87","name":"Ursula Macher","image":{"@type":"ImageObject","inLanguage":"fr-FR","@id":"https:\/\/secure.gravatar.com\/avatar\/cf3e40835857bf5bddd3c5d9355e9cac263ca9106de970b3c37bceb4360c3b45?s=96&d=mm&r=g","url":"https:\/\/secure.gravatar.com\/avatar\/cf3e40835857bf5bddd3c5d9355e9cac263ca9106de970b3c37bceb4360c3b45?s=96&d=mm&r=g","contentUrl":"https:\/\/secure.gravatar.com\/avatar\/cf3e40835857bf5bddd3c5d9355e9cac263ca9106de970b3c37bceb4360c3b45?s=96&d=mm&r=g","caption":"Ursula Macher"},"url":"https:\/\/myhome.at\/fr\/author\/umacher\/"}]}},"_links":{"self":[{"href":"https:\/\/myhome.at\/fr\/wp-json\/wp\/v2\/posts\/36440","targetHints":{"allow":["GET"]}}],"collection":[{"href":"https:\/\/myhome.at\/fr\/wp-json\/wp\/v2\/posts"}],"about":[{"href":"https:\/\/myhome.at\/fr\/wp-json\/wp\/v2\/types\/post"}],"author":[{"embeddable":true,"href":"https:\/\/myhome.at\/fr\/wp-json\/wp\/v2\/users\/5"}],"replies":[{"embeddable":true,"href":"https:\/\/myhome.at\/fr\/wp-json\/wp\/v2\/comments?post=36440"}],"version-history":[{"count":1,"href":"https:\/\/myhome.at\/fr\/wp-json\/wp\/v2\/posts\/36440\/revisions"}],"predecessor-version":[{"id":36446,"href":"https:\/\/myhome.at\/fr\/wp-json\/wp\/v2\/posts\/36440\/revisions\/36446"}],"wp:featuredmedia":[{"embeddable":true,"href":"https:\/\/myhome.at\/fr\/wp-json\/wp\/v2\/media\/36439"}],"wp:attachment":[{"href":"https:\/\/myhome.at\/fr\/wp-json\/wp\/v2\/media?parent=36440"}],"wp:term":[{"taxonomy":"category","embeddable":true,"href":"https:\/\/myhome.at\/fr\/wp-json\/wp\/v2\/categories?post=36440"},{"taxonomy":"post_tag","embeddable":true,"href":"https:\/\/myhome.at\/fr\/wp-json\/wp\/v2\/tags?post=36440"}],"curies":[{"name":"wp","href":"https:\/\/api.w.org\/{rel}","templated":true}]}}