{"id":33606,"date":"2026-04-28T03:57:00","date_gmt":"2026-04-28T01:57:00","guid":{"rendered":"https:\/\/myhome.at\/?p=33606"},"modified":"2026-04-27T18:27:26","modified_gmt":"2026-04-27T16:27:26","slug":"materiaux-de-construction-durables-partie-4-recyclage-des-materiaux-de-construction","status":"publish","type":"post","link":"https:\/\/myhome.at\/fr\/materiaux-de-construction-durables-partie-4-recyclage-des-materiaux-de-construction\/","title":{"rendered":"Mat\u00e9riaux de construction durables, partie 4 : Recyclage des mat\u00e9riaux de construction"},"content":{"rendered":"\n<p>Nous vivons bien au-dessus de nos moyens &#8211; du moins lorsqu&rsquo;il s&rsquo;agit de la consommation de ressources. Ainsi, l&rsquo;Autriche a d\u00e9j\u00e0 \u00e9puis\u00e9 ses ressources naturelles pour l&rsquo;ann\u00e9e 2026 d\u00e9but avril, alors qu&rsquo;\u00e0 l&rsquo;\u00e9chelle mondiale, ce sera le 24 juillet. Face \u00e0 cela, l&rsquo;\u00e9conomie circulaire et le recyclage prennent de plus en plus d&rsquo;importance. Cela vaut \u00e9galement pour le recyclage des mat\u00e9riaux de construction : en effet, les mat\u00e9riaux issus de la d\u00e9molition de b\u00e2timents ou de l&rsquo;enl\u00e8vement de l&rsquo;ancien rev\u00eatement routier rec\u00e8lent de pr\u00e9cieuses mati\u00e8res premi\u00e8res ainsi que de l&rsquo;\u00e9nergie.   <\/p>\n\n<h3 class=\"wp-block-heading\" id=\"h-was-ist-baustoffrecycling-und-warum-ist-es-wichtig\"><strong>Qu&rsquo;est-ce que le recyclage des mat\u00e9riaux de construction et pourquoi est-il important ?<\/strong><\/h3>\n\n<p>Par recyclage des mat\u00e9riaux de construction, on entend la pr\u00e9paration et la r\u00e9utilisation ou la r\u00e9utilisation directe d&rsquo;anciens mat\u00e9riaux de construction.  <\/p>\n\n<p>Les avantages des mat\u00e9riaux de construction recycl\u00e9s sont \u00e9vidents : si les anciens mat\u00e9riaux de construction sont utilis\u00e9s comme source de mati\u00e8res premi\u00e8res, cela a un effet positif sur la consommation de mati\u00e8res premi\u00e8res telles que le sable, le gravier et la roche, mais aussi sur la consommation d&rsquo;\u00e9nergie. Parall\u00e8lement, le volume des d\u00e9chets est sensiblement r\u00e9duit, ce qui permet de d\u00e9sengorger les d\u00e9charges. Saviez-vous que la d\u00e9molition d&rsquo;une maison individuelle peut g\u00e9n\u00e9rer \u00e0 elle seule jusqu&rsquo;\u00e0 400 tonnes de d\u00e9chets de construction ? Si les mat\u00e9riaux de construction sont pr\u00e9par\u00e9s et r\u00e9utilis\u00e9s au niveau r\u00e9gional, les distances de transport sont en outre plus courtes et les \u00e9missions de CO2 sont ainsi r\u00e9duites.     <\/p>\n\n<h3 class=\"wp-block-heading\" id=\"h-welche-baustoffe-konnen-recycelt-werden\"><strong>Quels sont les mat\u00e9riaux de construction qui peuvent \u00eatre recycl\u00e9s ?<\/strong><\/h3>\n\n<p>Aujourd&rsquo;hui, la plupart des mat\u00e9riaux de construction peuvent \u00eatre recycl\u00e9s. Selon les donn\u00e9es de l&rsquo;Association autrichienne des entreprises de gestion des d\u00e9chets (VOEB) <strong> <\/strong>les mat\u00e9riaux min\u00e9raux tels que le b\u00e9ton, les briques, le gravier ou les carreaux sont d\u00e9j\u00e0 conserv\u00e9s \u00e0 76 % dans le cycle de construction. L&rsquo;acier et le m\u00e9tal, mais aussi les mat\u00e9riaux de construction naturels comme le bois non trait\u00e9, l&rsquo;argile ou le chanvre, ainsi que la ma\u00e7onnerie, les sols excav\u00e9s et la laine min\u00e9rale peuvent \u00eatre recycl\u00e9s.   <\/p>\n\n<p>Il ne s&rsquo;agit pas toujours de pouvoir, mais plut\u00f4t de devoir : depuis 2024, le b\u00e9ton, l&rsquo;asphalte, les d\u00e9blais routiers et le ballast des voies ferr\u00e9es ne peuvent plus \u00eatre mis en d\u00e9charge, et depuis d\u00e9but 2026, cette interdiction s&rsquo;applique \u00e9galement aux plaques de pl\u00e2tre, aux panneaux muraux en pl\u00e2tre et aux plaques de pl\u00e2tre renforc\u00e9es de fibres (plaques de pl\u00e2tre arm\u00e9es d&rsquo;un voile et plaques de pl\u00e2tre fibr\u00e9es). En 2027, l&rsquo;interdiction de mise en d\u00e9charge des laines min\u00e9rales artificielles entrera en vigueur.   <\/p>\n\n<figure class=\"wp-block-image size-large\"><img decoding=\"async\" width=\"1024\" height=\"768\" src=\"https:\/\/myhome.at\/wp-content\/uploads\/2026\/04\/Abriss_7854-house-99788-1024x768.jpg\" alt=\"Recyclage des mat&#xE9;riaux de construction, Construction durable, Mat&#xE9;riaux de construction\" class=\"wp-image-33580\" srcset=\"https:\/\/myhome.at\/wp-content\/uploads\/2026\/04\/Abriss_7854-house-99788-1024x768.jpg 1024w, https:\/\/myhome.at\/wp-content\/uploads\/2026\/04\/Abriss_7854-house-99788-300x225.jpg 300w, https:\/\/myhome.at\/wp-content\/uploads\/2026\/04\/Abriss_7854-house-99788-768x576.jpg 768w, https:\/\/myhome.at\/wp-content\/uploads\/2026\/04\/Abriss_7854-house-99788-scaled.jpg 1536w, https:\/\/myhome.at\/wp-content\/uploads\/2026\/04\/Abriss_7854-house-99788-2048x1536.jpg 2048w, https:\/\/myhome.at\/wp-content\/uploads\/2026\/04\/Abriss_7854-house-99788-830x623.jpg 830w, https:\/\/myhome.at\/wp-content\/uploads\/2026\/04\/Abriss_7854-house-99788-1200x900.jpg 1200w\" sizes=\"(max-width: 1024px) 100vw, 1024px\" \/><figcaption class=\"wp-element-caption\">Trop dommage de s&rsquo;en d\u00e9barrasser &#8211; dans l&rsquo;esprit de l&rsquo;\u00e9conomie circulaire, les b\u00e2timents d\u00e9molis deviennent une source de mati\u00e8res premi\u00e8res.<\/figcaption><\/figure>\n\n<h3 class=\"wp-block-heading\" id=\"h-wie-funktioniert-baustoffrecycling-in-der-praxis-nbsp\"><strong>Comment fonctionne le recyclage des mat\u00e9riaux de construction dans la pratique ?  <\/strong><\/h3>\n\n<p>Pour pouvoir \u00eatre r\u00e9utilis\u00e9s ou recycl\u00e9s, les mat\u00e9riaux de construction doivent \u00eatre disponibles aussi purs que possible. Le terme \u00ab\u00a0pur\u00a0\u00bb ne doit pas \u00eatre compris comme propre, mais plut\u00f4t comme exempt de substances nocives et ind\u00e9sirables. Les premiers comprennent par exemple l&rsquo;amiante, le goudron, les fibres min\u00e9rales artificielles ou les CFC ainsi que les produits de protection du bois, tandis que les seconds comprennent le verre, le pl\u00e2tre ou le m\u00e9tal. En outre, les mat\u00e9riaux de construction doivent \u00eatre tri\u00e9s. Plus ce tri est effectu\u00e9 avec soin, plus les mat\u00e9riaux de construction peuvent \u00eatre conserv\u00e9s en tant que mati\u00e8res premi\u00e8res secondaires dans le circuit.      <\/p>\n\n<p>Lorsque les diff\u00e9rents mat\u00e9riaux de construction sont recycl\u00e9s, ils sont pr\u00e9par\u00e9s en cons\u00e9quence : Le b\u00e9ton est concass\u00e9 et tamis\u00e9, il est utilis\u00e9 comme b\u00e9ton recycl\u00e9, par exemple comme base pour la construction de routes ou comme agr\u00e9gat pour la fabrication de nouveau b\u00e9ton.  <\/p>\n\n<p>Les briques ou les briques concass\u00e9es sont par exemple m\u00e9lang\u00e9es \u00e0 des substrats, par exemple pour la construction de terrains de sport, ou \u00e0 la fondation de chemins. L&rsquo;asphalte d\u00e9moli est transform\u00e9 en granul\u00e9s et trait\u00e9 pour \u00eatre finalement r\u00e9utilis\u00e9 comme rev\u00eatement de surface. Les carreaux sont \u00e9galement broy\u00e9s et utilis\u00e9s comme agr\u00e9gats dans le b\u00e9ton, l&rsquo;asphalte et d&rsquo;autres mat\u00e9riaux de construction. Quant \u00e0 l&rsquo;argile non cuite, il suffit de l&rsquo;humidifier pour pouvoir la r\u00e9utiliser.   <\/p>\n\n<p>Cependant, les carreaux, mais aussi le bois, les briques enti\u00e8res et d&rsquo;autres mat\u00e9riaux ne doivent pas n\u00e9cessairement passer par un processus de recyclage, mais peuvent souvent \u00eatre simplement r\u00e9utilis\u00e9s.<\/p>\n\n<h3 class=\"wp-block-heading\" id=\"h-was-besagt-die-recycling-baustoff-verordnung-in-osterreich-nbsp\"><strong>Que dit l&rsquo;ordonnance sur les mat\u00e9riaux de construction recycl\u00e9s en Autriche ?  <\/strong><\/h3>\n\n<p>L&rsquo;ordonnance sur les mat\u00e9riaux de construction recycl\u00e9s (RBV) vise \u00e0 promouvoir l&rsquo;\u00e9conomie circulaire et l&rsquo;efficacit\u00e9 des mat\u00e9riaux en Autriche. Elle r\u00e9glemente, d&rsquo;une part, le tri et le traitement des d\u00e9chets de construction et de d\u00e9molition et, d&rsquo;autre part, la fabrication et l&rsquo;utilisation de mat\u00e9riaux de construction recycl\u00e9s. Elle s&rsquo;applique aux projets de construction, de d\u00e9molition et de r\u00e9novation qui g\u00e9n\u00e8rent des quantit\u00e9s importantes de d\u00e9chets. <\/p>\n\n<h3 class=\"wp-block-heading\" id=\"h-sind-recycelte-baustoffe-genauso-hochwertig-wie-neue-nbsp\"><strong>Les mat\u00e9riaux de construction recycl\u00e9s sont-ils d&rsquo;aussi bonne qualit\u00e9 que les mat\u00e9riaux neufs ?  <\/strong><\/h3>\n\n<p>Les mat\u00e9riaux de construction recycl\u00e9s sont des mat\u00e9riaux de construction de haute qualit\u00e9 en deuxi\u00e8me vie. Ils ne sont pas seulement class\u00e9s dans des classes de qualit\u00e9, mais doivent \u00e9galement correspondre \u00e0 l&rsquo;\u00e9tat de la technique ainsi qu&rsquo;aux prescriptions du r\u00e8glement europ\u00e9en sur les produits de construction. Les domaines d&rsquo;utilisation sont limit\u00e9s en fonction de la classe de qualit\u00e9.  <\/p>\n\n<h3 class=\"wp-block-heading\" id=\"h-welche-baustoffe-durfen-nicht-recycelt-werden\"><strong>Quels sont les mat\u00e9riaux de construction qui ne peuvent pas \u00eatre recycl\u00e9s ?<\/strong><\/h3>\n\n<p>Selon l&rsquo;ordonnance sur les mat\u00e9riaux de construction recycl\u00e9s, les mat\u00e9riaux de construction pour lesquels une contamination est connue ou suspect\u00e9e ne peuvent pas \u00eatre utilis\u00e9s pour la fabrication de mat\u00e9riaux de construction recycl\u00e9s. En outre, il convient d&rsquo;\u00e9viter les contaminations par les substances nocives d\u00e9j\u00e0 mentionn\u00e9es telles que l&rsquo;amiante, les fibres min\u00e9rales artificielles, le goudron, l&rsquo;huile min\u00e9rale, le pl\u00e2tre ou les panneaux isolants en laine de bois li\u00e9s \u00e0 la magn\u00e9site ou au ciment. <\/p>\n\n<hr class=\"wp-block-separator has-alpha-channel-opacity\"\/>\n\n<p><strong>Contributions similaires :<\/strong><\/p>\n\n<p><a href=\"https:\/\/myhome.at\/fr\/materiaux-de-construction-durables-partie-1-construire-avec-du-bois\/\">Mat\u00e9riaux de construction durables, partie 1 : Construire avec du bois<\/a><\/p>\n\n<p><a href=\"https:\/\/myhome.at\/fr\/materiaux-de-construction-durables-partie-2-construire-avec-de-largile\/\">Mat\u00e9riaux de construction durables, partie 2 : Construire avec de l&rsquo;argile<\/a><\/p>\n\n<p><a href=\"https:\/\/myhome.at\/fr\/materiaux-de-construction-durables-partie-3-le-chanvre-comme-materiau-de-construction-a-potentiel\/\">Mat\u00e9riaux de construction durables, partie 3 : le chanvre comme mat\u00e9riau de construction \u00e0 potentiel<\/a><\/p>\n","protected":false},"excerpt":{"rendered":"<p>Nous vivons bien au-dessus de nos moyens &#8211; du moins lorsqu&rsquo;il s&rsquo;agit de la consommation de ressources. Ainsi, l&rsquo;Autriche a d\u00e9j\u00e0 \u00e9puis\u00e9 ses ressources naturelles pour l&rsquo;ann\u00e9e 2026 d\u00e9but avril, alors qu&rsquo;\u00e0 l&rsquo;\u00e9chelle mondiale, ce sera le 24 juillet. Face \u00e0 cela, l&rsquo;\u00e9conomie circulaire et le recyclage prennent de plus en plus d&rsquo;importance. Cela vaut &hellip;<\/p>\n","protected":false},"author":12,"featured_media":33605,"comment_status":"closed","ping_status":"open","sticky":false,"template":"","format":"standard","meta":{"_acf_changed":false,"footnotes":""},"categories":[2126,2127],"tags":[],"class_list":["post-33606","post","type-post","status-publish","format-standard","has-post-thumbnail","hentry","category-homes-architecture-fr","category-responsabilite"],"acf":[],"yoast_head":"<!-- This site is optimized with the Yoast SEO Premium plugin v27.4 (Yoast SEO v27.4) - https:\/\/yoast.com\/product\/yoast-seo-premium-wordpress\/ -->\n<title>Mat\u00e9riaux de construction durables, partie 4 : Recyclage des mat\u00e9riaux de construction I MYHOME.AT<\/title>\n<meta name=\"description\" content=\"Le recyclage des mat\u00e9riaux de construction offre des mati\u00e8res premi\u00e8res et de l&#039;\u00e9nergie pr\u00e9cieuses. Informez-vous sur les avantages pour l&#039;environnement et la durabilit\u00e9.\" \/>\n<meta name=\"robots\" content=\"index, follow, max-snippet:-1, max-image-preview:large, max-video-preview:-1\" \/>\n<link rel=\"canonical\" href=\"https:\/\/myhome.at\/fr\/materiaux-de-construction-durables-partie-4-recyclage-des-materiaux-de-construction\/\" \/>\n<meta property=\"og:locale\" content=\"fr_FR\" \/>\n<meta property=\"og:type\" content=\"article\" \/>\n<meta property=\"og:title\" content=\"MYHOME.AT I Mat\u00e9riaux de construction durables, partie 4 : Recyclage des mat\u00e9riaux de construction\" \/>\n<meta property=\"og:description\" content=\"Le recyclage des mat\u00e9riaux de construction offre des mati\u00e8res premi\u00e8res et de l&#039;\u00e9nergie pr\u00e9cieuses. Informez-vous sur les avantages pour l&#039;environnement et la durabilit\u00e9.\" \/>\n<meta property=\"og:url\" content=\"https:\/\/myhome.at\/fr\/materiaux-de-construction-durables-partie-4-recyclage-des-materiaux-de-construction\/\" \/>\n<meta property=\"og:site_name\" content=\"MYHOME.AT\" \/>\n<meta property=\"article:publisher\" content=\"https:\/\/www.facebook.com\/myhome.allaboutliving\/\" \/>\n<meta property=\"article:published_time\" content=\"2026-04-28T01:57:00+00:00\" \/>\n<meta property=\"og:image\" content=\"https:\/\/myhome.at\/wp-content\/uploads\/2026\/04\/Aufmacherbild_pexels-vlada-karpovich-4668363-scaled.jpg\" \/>\n\t<meta property=\"og:image:width\" content=\"1024\" \/>\n\t<meta property=\"og:image:height\" content=\"1536\" \/>\n\t<meta property=\"og:image:type\" content=\"image\/jpeg\" \/>\n<meta name=\"author\" content=\"Ursula Rischanek\" \/>\n<meta name=\"twitter:card\" content=\"summary_large_image\" \/>\n<meta name=\"twitter:label1\" content=\"\u00c9crit par\" \/>\n\t<meta name=\"twitter:data1\" content=\"Ursula Rischanek\" \/>\n\t<meta name=\"twitter:label2\" content=\"Dur\u00e9e de lecture estim\u00e9e\" \/>\n\t<meta name=\"twitter:data2\" content=\"6 minutes\" \/>\n<script type=\"application\/ld+json\" class=\"yoast-schema-graph\">{\"@context\":\"https:\\\/\\\/schema.org\",\"@graph\":[{\"@type\":\"Article\",\"@id\":\"https:\\\/\\\/myhome.at\\\/fr\\\/materiaux-de-construction-durables-partie-4-recyclage-des-materiaux-de-construction\\\/#article\",\"isPartOf\":{\"@id\":\"https:\\\/\\\/myhome.at\\\/fr\\\/materiaux-de-construction-durables-partie-4-recyclage-des-materiaux-de-construction\\\/\"},\"author\":{\"name\":\"Ursula Rischanek\",\"@id\":\"https:\\\/\\\/myhome.at\\\/fr\\\/#\\\/schema\\\/person\\\/89f10eea631b3fa55e8e75c398516a26\"},\"headline\":\"Mat\u00e9riaux de construction durables, partie 4 : Recyclage des mat\u00e9riaux de construction\",\"datePublished\":\"2026-04-28T01:57:00+00:00\",\"mainEntityOfPage\":{\"@id\":\"https:\\\/\\\/myhome.at\\\/fr\\\/materiaux-de-construction-durables-partie-4-recyclage-des-materiaux-de-construction\\\/\"},\"wordCount\":1172,\"publisher\":{\"@id\":\"https:\\\/\\\/myhome.at\\\/fr\\\/#organization\"},\"image\":{\"@id\":\"https:\\\/\\\/myhome.at\\\/fr\\\/materiaux-de-construction-durables-partie-4-recyclage-des-materiaux-de-construction\\\/#primaryimage\"},\"thumbnailUrl\":\"https:\\\/\\\/myhome.at\\\/wp-content\\\/uploads\\\/2026\\\/04\\\/Aufmacherbild_pexels-vlada-karpovich-4668363-scaled.jpg\",\"articleSection\":[\"HOMES &amp; ARCHITECTURE\",\"RESPONSABILIT\u00c9\"],\"inLanguage\":\"fr-FR\"},{\"@type\":\"WebPage\",\"@id\":\"https:\\\/\\\/myhome.at\\\/fr\\\/materiaux-de-construction-durables-partie-4-recyclage-des-materiaux-de-construction\\\/\",\"url\":\"https:\\\/\\\/myhome.at\\\/fr\\\/materiaux-de-construction-durables-partie-4-recyclage-des-materiaux-de-construction\\\/\",\"name\":\"Mat\u00e9riaux de construction durables, partie 4 : Recyclage des mat\u00e9riaux de construction I MYHOME.AT\",\"isPartOf\":{\"@id\":\"https:\\\/\\\/myhome.at\\\/fr\\\/#website\"},\"primaryImageOfPage\":{\"@id\":\"https:\\\/\\\/myhome.at\\\/fr\\\/materiaux-de-construction-durables-partie-4-recyclage-des-materiaux-de-construction\\\/#primaryimage\"},\"image\":{\"@id\":\"https:\\\/\\\/myhome.at\\\/fr\\\/materiaux-de-construction-durables-partie-4-recyclage-des-materiaux-de-construction\\\/#primaryimage\"},\"thumbnailUrl\":\"https:\\\/\\\/myhome.at\\\/wp-content\\\/uploads\\\/2026\\\/04\\\/Aufmacherbild_pexels-vlada-karpovich-4668363-scaled.jpg\",\"datePublished\":\"2026-04-28T01:57:00+00:00\",\"description\":\"Le recyclage des mat\u00e9riaux de construction offre des mati\u00e8res premi\u00e8res et de l'\u00e9nergie pr\u00e9cieuses. Informez-vous sur les avantages pour l'environnement et la durabilit\u00e9.\",\"breadcrumb\":{\"@id\":\"https:\\\/\\\/myhome.at\\\/fr\\\/materiaux-de-construction-durables-partie-4-recyclage-des-materiaux-de-construction\\\/#breadcrumb\"},\"inLanguage\":\"fr-FR\",\"potentialAction\":[{\"@type\":\"ReadAction\",\"target\":[\"https:\\\/\\\/myhome.at\\\/fr\\\/materiaux-de-construction-durables-partie-4-recyclage-des-materiaux-de-construction\\\/\"]}]},{\"@type\":\"ImageObject\",\"inLanguage\":\"fr-FR\",\"@id\":\"https:\\\/\\\/myhome.at\\\/fr\\\/materiaux-de-construction-durables-partie-4-recyclage-des-materiaux-de-construction\\\/#primaryimage\",\"url\":\"https:\\\/\\\/myhome.at\\\/wp-content\\\/uploads\\\/2026\\\/04\\\/Aufmacherbild_pexels-vlada-karpovich-4668363-scaled.jpg\",\"contentUrl\":\"https:\\\/\\\/myhome.at\\\/wp-content\\\/uploads\\\/2026\\\/04\\\/Aufmacherbild_pexels-vlada-karpovich-4668363-scaled.jpg\",\"width\":1024,\"height\":1536},{\"@type\":\"BreadcrumbList\",\"@id\":\"https:\\\/\\\/myhome.at\\\/fr\\\/materiaux-de-construction-durables-partie-4-recyclage-des-materiaux-de-construction\\\/#breadcrumb\",\"itemListElement\":[{\"@type\":\"ListItem\",\"position\":1,\"name\":\"Home\",\"item\":\"https:\\\/\\\/myhome.at\\\/fr\\\/\"},{\"@type\":\"ListItem\",\"position\":2,\"name\":\"Mat\u00e9riaux de construction durables, partie 4 : Recyclage des mat\u00e9riaux de construction\"}]},{\"@type\":\"WebSite\",\"@id\":\"https:\\\/\\\/myhome.at\\\/fr\\\/#website\",\"url\":\"https:\\\/\\\/myhome.at\\\/fr\\\/\",\"name\":\"MYHOME BLOG\",\"description\":\"Online-Magazin f\u00fcr Wohnen &amp; Immobilien\",\"publisher\":{\"@id\":\"https:\\\/\\\/myhome.at\\\/fr\\\/#organization\"},\"potentialAction\":[{\"@type\":\"SearchAction\",\"target\":{\"@type\":\"EntryPoint\",\"urlTemplate\":\"https:\\\/\\\/myhome.at\\\/fr\\\/?s={search_term_string}\"},\"query-input\":{\"@type\":\"PropertyValueSpecification\",\"valueRequired\":true,\"valueName\":\"search_term_string\"}}],\"inLanguage\":\"fr-FR\"},{\"@type\":\"Organization\",\"@id\":\"https:\\\/\\\/myhome.at\\\/fr\\\/#organization\",\"name\":\"MYHOME BLOG\",\"alternateName\":\"MYHOME BLOG\",\"url\":\"https:\\\/\\\/myhome.at\\\/fr\\\/\",\"logo\":{\"@type\":\"ImageObject\",\"inLanguage\":\"fr-FR\",\"@id\":\"https:\\\/\\\/myhome.at\\\/fr\\\/#\\\/schema\\\/logo\\\/image\\\/\",\"url\":\"https:\\\/\\\/myhome.at\\\/wp-content\\\/uploads\\\/2023\\\/10\\\/FMH_MYHOME_ICON_RZ_RGB_696x696.png\",\"contentUrl\":\"https:\\\/\\\/myhome.at\\\/wp-content\\\/uploads\\\/2023\\\/10\\\/FMH_MYHOME_ICON_RZ_RGB_696x696.png\",\"width\":697,\"height\":697,\"caption\":\"MYHOME BLOG\"},\"image\":{\"@id\":\"https:\\\/\\\/myhome.at\\\/fr\\\/#\\\/schema\\\/logo\\\/image\\\/\"},\"sameAs\":[\"https:\\\/\\\/www.facebook.com\\\/myhome.allaboutliving\\\/\",\"https:\\\/\\\/www.instagram.com\\\/myhome_allaboutliving\\\/\",\"https:\\\/\\\/www.linkedin.com\\\/company\\\/myhome-at\\\/\"]},{\"@type\":\"Person\",\"@id\":\"https:\\\/\\\/myhome.at\\\/fr\\\/#\\\/schema\\\/person\\\/89f10eea631b3fa55e8e75c398516a26\",\"name\":\"Ursula Rischanek\",\"image\":{\"@type\":\"ImageObject\",\"inLanguage\":\"fr-FR\",\"@id\":\"https:\\\/\\\/secure.gravatar.com\\\/avatar\\\/0faeec49ad0724fc92faf33d8f23e38ba17caea4b5ae0654b3f6935aa17455f5?s=96&d=mm&r=g\",\"url\":\"https:\\\/\\\/secure.gravatar.com\\\/avatar\\\/0faeec49ad0724fc92faf33d8f23e38ba17caea4b5ae0654b3f6935aa17455f5?s=96&d=mm&r=g\",\"contentUrl\":\"https:\\\/\\\/secure.gravatar.com\\\/avatar\\\/0faeec49ad0724fc92faf33d8f23e38ba17caea4b5ae0654b3f6935aa17455f5?s=96&d=mm&r=g\",\"caption\":\"Ursula Rischanek\"},\"url\":\"https:\\\/\\\/myhome.at\\\/fr\\\/author\\\/urischanek\\\/\"}]}<\/script>\n<!-- \/ Yoast SEO Premium plugin. -->","yoast_head_json":{"title":"Mat\u00e9riaux de construction durables, partie 4 : Recyclage des mat\u00e9riaux de construction I MYHOME.AT","description":"Le recyclage des mat\u00e9riaux de construction offre des mati\u00e8res premi\u00e8res et de l'\u00e9nergie pr\u00e9cieuses. Informez-vous sur les avantages pour l'environnement et la durabilit\u00e9.","robots":{"index":"index","follow":"follow","max-snippet":"max-snippet:-1","max-image-preview":"max-image-preview:large","max-video-preview":"max-video-preview:-1"},"canonical":"https:\/\/myhome.at\/fr\/materiaux-de-construction-durables-partie-4-recyclage-des-materiaux-de-construction\/","og_locale":"fr_FR","og_type":"article","og_title":"MYHOME.AT I Mat\u00e9riaux de construction durables, partie 4 : Recyclage des mat\u00e9riaux de construction","og_description":"Le recyclage des mat\u00e9riaux de construction offre des mati\u00e8res premi\u00e8res et de l'\u00e9nergie pr\u00e9cieuses. Informez-vous sur les avantages pour l'environnement et la durabilit\u00e9.","og_url":"https:\/\/myhome.at\/fr\/materiaux-de-construction-durables-partie-4-recyclage-des-materiaux-de-construction\/","og_site_name":"MYHOME.AT","article_publisher":"https:\/\/www.facebook.com\/myhome.allaboutliving\/","article_published_time":"2026-04-28T01:57:00+00:00","og_image":[{"width":1024,"height":1536,"url":"https:\/\/myhome.at\/wp-content\/uploads\/2026\/04\/Aufmacherbild_pexels-vlada-karpovich-4668363-scaled.jpg","type":"image\/jpeg"}],"author":"Ursula Rischanek","twitter_card":"summary_large_image","twitter_misc":{"\u00c9crit par":"Ursula Rischanek","Dur\u00e9e de lecture estim\u00e9e":"6 minutes"},"schema":{"@context":"https:\/\/schema.org","@graph":[{"@type":"Article","@id":"https:\/\/myhome.at\/fr\/materiaux-de-construction-durables-partie-4-recyclage-des-materiaux-de-construction\/#article","isPartOf":{"@id":"https:\/\/myhome.at\/fr\/materiaux-de-construction-durables-partie-4-recyclage-des-materiaux-de-construction\/"},"author":{"name":"Ursula Rischanek","@id":"https:\/\/myhome.at\/fr\/#\/schema\/person\/89f10eea631b3fa55e8e75c398516a26"},"headline":"Mat\u00e9riaux de construction durables, partie 4 : Recyclage des mat\u00e9riaux de construction","datePublished":"2026-04-28T01:57:00+00:00","mainEntityOfPage":{"@id":"https:\/\/myhome.at\/fr\/materiaux-de-construction-durables-partie-4-recyclage-des-materiaux-de-construction\/"},"wordCount":1172,"publisher":{"@id":"https:\/\/myhome.at\/fr\/#organization"},"image":{"@id":"https:\/\/myhome.at\/fr\/materiaux-de-construction-durables-partie-4-recyclage-des-materiaux-de-construction\/#primaryimage"},"thumbnailUrl":"https:\/\/myhome.at\/wp-content\/uploads\/2026\/04\/Aufmacherbild_pexels-vlada-karpovich-4668363-scaled.jpg","articleSection":["HOMES &amp; ARCHITECTURE","RESPONSABILIT\u00c9"],"inLanguage":"fr-FR"},{"@type":"WebPage","@id":"https:\/\/myhome.at\/fr\/materiaux-de-construction-durables-partie-4-recyclage-des-materiaux-de-construction\/","url":"https:\/\/myhome.at\/fr\/materiaux-de-construction-durables-partie-4-recyclage-des-materiaux-de-construction\/","name":"Mat\u00e9riaux de construction durables, partie 4 : Recyclage des mat\u00e9riaux de construction I MYHOME.AT","isPartOf":{"@id":"https:\/\/myhome.at\/fr\/#website"},"primaryImageOfPage":{"@id":"https:\/\/myhome.at\/fr\/materiaux-de-construction-durables-partie-4-recyclage-des-materiaux-de-construction\/#primaryimage"},"image":{"@id":"https:\/\/myhome.at\/fr\/materiaux-de-construction-durables-partie-4-recyclage-des-materiaux-de-construction\/#primaryimage"},"thumbnailUrl":"https:\/\/myhome.at\/wp-content\/uploads\/2026\/04\/Aufmacherbild_pexels-vlada-karpovich-4668363-scaled.jpg","datePublished":"2026-04-28T01:57:00+00:00","description":"Le recyclage des mat\u00e9riaux de construction offre des mati\u00e8res premi\u00e8res et de l'\u00e9nergie pr\u00e9cieuses. Informez-vous sur les avantages pour l'environnement et la durabilit\u00e9.","breadcrumb":{"@id":"https:\/\/myhome.at\/fr\/materiaux-de-construction-durables-partie-4-recyclage-des-materiaux-de-construction\/#breadcrumb"},"inLanguage":"fr-FR","potentialAction":[{"@type":"ReadAction","target":["https:\/\/myhome.at\/fr\/materiaux-de-construction-durables-partie-4-recyclage-des-materiaux-de-construction\/"]}]},{"@type":"ImageObject","inLanguage":"fr-FR","@id":"https:\/\/myhome.at\/fr\/materiaux-de-construction-durables-partie-4-recyclage-des-materiaux-de-construction\/#primaryimage","url":"https:\/\/myhome.at\/wp-content\/uploads\/2026\/04\/Aufmacherbild_pexels-vlada-karpovich-4668363-scaled.jpg","contentUrl":"https:\/\/myhome.at\/wp-content\/uploads\/2026\/04\/Aufmacherbild_pexels-vlada-karpovich-4668363-scaled.jpg","width":1024,"height":1536},{"@type":"BreadcrumbList","@id":"https:\/\/myhome.at\/fr\/materiaux-de-construction-durables-partie-4-recyclage-des-materiaux-de-construction\/#breadcrumb","itemListElement":[{"@type":"ListItem","position":1,"name":"Home","item":"https:\/\/myhome.at\/fr\/"},{"@type":"ListItem","position":2,"name":"Mat\u00e9riaux de construction durables, partie 4 : Recyclage des mat\u00e9riaux de construction"}]},{"@type":"WebSite","@id":"https:\/\/myhome.at\/fr\/#website","url":"https:\/\/myhome.at\/fr\/","name":"MYHOME BLOG","description":"Online-Magazin f\u00fcr Wohnen &amp; Immobilien","publisher":{"@id":"https:\/\/myhome.at\/fr\/#organization"},"potentialAction":[{"@type":"SearchAction","target":{"@type":"EntryPoint","urlTemplate":"https:\/\/myhome.at\/fr\/?s={search_term_string}"},"query-input":{"@type":"PropertyValueSpecification","valueRequired":true,"valueName":"search_term_string"}}],"inLanguage":"fr-FR"},{"@type":"Organization","@id":"https:\/\/myhome.at\/fr\/#organization","name":"MYHOME BLOG","alternateName":"MYHOME BLOG","url":"https:\/\/myhome.at\/fr\/","logo":{"@type":"ImageObject","inLanguage":"fr-FR","@id":"https:\/\/myhome.at\/fr\/#\/schema\/logo\/image\/","url":"https:\/\/myhome.at\/wp-content\/uploads\/2023\/10\/FMH_MYHOME_ICON_RZ_RGB_696x696.png","contentUrl":"https:\/\/myhome.at\/wp-content\/uploads\/2023\/10\/FMH_MYHOME_ICON_RZ_RGB_696x696.png","width":697,"height":697,"caption":"MYHOME BLOG"},"image":{"@id":"https:\/\/myhome.at\/fr\/#\/schema\/logo\/image\/"},"sameAs":["https:\/\/www.facebook.com\/myhome.allaboutliving\/","https:\/\/www.instagram.com\/myhome_allaboutliving\/","https:\/\/www.linkedin.com\/company\/myhome-at\/"]},{"@type":"Person","@id":"https:\/\/myhome.at\/fr\/#\/schema\/person\/89f10eea631b3fa55e8e75c398516a26","name":"Ursula Rischanek","image":{"@type":"ImageObject","inLanguage":"fr-FR","@id":"https:\/\/secure.gravatar.com\/avatar\/0faeec49ad0724fc92faf33d8f23e38ba17caea4b5ae0654b3f6935aa17455f5?s=96&d=mm&r=g","url":"https:\/\/secure.gravatar.com\/avatar\/0faeec49ad0724fc92faf33d8f23e38ba17caea4b5ae0654b3f6935aa17455f5?s=96&d=mm&r=g","contentUrl":"https:\/\/secure.gravatar.com\/avatar\/0faeec49ad0724fc92faf33d8f23e38ba17caea4b5ae0654b3f6935aa17455f5?s=96&d=mm&r=g","caption":"Ursula Rischanek"},"url":"https:\/\/myhome.at\/fr\/author\/urischanek\/"}]}},"_links":{"self":[{"href":"https:\/\/myhome.at\/fr\/wp-json\/wp\/v2\/posts\/33606","targetHints":{"allow":["GET"]}}],"collection":[{"href":"https:\/\/myhome.at\/fr\/wp-json\/wp\/v2\/posts"}],"about":[{"href":"https:\/\/myhome.at\/fr\/wp-json\/wp\/v2\/types\/post"}],"author":[{"embeddable":true,"href":"https:\/\/myhome.at\/fr\/wp-json\/wp\/v2\/users\/12"}],"replies":[{"embeddable":true,"href":"https:\/\/myhome.at\/fr\/wp-json\/wp\/v2\/comments?post=33606"}],"version-history":[{"count":1,"href":"https:\/\/myhome.at\/fr\/wp-json\/wp\/v2\/posts\/33606\/revisions"}],"predecessor-version":[{"id":33609,"href":"https:\/\/myhome.at\/fr\/wp-json\/wp\/v2\/posts\/33606\/revisions\/33609"}],"wp:featuredmedia":[{"embeddable":true,"href":"https:\/\/myhome.at\/fr\/wp-json\/wp\/v2\/media\/33605"}],"wp:attachment":[{"href":"https:\/\/myhome.at\/fr\/wp-json\/wp\/v2\/media?parent=33606"}],"wp:term":[{"taxonomy":"category","embeddable":true,"href":"https:\/\/myhome.at\/fr\/wp-json\/wp\/v2\/categories?post=33606"},{"taxonomy":"post_tag","embeddable":true,"href":"https:\/\/myhome.at\/fr\/wp-json\/wp\/v2\/tags?post=33606"}],"curies":[{"name":"wp","href":"https:\/\/api.w.org\/{rel}","templated":true}]}}