{"id":30591,"date":"2025-12-02T04:04:00","date_gmt":"2025-12-02T03:04:00","guid":{"rendered":"https:\/\/myhome.at\/?p=30591"},"modified":"2025-11-18T12:35:10","modified_gmt":"2025-11-18T11:35:10","slug":"snackification-les-mini-repas-ont-le-vent-en-poupe","status":"publish","type":"post","link":"https:\/\/myhome.at\/fr\/snackification-les-mini-repas-ont-le-vent-en-poupe\/","title":{"rendered":"Snackification : les mini-repas ont le vent en poupe"},"content":{"rendered":"\n<p><em>Les trois repas classiques par jour sont remplac\u00e9s par de petites collations entre les repas. Avec la snackification, le comportement alimentaire s&rsquo;adapte aux changements de rythmes de vie. <\/em><\/p>\n\n<p>Le temps, c&rsquo;est de l&rsquo;argent &#8211; tel un fil rouge, cette devise ne s&rsquo;applique plus seulement \u00e0 la vie professionnelle. M\u00eame dans la vie priv\u00e9e, l&rsquo;efficacit\u00e9 est de plus en plus importante. Mais le d\u00e9sir de cocher les t\u00e2ches sans perdre de temps ni d&rsquo;autres ressources n&rsquo;est pas seul en cause : parall\u00e8lement, le besoin de flexibilit\u00e9, de spontan\u00e9it\u00e9 et d&rsquo;individualit\u00e9 occupe le devant de la sc\u00e8ne.    <\/p>\n\n<p>On peut trouver des exemples de ce changement social dans de nombreux domaines de la vie, m\u00eame dans la culture alimentaire comme le montre la tendance \u00e0 la snackification.<\/p>\n\n<h3 class=\"wp-block-heading\" id=\"h-was-bedeutet-snackification\"><strong>Qu&rsquo;est-ce que la snackification ?<\/strong><\/h3>\n\n<p>La pomme du matin, le morceau de g\u00e2teau de l&rsquo;apr\u00e8s-midi, les biscuits \u00e0 grignoter et les sucreries pendant la soir\u00e9e t\u00e9l\u00e9vis\u00e9e ou le fromage r\u00e2p\u00e9 apr\u00e8s la repr\u00e9sentation th\u00e9\u00e2trale &#8211; jusqu&rsquo;\u00e0 pr\u00e9sent, les petits en-cas ou justement les snacks comme ceux-ci permettaient d&rsquo;apaiser les fringales ou tout simplement les envies. Mais aujourd&rsquo;hui, les mini-repas sont en passe de supplanter les repas traditionnels que sont le petit-d\u00e9jeuner, le d\u00e9jeuner et le d\u00eener dans le quotidien de nombreuses personnes.   <\/p>\n\n<p>La g\u00e9n\u00e9ration Z, en particulier, aime apaiser sa faim en mangeant plusieurs en-cas tout au long de la journ\u00e9e. Et ce pour une raison tr\u00e8s simple : plusieurs petites portions, g\u00e9n\u00e9ralement cinq, sont beaucoup plus faciles \u00e0 int\u00e9grer dans un quotidien de plus en plus flexible et mobile que les d\u00e9jeuners et autres. <\/p>\n\n<p>  Mais les snacks ne sont pas seulement plus petits, ils sont aussi plus sains. Contrairement aux anciens snacks, qui entrent souvent dans la cat\u00e9gorie de la malbouffe, les mini-repas modernes se caract\u00e9risent par une quantit\u00e9 suffisante de fibres, de vitamines et de min\u00e9raux, ainsi que par des acides gras polyinsatur\u00e9s et des prot\u00e9ines de qualit\u00e9. En revanche, le sel, le sucre et les mauvaises graisses sont pr\u00e9sents avec mod\u00e9ration.  <\/p>\n\n<figure class=\"wp-block-image size-large\"><img decoding=\"async\" width=\"1024\" height=\"1024\" src=\"https:\/\/myhome.at\/wp-content\/uploads\/2025\/11\/Bowl_anh-nguyen-kcA-c3f_3FE-unsplash-1024x1024.jpg\" alt=\"Snackification, snacks, mini-repas\" class=\"wp-image-30377\" srcset=\"https:\/\/myhome.at\/wp-content\/uploads\/2025\/11\/Bowl_anh-nguyen-kcA-c3f_3FE-unsplash-1024x1024.jpg 1024w, https:\/\/myhome.at\/wp-content\/uploads\/2025\/11\/Bowl_anh-nguyen-kcA-c3f_3FE-unsplash-300x300.jpg 300w, https:\/\/myhome.at\/wp-content\/uploads\/2025\/11\/Bowl_anh-nguyen-kcA-c3f_3FE-unsplash-150x150.jpg 150w, https:\/\/myhome.at\/wp-content\/uploads\/2025\/11\/Bowl_anh-nguyen-kcA-c3f_3FE-unsplash-768x768.jpg 768w, https:\/\/myhome.at\/wp-content\/uploads\/2025\/11\/Bowl_anh-nguyen-kcA-c3f_3FE-unsplash-scaled.jpg 1536w, https:\/\/myhome.at\/wp-content\/uploads\/2025\/11\/Bowl_anh-nguyen-kcA-c3f_3FE-unsplash-2048x2048.jpg 2048w, https:\/\/myhome.at\/wp-content\/uploads\/2025\/11\/Bowl_anh-nguyen-kcA-c3f_3FE-unsplash-90x90.jpg 90w, https:\/\/myhome.at\/wp-content\/uploads\/2025\/11\/Bowl_anh-nguyen-kcA-c3f_3FE-unsplash-580x580.jpg 580w, https:\/\/myhome.at\/wp-content\/uploads\/2025\/11\/Bowl_anh-nguyen-kcA-c3f_3FE-unsplash-830x830.jpg 830w, https:\/\/myhome.at\/wp-content\/uploads\/2025\/11\/Bowl_anh-nguyen-kcA-c3f_3FE-unsplash-1200x1200.jpg 1200w\" sizes=\"(max-width: 1024px) 100vw, 1024px\" \/><figcaption class=\"wp-element-caption\"><strong>La snackification<\/strong> est \u00e9galement synonyme de plaisir conscient.<\/figcaption><\/figure>\n\n<h3 class=\"wp-block-heading\" id=\"h-welche-vorteile-haben-kleine-snacks-gegenuber-grossen-mahlzeiten\"><strong>Quels sont les avantages des petits en-cas par rapport aux gros repas ?<\/strong><strong><\/strong><\/h3>\n\n<p>Les mini-repas r\u00e9partis sur la journ\u00e9e aident \u00e0 maintenir un taux de glyc\u00e9mie stable tout au long de la journ\u00e9e. Cela permet d&rsquo;une part d&rsquo;\u00e9viter les fringales provoqu\u00e9es par des variations trop importantes du taux de glyc\u00e9mie. D&rsquo;autre part, le corps est aliment\u00e9 en \u00e9nergie de mani\u00e8re r\u00e9guli\u00e8re, ce qui soutient \u00e0 son tour la capacit\u00e9 de performance et de concentration.    <\/p>\n\n<p>L&rsquo;absence de fatigue, qui survient souvent apr\u00e8s le d\u00e9jeuner, en est un signe \u00e9vident. En effet, pour assimiler les repas, le corps a besoin d&rsquo;\u00e9nergie &#8211; plus le repas est important, plus il faut alors de l&rsquo;\u00e9nergie. <\/p>\n\n<h3 class=\"wp-block-heading\" id=\"h-haben-mehrere-mini-mahlzeiten-auch-nachteile\"><strong>Plusieurs mini-repas ont-ils des inconv\u00e9nients ?<\/strong><\/h3>\n\n<p>Manger plus souvent dans la journ\u00e9e peut aussi avoir des effets n\u00e9gatifs. Surtout si les intervalles entre les repas sont trop courts. Dans ce cas, la s\u00e9cr\u00e9tion d&rsquo;insuline est permanente, ce qui peut avoir une influence n\u00e9gative sur la combustion des graisses. Il est donc important d&rsquo;accorder \u00e0 la digestion des pauses suffisantes, id\u00e9alement de trois \u00e0 cinq heures entre les repas.     <\/p>\n\n<p>Garder une vue d&rsquo;ensemble des quantit\u00e9s consomm\u00e9es peut \u00e9galement \u00eatre un d\u00e9fi &#8211; si on le perd, la snackification peut devenir un pi\u00e8ge \u00e0 calories. C&rsquo;est le cas lorsque le snack est consomm\u00e9 sur le pouce. Cela nuit \u00e0 la vigilance et on mange souvent plus que ce dont on a besoin. Mais il ne faut pas oublier autre chose : Manger ensemble est un aspect social important. Il renforce les liens et les sentiments de s\u00e9curit\u00e9 et d&rsquo;appartenance. Selon le rapport World Happiness, les personnes qui mangent plus souvent avec d&rsquo;autres font \u00e9tat d&rsquo;une satisfaction de vie nettement plus \u00e9lev\u00e9e et de sentiments plus positifs, ainsi que de moins de sentiments n\u00e9gatifs.     <\/p>\n\n<figure class=\"wp-block-image size-large\"><img decoding=\"async\" width=\"1024\" height=\"1024\" src=\"https:\/\/myhome.at\/wp-content\/uploads\/2025\/11\/Nudelgericht_michele-blackwell-rAyCBQTH7ws-unsplash-1024x1024.jpg\" alt=\"Snackification, snacks, mini-repas\" class=\"wp-image-30381\" srcset=\"https:\/\/myhome.at\/wp-content\/uploads\/2025\/11\/Nudelgericht_michele-blackwell-rAyCBQTH7ws-unsplash-1024x1024.jpg 1024w, https:\/\/myhome.at\/wp-content\/uploads\/2025\/11\/Nudelgericht_michele-blackwell-rAyCBQTH7ws-unsplash-300x300.jpg 300w, https:\/\/myhome.at\/wp-content\/uploads\/2025\/11\/Nudelgericht_michele-blackwell-rAyCBQTH7ws-unsplash-150x150.jpg 150w, https:\/\/myhome.at\/wp-content\/uploads\/2025\/11\/Nudelgericht_michele-blackwell-rAyCBQTH7ws-unsplash-768x768.jpg 768w, https:\/\/myhome.at\/wp-content\/uploads\/2025\/11\/Nudelgericht_michele-blackwell-rAyCBQTH7ws-unsplash-scaled.jpg 1536w, https:\/\/myhome.at\/wp-content\/uploads\/2025\/11\/Nudelgericht_michele-blackwell-rAyCBQTH7ws-unsplash-2048x2048.jpg 2048w, https:\/\/myhome.at\/wp-content\/uploads\/2025\/11\/Nudelgericht_michele-blackwell-rAyCBQTH7ws-unsplash-90x90.jpg 90w, https:\/\/myhome.at\/wp-content\/uploads\/2025\/11\/Nudelgericht_michele-blackwell-rAyCBQTH7ws-unsplash-580x580.jpg 580w, https:\/\/myhome.at\/wp-content\/uploads\/2025\/11\/Nudelgericht_michele-blackwell-rAyCBQTH7ws-unsplash-830x830.jpg 830w, https:\/\/myhome.at\/wp-content\/uploads\/2025\/11\/Nudelgericht_michele-blackwell-rAyCBQTH7ws-unsplash-1200x1200.jpg 1200w\" sizes=\"(max-width: 1024px) 100vw, 1024px\" \/><figcaption class=\"wp-element-caption\">Les plats de p\u00e2tes de toutes sortes sont tr\u00e8s appr\u00e9ci\u00e9s comme en-cas.<\/figcaption><\/figure>\n\n<h3 class=\"wp-block-heading\" id=\"h-welche-mini-mahlzeiten-eignen-sich-fur-unterwegs\"><strong>Quels sont les mini-repas adapt\u00e9s aux d\u00e9placements ?<\/strong><strong><\/strong><\/h3>\n\n<p>De nombreux plats peuvent servir de mini-repas \u00e0 emporter. Actuellement, les sushis, les salades et les tapas ainsi que les bols de fruits, les wraps, les bols et les plats de nouilles comme les ramen sont particuli\u00e8rement \u00e0 la mode. Certains de ces plats sont d&rsquo;ailleurs faciles \u00e0 pr\u00e9parer \u00e0 la maison et correspondent ainsi \u00e0 une autre tendance alimentaire, celle du meal prep.  <\/p>\n\n<h3 class=\"wp-block-heading\" id=\"h-wie-baut-man-gesunde-snackification-in-den-alltag-ein\"><strong>Comment int\u00e9grer la snackification saine dans la vie quotidienne ?<\/strong><strong><\/strong><\/h3>\n\n<ul class=\"wp-block-list\">\n<li>Veillez \u00e0 utiliser des ingr\u00e9dients sains, de pr\u00e9f\u00e9rence locaux et de saison.<\/li>\n\n\n\n<li>Veillez \u00e0 ce que les collations soient \u00e9quilibr\u00e9es<\/li>\n\n\n\n<li>Gardez une vue d&rsquo;ensemble de la quantit\u00e9 en pr\u00e9portionnant, si possible.  <\/li>\n\n\n\n<li>Lorsque vous mangez, mangez. \u00c9vitez les distractions, ne regardez pas l&rsquo;ordinateur, le t\u00e9l\u00e9phone portable ou la t\u00e9l\u00e9vision. Autrement dit : pratiquez l&rsquo;attention pendant que vous mangez !  <\/li>\n<\/ul>\n\n<hr class=\"wp-block-separator has-alpha-channel-opacity\"\/>\n\n<p>Contributions similaires :<\/p>\n\n<p><a href=\"https:\/\/myhome.at\/fr\/comfort-food-essen-zum-wohlfuehlen\/\">Comfort Food : de la nourriture pour se sentir bien<\/a><\/p>\n\n<p><a href=\"https:\/\/myhome.at\/fr\/ce-sont-les-tendances-alimentaires-2025\/\">Voici les tendances alimentaires de 2025<\/a><\/p>\n\n<p><a href=\"https:\/\/myhome.at\/fr\/les-bols-estivaux-plus-quune-tendance-alimentaire\/\">Les bols estivaux : plus qu&rsquo;une tendance alimentaire<\/a><\/p>\n","protected":false},"excerpt":{"rendered":"<p>Les trois repas classiques par jour sont remplac\u00e9s par de petites collations entre les repas. Avec la snackification, le comportement alimentaire s&rsquo;adapte aux changements de rythmes de vie. Le temps, c&rsquo;est de l&rsquo;argent &#8211; tel un fil rouge, cette devise ne s&rsquo;applique plus seulement \u00e0 la vie professionnelle. M\u00eame dans la vie priv\u00e9e, l&rsquo;efficacit\u00e9 est &hellip;<\/p>\n","protected":false},"author":12,"featured_media":30375,"comment_status":"closed","ping_status":"open","sticky":false,"template":"","format":"standard","meta":{"_acf_changed":false,"footnotes":""},"categories":[2728,2734,2081,2127],"tags":[],"class_list":["post-30591","post","type-post","status-publish","format-standard","has-post-thumbnail","hentry","category-bureau","category-cuisine","category-food-beverage-fr","category-responsabilite"],"acf":[],"yoast_head":"<!-- This site is optimized with the Yoast SEO Premium plugin v27.4 (Yoast SEO v27.4) - https:\/\/yoast.com\/product\/yoast-seo-premium-wordpress\/ -->\n<title>Snackification : les mini-repas ont le vent en poupe I MYHOME.AT<\/title>\n<meta name=\"description\" content=\"Les mini-repas sont \u00e0 la mode : avec la snackification, le comportement alimentaire s&#039;adapte \u00e0 l&#039;\u00e9volution des rythmes de vie.\" \/>\n<meta name=\"robots\" content=\"index, follow, max-snippet:-1, max-image-preview:large, max-video-preview:-1\" \/>\n<link rel=\"canonical\" href=\"https:\/\/myhome.at\/fr\/snackification-les-mini-repas-ont-le-vent-en-poupe\/\" \/>\n<meta property=\"og:locale\" content=\"fr_FR\" \/>\n<meta property=\"og:type\" content=\"article\" \/>\n<meta property=\"og:title\" content=\"MYHOME.AT I Snackification : les mini-repas ont le vent en poupe\" \/>\n<meta property=\"og:description\" content=\"Les mini-repas sont \u00e0 la mode : avec la snackification, le comportement alimentaire s&#039;adapte \u00e0 l&#039;\u00e9volution des rythmes de vie.\" \/>\n<meta property=\"og:url\" content=\"https:\/\/myhome.at\/fr\/snackification-les-mini-repas-ont-le-vent-en-poupe\/\" \/>\n<meta property=\"og:site_name\" content=\"MYHOME.AT\" \/>\n<meta property=\"article:publisher\" content=\"https:\/\/www.facebook.com\/myhome.allaboutliving\/\" \/>\n<meta property=\"article:published_time\" content=\"2025-12-02T03:04:00+00:00\" \/>\n<meta property=\"og:image\" content=\"https:\/\/myhome.at\/wp-content\/uploads\/2025\/11\/Aufmacherbild_charlesdeluvio-isoahNTtR14-unsplash-scaled.jpg\" \/>\n\t<meta property=\"og:image:width\" content=\"1707\" \/>\n\t<meta property=\"og:image:height\" content=\"2560\" \/>\n\t<meta property=\"og:image:type\" content=\"image\/jpeg\" \/>\n<meta name=\"author\" content=\"Ursula Rischanek\" \/>\n<meta name=\"twitter:card\" content=\"summary_large_image\" \/>\n<meta name=\"twitter:label1\" content=\"\u00c9crit par\" \/>\n\t<meta name=\"twitter:data1\" content=\"Ursula Rischanek\" \/>\n\t<meta name=\"twitter:label2\" content=\"Dur\u00e9e de lecture estim\u00e9e\" \/>\n\t<meta name=\"twitter:data2\" content=\"4 minutes\" \/>\n<script type=\"application\/ld+json\" class=\"yoast-schema-graph\">{\"@context\":\"https:\\\/\\\/schema.org\",\"@graph\":[{\"@type\":\"Article\",\"@id\":\"https:\\\/\\\/myhome.at\\\/fr\\\/snackification-les-mini-repas-ont-le-vent-en-poupe\\\/#article\",\"isPartOf\":{\"@id\":\"https:\\\/\\\/myhome.at\\\/fr\\\/snackification-les-mini-repas-ont-le-vent-en-poupe\\\/\"},\"author\":{\"name\":\"Ursula Rischanek\",\"@id\":\"https:\\\/\\\/myhome.at\\\/fr\\\/#\\\/schema\\\/person\\\/89f10eea631b3fa55e8e75c398516a26\"},\"headline\":\"Snackification : les mini-repas ont le vent en poupe\",\"datePublished\":\"2025-12-02T03:04:00+00:00\",\"mainEntityOfPage\":{\"@id\":\"https:\\\/\\\/myhome.at\\\/fr\\\/snackification-les-mini-repas-ont-le-vent-en-poupe\\\/\"},\"wordCount\":895,\"publisher\":{\"@id\":\"https:\\\/\\\/myhome.at\\\/fr\\\/#organization\"},\"image\":{\"@id\":\"https:\\\/\\\/myhome.at\\\/fr\\\/snackification-les-mini-repas-ont-le-vent-en-poupe\\\/#primaryimage\"},\"thumbnailUrl\":\"https:\\\/\\\/myhome.at\\\/wp-content\\\/uploads\\\/2025\\\/11\\\/Aufmacherbild_charlesdeluvio-isoahNTtR14-unsplash-scaled.jpg\",\"articleSection\":[\"BUREAU\",\"CUISINE\",\"FOOD &amp; BEVERAGE\",\"RESPONSABILIT\u00c9\"],\"inLanguage\":\"fr-FR\"},{\"@type\":\"WebPage\",\"@id\":\"https:\\\/\\\/myhome.at\\\/fr\\\/snackification-les-mini-repas-ont-le-vent-en-poupe\\\/\",\"url\":\"https:\\\/\\\/myhome.at\\\/fr\\\/snackification-les-mini-repas-ont-le-vent-en-poupe\\\/\",\"name\":\"Snackification : les mini-repas ont le vent en poupe I MYHOME.AT\",\"isPartOf\":{\"@id\":\"https:\\\/\\\/myhome.at\\\/fr\\\/#website\"},\"primaryImageOfPage\":{\"@id\":\"https:\\\/\\\/myhome.at\\\/fr\\\/snackification-les-mini-repas-ont-le-vent-en-poupe\\\/#primaryimage\"},\"image\":{\"@id\":\"https:\\\/\\\/myhome.at\\\/fr\\\/snackification-les-mini-repas-ont-le-vent-en-poupe\\\/#primaryimage\"},\"thumbnailUrl\":\"https:\\\/\\\/myhome.at\\\/wp-content\\\/uploads\\\/2025\\\/11\\\/Aufmacherbild_charlesdeluvio-isoahNTtR14-unsplash-scaled.jpg\",\"datePublished\":\"2025-12-02T03:04:00+00:00\",\"description\":\"Les mini-repas sont \u00e0 la mode : avec la snackification, le comportement alimentaire s'adapte \u00e0 l'\u00e9volution des rythmes de vie.\",\"breadcrumb\":{\"@id\":\"https:\\\/\\\/myhome.at\\\/fr\\\/snackification-les-mini-repas-ont-le-vent-en-poupe\\\/#breadcrumb\"},\"inLanguage\":\"fr-FR\",\"potentialAction\":[{\"@type\":\"ReadAction\",\"target\":[\"https:\\\/\\\/myhome.at\\\/fr\\\/snackification-les-mini-repas-ont-le-vent-en-poupe\\\/\"]}]},{\"@type\":\"ImageObject\",\"inLanguage\":\"fr-FR\",\"@id\":\"https:\\\/\\\/myhome.at\\\/fr\\\/snackification-les-mini-repas-ont-le-vent-en-poupe\\\/#primaryimage\",\"url\":\"https:\\\/\\\/myhome.at\\\/wp-content\\\/uploads\\\/2025\\\/11\\\/Aufmacherbild_charlesdeluvio-isoahNTtR14-unsplash-scaled.jpg\",\"contentUrl\":\"https:\\\/\\\/myhome.at\\\/wp-content\\\/uploads\\\/2025\\\/11\\\/Aufmacherbild_charlesdeluvio-isoahNTtR14-unsplash-scaled.jpg\",\"width\":1707,\"height\":2560},{\"@type\":\"BreadcrumbList\",\"@id\":\"https:\\\/\\\/myhome.at\\\/fr\\\/snackification-les-mini-repas-ont-le-vent-en-poupe\\\/#breadcrumb\",\"itemListElement\":[{\"@type\":\"ListItem\",\"position\":1,\"name\":\"Home\",\"item\":\"https:\\\/\\\/myhome.at\\\/fr\\\/\"},{\"@type\":\"ListItem\",\"position\":2,\"name\":\"Snackification : les mini-repas ont le vent en poupe\"}]},{\"@type\":\"WebSite\",\"@id\":\"https:\\\/\\\/myhome.at\\\/fr\\\/#website\",\"url\":\"https:\\\/\\\/myhome.at\\\/fr\\\/\",\"name\":\"MYHOME BLOG\",\"description\":\"Online-Magazin f\u00fcr Wohnen &amp; Immobilien\",\"publisher\":{\"@id\":\"https:\\\/\\\/myhome.at\\\/fr\\\/#organization\"},\"potentialAction\":[{\"@type\":\"SearchAction\",\"target\":{\"@type\":\"EntryPoint\",\"urlTemplate\":\"https:\\\/\\\/myhome.at\\\/fr\\\/?s={search_term_string}\"},\"query-input\":{\"@type\":\"PropertyValueSpecification\",\"valueRequired\":true,\"valueName\":\"search_term_string\"}}],\"inLanguage\":\"fr-FR\"},{\"@type\":\"Organization\",\"@id\":\"https:\\\/\\\/myhome.at\\\/fr\\\/#organization\",\"name\":\"MYHOME BLOG\",\"alternateName\":\"MYHOME BLOG\",\"url\":\"https:\\\/\\\/myhome.at\\\/fr\\\/\",\"logo\":{\"@type\":\"ImageObject\",\"inLanguage\":\"fr-FR\",\"@id\":\"https:\\\/\\\/myhome.at\\\/fr\\\/#\\\/schema\\\/logo\\\/image\\\/\",\"url\":\"https:\\\/\\\/myhome.at\\\/wp-content\\\/uploads\\\/2023\\\/10\\\/FMH_MYHOME_ICON_RZ_RGB_696x696.png\",\"contentUrl\":\"https:\\\/\\\/myhome.at\\\/wp-content\\\/uploads\\\/2023\\\/10\\\/FMH_MYHOME_ICON_RZ_RGB_696x696.png\",\"width\":697,\"height\":697,\"caption\":\"MYHOME BLOG\"},\"image\":{\"@id\":\"https:\\\/\\\/myhome.at\\\/fr\\\/#\\\/schema\\\/logo\\\/image\\\/\"},\"sameAs\":[\"https:\\\/\\\/www.facebook.com\\\/myhome.allaboutliving\\\/\",\"https:\\\/\\\/www.instagram.com\\\/myhome_allaboutliving\\\/\",\"https:\\\/\\\/www.linkedin.com\\\/company\\\/myhome-at\\\/\"]},{\"@type\":\"Person\",\"@id\":\"https:\\\/\\\/myhome.at\\\/fr\\\/#\\\/schema\\\/person\\\/89f10eea631b3fa55e8e75c398516a26\",\"name\":\"Ursula Rischanek\",\"image\":{\"@type\":\"ImageObject\",\"inLanguage\":\"fr-FR\",\"@id\":\"https:\\\/\\\/secure.gravatar.com\\\/avatar\\\/0faeec49ad0724fc92faf33d8f23e38ba17caea4b5ae0654b3f6935aa17455f5?s=96&d=mm&r=g\",\"url\":\"https:\\\/\\\/secure.gravatar.com\\\/avatar\\\/0faeec49ad0724fc92faf33d8f23e38ba17caea4b5ae0654b3f6935aa17455f5?s=96&d=mm&r=g\",\"contentUrl\":\"https:\\\/\\\/secure.gravatar.com\\\/avatar\\\/0faeec49ad0724fc92faf33d8f23e38ba17caea4b5ae0654b3f6935aa17455f5?s=96&d=mm&r=g\",\"caption\":\"Ursula Rischanek\"},\"url\":\"https:\\\/\\\/myhome.at\\\/fr\\\/author\\\/urischanek\\\/\"}]}<\/script>\n<!-- \/ Yoast SEO Premium plugin. -->","yoast_head_json":{"title":"Snackification : les mini-repas ont le vent en poupe I MYHOME.AT","description":"Les mini-repas sont \u00e0 la mode : avec la snackification, le comportement alimentaire s'adapte \u00e0 l'\u00e9volution des rythmes de vie.","robots":{"index":"index","follow":"follow","max-snippet":"max-snippet:-1","max-image-preview":"max-image-preview:large","max-video-preview":"max-video-preview:-1"},"canonical":"https:\/\/myhome.at\/fr\/snackification-les-mini-repas-ont-le-vent-en-poupe\/","og_locale":"fr_FR","og_type":"article","og_title":"MYHOME.AT I Snackification : les mini-repas ont le vent en poupe","og_description":"Les mini-repas sont \u00e0 la mode : avec la snackification, le comportement alimentaire s'adapte \u00e0 l'\u00e9volution des rythmes de vie.","og_url":"https:\/\/myhome.at\/fr\/snackification-les-mini-repas-ont-le-vent-en-poupe\/","og_site_name":"MYHOME.AT","article_publisher":"https:\/\/www.facebook.com\/myhome.allaboutliving\/","article_published_time":"2025-12-02T03:04:00+00:00","og_image":[{"width":1707,"height":2560,"url":"https:\/\/myhome.at\/wp-content\/uploads\/2025\/11\/Aufmacherbild_charlesdeluvio-isoahNTtR14-unsplash-scaled.jpg","type":"image\/jpeg"}],"author":"Ursula Rischanek","twitter_card":"summary_large_image","twitter_misc":{"\u00c9crit par":"Ursula Rischanek","Dur\u00e9e de lecture estim\u00e9e":"4 minutes"},"schema":{"@context":"https:\/\/schema.org","@graph":[{"@type":"Article","@id":"https:\/\/myhome.at\/fr\/snackification-les-mini-repas-ont-le-vent-en-poupe\/#article","isPartOf":{"@id":"https:\/\/myhome.at\/fr\/snackification-les-mini-repas-ont-le-vent-en-poupe\/"},"author":{"name":"Ursula Rischanek","@id":"https:\/\/myhome.at\/fr\/#\/schema\/person\/89f10eea631b3fa55e8e75c398516a26"},"headline":"Snackification : les mini-repas ont le vent en poupe","datePublished":"2025-12-02T03:04:00+00:00","mainEntityOfPage":{"@id":"https:\/\/myhome.at\/fr\/snackification-les-mini-repas-ont-le-vent-en-poupe\/"},"wordCount":895,"publisher":{"@id":"https:\/\/myhome.at\/fr\/#organization"},"image":{"@id":"https:\/\/myhome.at\/fr\/snackification-les-mini-repas-ont-le-vent-en-poupe\/#primaryimage"},"thumbnailUrl":"https:\/\/myhome.at\/wp-content\/uploads\/2025\/11\/Aufmacherbild_charlesdeluvio-isoahNTtR14-unsplash-scaled.jpg","articleSection":["BUREAU","CUISINE","FOOD &amp; BEVERAGE","RESPONSABILIT\u00c9"],"inLanguage":"fr-FR"},{"@type":"WebPage","@id":"https:\/\/myhome.at\/fr\/snackification-les-mini-repas-ont-le-vent-en-poupe\/","url":"https:\/\/myhome.at\/fr\/snackification-les-mini-repas-ont-le-vent-en-poupe\/","name":"Snackification : les mini-repas ont le vent en poupe I MYHOME.AT","isPartOf":{"@id":"https:\/\/myhome.at\/fr\/#website"},"primaryImageOfPage":{"@id":"https:\/\/myhome.at\/fr\/snackification-les-mini-repas-ont-le-vent-en-poupe\/#primaryimage"},"image":{"@id":"https:\/\/myhome.at\/fr\/snackification-les-mini-repas-ont-le-vent-en-poupe\/#primaryimage"},"thumbnailUrl":"https:\/\/myhome.at\/wp-content\/uploads\/2025\/11\/Aufmacherbild_charlesdeluvio-isoahNTtR14-unsplash-scaled.jpg","datePublished":"2025-12-02T03:04:00+00:00","description":"Les mini-repas sont \u00e0 la mode : avec la snackification, le comportement alimentaire s'adapte \u00e0 l'\u00e9volution des rythmes de vie.","breadcrumb":{"@id":"https:\/\/myhome.at\/fr\/snackification-les-mini-repas-ont-le-vent-en-poupe\/#breadcrumb"},"inLanguage":"fr-FR","potentialAction":[{"@type":"ReadAction","target":["https:\/\/myhome.at\/fr\/snackification-les-mini-repas-ont-le-vent-en-poupe\/"]}]},{"@type":"ImageObject","inLanguage":"fr-FR","@id":"https:\/\/myhome.at\/fr\/snackification-les-mini-repas-ont-le-vent-en-poupe\/#primaryimage","url":"https:\/\/myhome.at\/wp-content\/uploads\/2025\/11\/Aufmacherbild_charlesdeluvio-isoahNTtR14-unsplash-scaled.jpg","contentUrl":"https:\/\/myhome.at\/wp-content\/uploads\/2025\/11\/Aufmacherbild_charlesdeluvio-isoahNTtR14-unsplash-scaled.jpg","width":1707,"height":2560},{"@type":"BreadcrumbList","@id":"https:\/\/myhome.at\/fr\/snackification-les-mini-repas-ont-le-vent-en-poupe\/#breadcrumb","itemListElement":[{"@type":"ListItem","position":1,"name":"Home","item":"https:\/\/myhome.at\/fr\/"},{"@type":"ListItem","position":2,"name":"Snackification : les mini-repas ont le vent en poupe"}]},{"@type":"WebSite","@id":"https:\/\/myhome.at\/fr\/#website","url":"https:\/\/myhome.at\/fr\/","name":"MYHOME BLOG","description":"Online-Magazin f\u00fcr Wohnen &amp; Immobilien","publisher":{"@id":"https:\/\/myhome.at\/fr\/#organization"},"potentialAction":[{"@type":"SearchAction","target":{"@type":"EntryPoint","urlTemplate":"https:\/\/myhome.at\/fr\/?s={search_term_string}"},"query-input":{"@type":"PropertyValueSpecification","valueRequired":true,"valueName":"search_term_string"}}],"inLanguage":"fr-FR"},{"@type":"Organization","@id":"https:\/\/myhome.at\/fr\/#organization","name":"MYHOME BLOG","alternateName":"MYHOME BLOG","url":"https:\/\/myhome.at\/fr\/","logo":{"@type":"ImageObject","inLanguage":"fr-FR","@id":"https:\/\/myhome.at\/fr\/#\/schema\/logo\/image\/","url":"https:\/\/myhome.at\/wp-content\/uploads\/2023\/10\/FMH_MYHOME_ICON_RZ_RGB_696x696.png","contentUrl":"https:\/\/myhome.at\/wp-content\/uploads\/2023\/10\/FMH_MYHOME_ICON_RZ_RGB_696x696.png","width":697,"height":697,"caption":"MYHOME BLOG"},"image":{"@id":"https:\/\/myhome.at\/fr\/#\/schema\/logo\/image\/"},"sameAs":["https:\/\/www.facebook.com\/myhome.allaboutliving\/","https:\/\/www.instagram.com\/myhome_allaboutliving\/","https:\/\/www.linkedin.com\/company\/myhome-at\/"]},{"@type":"Person","@id":"https:\/\/myhome.at\/fr\/#\/schema\/person\/89f10eea631b3fa55e8e75c398516a26","name":"Ursula Rischanek","image":{"@type":"ImageObject","inLanguage":"fr-FR","@id":"https:\/\/secure.gravatar.com\/avatar\/0faeec49ad0724fc92faf33d8f23e38ba17caea4b5ae0654b3f6935aa17455f5?s=96&d=mm&r=g","url":"https:\/\/secure.gravatar.com\/avatar\/0faeec49ad0724fc92faf33d8f23e38ba17caea4b5ae0654b3f6935aa17455f5?s=96&d=mm&r=g","contentUrl":"https:\/\/secure.gravatar.com\/avatar\/0faeec49ad0724fc92faf33d8f23e38ba17caea4b5ae0654b3f6935aa17455f5?s=96&d=mm&r=g","caption":"Ursula Rischanek"},"url":"https:\/\/myhome.at\/fr\/author\/urischanek\/"}]}},"_links":{"self":[{"href":"https:\/\/myhome.at\/fr\/wp-json\/wp\/v2\/posts\/30591","targetHints":{"allow":["GET"]}}],"collection":[{"href":"https:\/\/myhome.at\/fr\/wp-json\/wp\/v2\/posts"}],"about":[{"href":"https:\/\/myhome.at\/fr\/wp-json\/wp\/v2\/types\/post"}],"author":[{"embeddable":true,"href":"https:\/\/myhome.at\/fr\/wp-json\/wp\/v2\/users\/12"}],"replies":[{"embeddable":true,"href":"https:\/\/myhome.at\/fr\/wp-json\/wp\/v2\/comments?post=30591"}],"version-history":[{"count":1,"href":"https:\/\/myhome.at\/fr\/wp-json\/wp\/v2\/posts\/30591\/revisions"}],"predecessor-version":[{"id":30592,"href":"https:\/\/myhome.at\/fr\/wp-json\/wp\/v2\/posts\/30591\/revisions\/30592"}],"wp:featuredmedia":[{"embeddable":true,"href":"https:\/\/myhome.at\/fr\/wp-json\/wp\/v2\/media\/30375"}],"wp:attachment":[{"href":"https:\/\/myhome.at\/fr\/wp-json\/wp\/v2\/media?parent=30591"}],"wp:term":[{"taxonomy":"category","embeddable":true,"href":"https:\/\/myhome.at\/fr\/wp-json\/wp\/v2\/categories?post=30591"},{"taxonomy":"post_tag","embeddable":true,"href":"https:\/\/myhome.at\/fr\/wp-json\/wp\/v2\/tags?post=30591"}],"curies":[{"name":"wp","href":"https:\/\/api.w.org\/{rel}","templated":true}]}}