{"id":27219,"date":"2025-06-19T05:20:00","date_gmt":"2025-06-19T03:20:00","guid":{"rendered":"https:\/\/myhome.at\/?p=27219"},"modified":"2025-06-04T08:36:12","modified_gmt":"2025-06-04T06:36:12","slug":"permaculture-tout-ce-que-vous-devez-savoir","status":"publish","type":"post","link":"https:\/\/myhome.at\/fr\/permaculture-tout-ce-que-vous-devez-savoir\/","title":{"rendered":"Permaculture : tout ce que vous devez savoir"},"content":{"rendered":"\n<p>Le concept de permaculture est n\u00e9 de la col\u00e8re suscit\u00e9e par le manque de respect de la nature. Entre-temps, cette philosophie ne se limite plus au jardinage et \u00e0 l&rsquo;agriculture, mais est devenue une philosophie de vie globale. <\/p>\n\n<h3 class=\"wp-block-heading\" id=\"h-was-ist-unter-dem-begriff-permakultur-zu-verstehen\"><strong>Qu&rsquo;est-ce que le terme \u00ab permaculture \u00bb ?<\/strong><\/h3>\n\n<p>\u00ab La philosophie qui se cache derri\u00e8re la permaculture veut travailler avec et non contre la nature, c&rsquo;est une philosophie d&rsquo;observation continue et r\u00e9fl\u00e9chie et non d&rsquo;action continue et irr\u00e9fl\u00e9chie ; elle consid\u00e8re les syst\u00e8mes dans toutes leurs fonctions plut\u00f4t que d&rsquo;exiger d&rsquo;eux une sorte de rendement \u00bb &#8211; c&rsquo;est ainsi que l&rsquo;Australien Bill Mollison a d\u00e9fini le concept de permaculture. Il a invent\u00e9 ce terme dans les ann\u00e9es 1970 avec David Holmgren, en combinant les mots anglais \u00ab permanent \u00bb et \u00ab (agri)culture \u00bb. <\/p>\n\n<p>Aujourd&rsquo;hui, la permaculture va bien au-del\u00e0 de la gestion responsable de la nature et de la terre. Elle englobe \u00e9galement les domaines de l&rsquo;environnement construit, des outils et des technologies, de l \u00ab \u00e9ducation et de la culture, de la sant\u00e9 et du bien-\u00eatre, des finances et de l \u00bb \u00e9conomie, de la politique, de la communaut\u00e9 et des affaires sociales.   <\/p>\n\n<p>L&rsquo;un des repr\u00e9sentants les plus connus de la permaculture en Autriche est le paysan de montagne salzbourgeois Sepp Holzer, qui a cr\u00e9\u00e9 depuis les ann\u00e9es 1990 l&rsquo;un des plus grands syst\u00e8mes de permaculture fonctionnels d&rsquo;Europe sur 45 hectares \u00e0 une altitude de 1.000 \u00e0 1.500 m\u00e8tres.<\/p>\n\n<h3 class=\"wp-block-heading\" id=\"h-was-sind-die-prinzipien-der-permakultur\"><strong>Quels sont les principes de la permaculture ?<\/strong><\/h3>\n\n<p>Derri\u00e8re la permaculture se cachent trois principes \u00e9thiques : Earth Care (prendre soin de la terre), People Care (prendre soin des gens) et Fair Share (limiter la consommation et la croissance et partager les surplus) &#8211; ils ne sont d&rsquo;ailleurs plus seulement appliqu\u00e9s au jardin et \u00e0 l&rsquo;agriculture, mais \u00e0 l&rsquo;ensemble de la soci\u00e9t\u00e9.  <\/p>\n\n<p>Les principes de conception des jardiniers en permaculture en d\u00e9coulent : il s&rsquo;agit par exemple de renoncer aux pesticides et aux herbicides, de cr\u00e9er de la diversit\u00e9 et des cultures mixtes, de favoriser la biodiversit\u00e9, de pailler, de composter, de produire ses propres semences et de cr\u00e9er ainsi des cycles naturels.  <\/p>\n\n<figure class=\"wp-block-image size-large\"><img decoding=\"async\" width=\"1024\" height=\"682\" src=\"https:\/\/myhome.at\/wp-content\/uploads\/2025\/06\/Komposthaufen_Bild-von-Ben-Kerckx-auf-Pixabay-1024x682.jpg\" alt=\"Permaculture, compost, tas de compost\" class=\"wp-image-27147\" srcset=\"https:\/\/myhome.at\/wp-content\/uploads\/2025\/06\/Komposthaufen_Bild-von-Ben-Kerckx-auf-Pixabay-1024x682.jpg 1024w, https:\/\/myhome.at\/wp-content\/uploads\/2025\/06\/Komposthaufen_Bild-von-Ben-Kerckx-auf-Pixabay-300x200.jpg 300w, https:\/\/myhome.at\/wp-content\/uploads\/2025\/06\/Komposthaufen_Bild-von-Ben-Kerckx-auf-Pixabay-768x511.jpg 768w, https:\/\/myhome.at\/wp-content\/uploads\/2025\/06\/Komposthaufen_Bild-von-Ben-Kerckx-auf-Pixabay-830x552.jpg 830w, https:\/\/myhome.at\/wp-content\/uploads\/2025\/06\/Komposthaufen_Bild-von-Ben-Kerckx-auf-Pixabay-1200x799.jpg 1200w, https:\/\/myhome.at\/wp-content\/uploads\/2025\/06\/Komposthaufen_Bild-von-Ben-Kerckx-auf-Pixabay.jpg 1280w\" sizes=\"(max-width: 1024px) 100vw, 1024px\" \/><figcaption class=\"wp-element-caption\">Avec le tas de compost, la pens\u00e9e circulaire est respect\u00e9e.<\/figcaption><\/figure>\n\n<h3 class=\"wp-block-heading\" id=\"h-was-spricht-dafur\"><strong>Pourquoi ?<\/strong><\/h3>\n\n<p>Ce qui parle clairement en faveur de la permaculture appliqu\u00e9e au jardin, c&rsquo;est que l&rsquo;accent est mis sur l&rsquo;utilisation respectueuse de la nature et de ses ressources.<\/p>\n\n<h3 class=\"wp-block-heading\" id=\"h-wie-beginnt-man-mit-permakultur\"><strong>Comment commencer la permaculture ?<\/strong><\/h3>\n\n<p>Les bases les plus importantes sont l&rsquo;observation et la planification. Dans un premier temps, il convient donc d&rsquo;examiner son jardin \u00e0 la loupe : Quelle est la nature du sol, quelles sont les conditions climatiques, quelles sont les plantes pr\u00e9sentes ? Sur cette base, on peut enfin commencer \u00e0 planifier le jardin en permaculture. Il est important de garder \u00e0 l&rsquo;esprit que toute intervention, m\u00eame minime, aura des r\u00e9percussions sur le reste du jardin.   <\/p>\n\n<h3 class=\"wp-block-heading\" id=\"h-gibt-es-auch-nachteile\"><strong>Y a-t-il des inconv\u00e9nients ?<\/strong><\/h3>\n\n<p>Oui, il y a aussi des faiblesses dans ce syst\u00e8me. La plus grande d&rsquo;entre elles est sans doute l&rsquo;\u00e9norme investissement en temps dans la phase initiale. Non seulement la planification mentionn\u00e9e plus haut prend du temps, mais le plan doit \u00e9galement \u00eatre mis en \u0153uvre avec soin. Mais l&rsquo;effort en vaut d\u00e9finitivement la peine.   <\/p>\n\n<hr class=\"wp-block-separator has-alpha-channel-opacity\"\/>\n\n<p><br\/><a href=\"https:\/\/myhome.at\/fr\/die-besten-partner-im-gemuesebeet\/\">Planter des l\u00e9gumes c\u00f4te \u00e0 c\u00f4te : Les meilleurs partenaires dans les plates-bandes<\/a><\/p>\n\n<p><a href=\"https:\/\/myhome.at\/fr\/pflanzen-natuerlich-duengen\/\">Fertiliser les plantes naturellement<\/a><\/p>\n\n<p><a href=\"https:\/\/myhome.at\/fr\/lutte-contre-les-nuisibles-dans-le-jardin\/\">Lutte contre les nuisibles dans le jardin sans produits chimiques<\/a><\/p>\n","protected":false},"excerpt":{"rendered":"<p>Le concept de permaculture est n\u00e9 de la col\u00e8re suscit\u00e9e par le manque de respect de la nature. Entre-temps, cette philosophie ne se limite plus au jardinage et \u00e0 l&rsquo;agriculture, mais est devenue une philosophie de vie globale. Qu&rsquo;est-ce que le terme \u00ab permaculture \u00bb ? \u00ab La philosophie qui se cache derri\u00e8re la permaculture &hellip;<\/p>\n","protected":false},"author":12,"featured_media":27153,"comment_status":"closed","ping_status":"open","sticky":false,"template":"","format":"standard","meta":{"_acf_changed":false,"footnotes":""},"categories":[2112],"tags":[],"class_list":["post-27219","post","type-post","status-publish","format-standard","has-post-thumbnail","hentry","category-exterieur-jardin"],"acf":[],"yoast_head":"<!-- This site is optimized with the Yoast SEO Premium plugin v27.4 (Yoast SEO v27.4) - https:\/\/yoast.com\/product\/yoast-seo-premium-wordpress\/ -->\n<title>Permaculture : tout ce que vous devez savoir I MYHOME.AT<\/title>\n<meta name=\"description\" content=\"C&#039;est l&#039;agacement face \u00e0 la n\u00e9gligence de la nature qui a d\u00e9clench\u00e9 le concept de permaculture. Aujourd&#039;hui, il s&#039;agit d&#039;une philosophie de vie.\" \/>\n<meta name=\"robots\" content=\"index, follow, max-snippet:-1, max-image-preview:large, max-video-preview:-1\" \/>\n<link rel=\"canonical\" href=\"https:\/\/myhome.at\/fr\/permaculture-tout-ce-que-vous-devez-savoir\/\" \/>\n<meta property=\"og:locale\" content=\"fr_FR\" \/>\n<meta property=\"og:type\" content=\"article\" \/>\n<meta property=\"og:title\" content=\"MYHOME.AT I Permaculture : tout ce que vous devez savoir\" \/>\n<meta property=\"og:description\" content=\"C&#039;est l&#039;agacement face \u00e0 la n\u00e9gligence de la nature qui a d\u00e9clench\u00e9 le concept de permaculture. Aujourd&#039;hui, il s&#039;agit d&#039;une philosophie de vie.\" \/>\n<meta property=\"og:url\" content=\"https:\/\/myhome.at\/fr\/permaculture-tout-ce-que-vous-devez-savoir\/\" \/>\n<meta property=\"og:site_name\" content=\"MYHOME.AT\" \/>\n<meta property=\"article:publisher\" content=\"https:\/\/www.facebook.com\/myhome.allaboutliving\/\" \/>\n<meta property=\"article:published_time\" content=\"2025-06-19T03:20:00+00:00\" \/>\n<meta property=\"og:image\" content=\"https:\/\/myhome.at\/wp-content\/uploads\/2025\/06\/Vielfalt-im-Garten-1_Foto-von-Marco-de-Winter-auf-Unsplash-scaled.jpg\" \/>\n\t<meta property=\"og:image:width\" content=\"2560\" \/>\n\t<meta property=\"og:image:height\" content=\"1438\" \/>\n\t<meta property=\"og:image:type\" content=\"image\/jpeg\" \/>\n<meta name=\"author\" content=\"Ursula Rischanek\" \/>\n<meta name=\"twitter:card\" content=\"summary_large_image\" \/>\n<meta name=\"twitter:label1\" content=\"\u00c9crit par\" \/>\n\t<meta name=\"twitter:data1\" content=\"Ursula Rischanek\" \/>\n\t<meta name=\"twitter:label2\" content=\"Dur\u00e9e de lecture estim\u00e9e\" \/>\n\t<meta name=\"twitter:data2\" content=\"3 minutes\" \/>\n<script type=\"application\/ld+json\" class=\"yoast-schema-graph\">{\"@context\":\"https:\\\/\\\/schema.org\",\"@graph\":[{\"@type\":\"Article\",\"@id\":\"https:\\\/\\\/myhome.at\\\/fr\\\/permaculture-tout-ce-que-vous-devez-savoir\\\/#article\",\"isPartOf\":{\"@id\":\"https:\\\/\\\/myhome.at\\\/fr\\\/permaculture-tout-ce-que-vous-devez-savoir\\\/\"},\"author\":{\"name\":\"Ursula Rischanek\",\"@id\":\"https:\\\/\\\/myhome.at\\\/fr\\\/#\\\/schema\\\/person\\\/89f10eea631b3fa55e8e75c398516a26\"},\"headline\":\"Permaculture : tout ce que vous devez savoir\",\"datePublished\":\"2025-06-19T03:20:00+00:00\",\"mainEntityOfPage\":{\"@id\":\"https:\\\/\\\/myhome.at\\\/fr\\\/permaculture-tout-ce-que-vous-devez-savoir\\\/\"},\"wordCount\":591,\"publisher\":{\"@id\":\"https:\\\/\\\/myhome.at\\\/fr\\\/#organization\"},\"image\":{\"@id\":\"https:\\\/\\\/myhome.at\\\/fr\\\/permaculture-tout-ce-que-vous-devez-savoir\\\/#primaryimage\"},\"thumbnailUrl\":\"https:\\\/\\\/myhome.at\\\/wp-content\\\/uploads\\\/2025\\\/06\\\/Vielfalt-im-Garten-1_Foto-von-Marco-de-Winter-auf-Unsplash-scaled.jpg\",\"articleSection\":[\"EXT\u00c9RIEUR &amp; JARDIN\"],\"inLanguage\":\"fr-FR\"},{\"@type\":\"WebPage\",\"@id\":\"https:\\\/\\\/myhome.at\\\/fr\\\/permaculture-tout-ce-que-vous-devez-savoir\\\/\",\"url\":\"https:\\\/\\\/myhome.at\\\/fr\\\/permaculture-tout-ce-que-vous-devez-savoir\\\/\",\"name\":\"Permaculture : tout ce que vous devez savoir I MYHOME.AT\",\"isPartOf\":{\"@id\":\"https:\\\/\\\/myhome.at\\\/fr\\\/#website\"},\"primaryImageOfPage\":{\"@id\":\"https:\\\/\\\/myhome.at\\\/fr\\\/permaculture-tout-ce-que-vous-devez-savoir\\\/#primaryimage\"},\"image\":{\"@id\":\"https:\\\/\\\/myhome.at\\\/fr\\\/permaculture-tout-ce-que-vous-devez-savoir\\\/#primaryimage\"},\"thumbnailUrl\":\"https:\\\/\\\/myhome.at\\\/wp-content\\\/uploads\\\/2025\\\/06\\\/Vielfalt-im-Garten-1_Foto-von-Marco-de-Winter-auf-Unsplash-scaled.jpg\",\"datePublished\":\"2025-06-19T03:20:00+00:00\",\"description\":\"C'est l'agacement face \u00e0 la n\u00e9gligence de la nature qui a d\u00e9clench\u00e9 le concept de permaculture. Aujourd'hui, il s'agit d'une philosophie de vie.\",\"breadcrumb\":{\"@id\":\"https:\\\/\\\/myhome.at\\\/fr\\\/permaculture-tout-ce-que-vous-devez-savoir\\\/#breadcrumb\"},\"inLanguage\":\"fr-FR\",\"potentialAction\":[{\"@type\":\"ReadAction\",\"target\":[\"https:\\\/\\\/myhome.at\\\/fr\\\/permaculture-tout-ce-que-vous-devez-savoir\\\/\"]}]},{\"@type\":\"ImageObject\",\"inLanguage\":\"fr-FR\",\"@id\":\"https:\\\/\\\/myhome.at\\\/fr\\\/permaculture-tout-ce-que-vous-devez-savoir\\\/#primaryimage\",\"url\":\"https:\\\/\\\/myhome.at\\\/wp-content\\\/uploads\\\/2025\\\/06\\\/Vielfalt-im-Garten-1_Foto-von-Marco-de-Winter-auf-Unsplash-scaled.jpg\",\"contentUrl\":\"https:\\\/\\\/myhome.at\\\/wp-content\\\/uploads\\\/2025\\\/06\\\/Vielfalt-im-Garten-1_Foto-von-Marco-de-Winter-auf-Unsplash-scaled.jpg\",\"width\":2560,\"height\":1438},{\"@type\":\"BreadcrumbList\",\"@id\":\"https:\\\/\\\/myhome.at\\\/fr\\\/permaculture-tout-ce-que-vous-devez-savoir\\\/#breadcrumb\",\"itemListElement\":[{\"@type\":\"ListItem\",\"position\":1,\"name\":\"Home\",\"item\":\"https:\\\/\\\/myhome.at\\\/fr\\\/\"},{\"@type\":\"ListItem\",\"position\":2,\"name\":\"Permaculture : tout ce que vous devez savoir\"}]},{\"@type\":\"WebSite\",\"@id\":\"https:\\\/\\\/myhome.at\\\/fr\\\/#website\",\"url\":\"https:\\\/\\\/myhome.at\\\/fr\\\/\",\"name\":\"MYHOME BLOG\",\"description\":\"Online-Magazin f\u00fcr Wohnen &amp; Immobilien\",\"publisher\":{\"@id\":\"https:\\\/\\\/myhome.at\\\/fr\\\/#organization\"},\"potentialAction\":[{\"@type\":\"SearchAction\",\"target\":{\"@type\":\"EntryPoint\",\"urlTemplate\":\"https:\\\/\\\/myhome.at\\\/fr\\\/?s={search_term_string}\"},\"query-input\":{\"@type\":\"PropertyValueSpecification\",\"valueRequired\":true,\"valueName\":\"search_term_string\"}}],\"inLanguage\":\"fr-FR\"},{\"@type\":\"Organization\",\"@id\":\"https:\\\/\\\/myhome.at\\\/fr\\\/#organization\",\"name\":\"MYHOME BLOG\",\"alternateName\":\"MYHOME BLOG\",\"url\":\"https:\\\/\\\/myhome.at\\\/fr\\\/\",\"logo\":{\"@type\":\"ImageObject\",\"inLanguage\":\"fr-FR\",\"@id\":\"https:\\\/\\\/myhome.at\\\/fr\\\/#\\\/schema\\\/logo\\\/image\\\/\",\"url\":\"https:\\\/\\\/myhome.at\\\/wp-content\\\/uploads\\\/2023\\\/10\\\/FMH_MYHOME_ICON_RZ_RGB_696x696.png\",\"contentUrl\":\"https:\\\/\\\/myhome.at\\\/wp-content\\\/uploads\\\/2023\\\/10\\\/FMH_MYHOME_ICON_RZ_RGB_696x696.png\",\"width\":697,\"height\":697,\"caption\":\"MYHOME BLOG\"},\"image\":{\"@id\":\"https:\\\/\\\/myhome.at\\\/fr\\\/#\\\/schema\\\/logo\\\/image\\\/\"},\"sameAs\":[\"https:\\\/\\\/www.facebook.com\\\/myhome.allaboutliving\\\/\",\"https:\\\/\\\/www.instagram.com\\\/myhome_allaboutliving\\\/\",\"https:\\\/\\\/www.linkedin.com\\\/company\\\/myhome-at\\\/\"]},{\"@type\":\"Person\",\"@id\":\"https:\\\/\\\/myhome.at\\\/fr\\\/#\\\/schema\\\/person\\\/89f10eea631b3fa55e8e75c398516a26\",\"name\":\"Ursula Rischanek\",\"image\":{\"@type\":\"ImageObject\",\"inLanguage\":\"fr-FR\",\"@id\":\"https:\\\/\\\/secure.gravatar.com\\\/avatar\\\/0faeec49ad0724fc92faf33d8f23e38ba17caea4b5ae0654b3f6935aa17455f5?s=96&d=mm&r=g\",\"url\":\"https:\\\/\\\/secure.gravatar.com\\\/avatar\\\/0faeec49ad0724fc92faf33d8f23e38ba17caea4b5ae0654b3f6935aa17455f5?s=96&d=mm&r=g\",\"contentUrl\":\"https:\\\/\\\/secure.gravatar.com\\\/avatar\\\/0faeec49ad0724fc92faf33d8f23e38ba17caea4b5ae0654b3f6935aa17455f5?s=96&d=mm&r=g\",\"caption\":\"Ursula Rischanek\"},\"url\":\"https:\\\/\\\/myhome.at\\\/fr\\\/author\\\/urischanek\\\/\"}]}<\/script>\n<!-- \/ Yoast SEO Premium plugin. -->","yoast_head_json":{"title":"Permaculture : tout ce que vous devez savoir I MYHOME.AT","description":"C'est l'agacement face \u00e0 la n\u00e9gligence de la nature qui a d\u00e9clench\u00e9 le concept de permaculture. Aujourd'hui, il s'agit d'une philosophie de vie.","robots":{"index":"index","follow":"follow","max-snippet":"max-snippet:-1","max-image-preview":"max-image-preview:large","max-video-preview":"max-video-preview:-1"},"canonical":"https:\/\/myhome.at\/fr\/permaculture-tout-ce-que-vous-devez-savoir\/","og_locale":"fr_FR","og_type":"article","og_title":"MYHOME.AT I Permaculture : tout ce que vous devez savoir","og_description":"C'est l'agacement face \u00e0 la n\u00e9gligence de la nature qui a d\u00e9clench\u00e9 le concept de permaculture. Aujourd'hui, il s'agit d'une philosophie de vie.","og_url":"https:\/\/myhome.at\/fr\/permaculture-tout-ce-que-vous-devez-savoir\/","og_site_name":"MYHOME.AT","article_publisher":"https:\/\/www.facebook.com\/myhome.allaboutliving\/","article_published_time":"2025-06-19T03:20:00+00:00","og_image":[{"width":2560,"height":1438,"url":"https:\/\/myhome.at\/wp-content\/uploads\/2025\/06\/Vielfalt-im-Garten-1_Foto-von-Marco-de-Winter-auf-Unsplash-scaled.jpg","type":"image\/jpeg"}],"author":"Ursula Rischanek","twitter_card":"summary_large_image","twitter_misc":{"\u00c9crit par":"Ursula Rischanek","Dur\u00e9e de lecture estim\u00e9e":"3 minutes"},"schema":{"@context":"https:\/\/schema.org","@graph":[{"@type":"Article","@id":"https:\/\/myhome.at\/fr\/permaculture-tout-ce-que-vous-devez-savoir\/#article","isPartOf":{"@id":"https:\/\/myhome.at\/fr\/permaculture-tout-ce-que-vous-devez-savoir\/"},"author":{"name":"Ursula Rischanek","@id":"https:\/\/myhome.at\/fr\/#\/schema\/person\/89f10eea631b3fa55e8e75c398516a26"},"headline":"Permaculture : tout ce que vous devez savoir","datePublished":"2025-06-19T03:20:00+00:00","mainEntityOfPage":{"@id":"https:\/\/myhome.at\/fr\/permaculture-tout-ce-que-vous-devez-savoir\/"},"wordCount":591,"publisher":{"@id":"https:\/\/myhome.at\/fr\/#organization"},"image":{"@id":"https:\/\/myhome.at\/fr\/permaculture-tout-ce-que-vous-devez-savoir\/#primaryimage"},"thumbnailUrl":"https:\/\/myhome.at\/wp-content\/uploads\/2025\/06\/Vielfalt-im-Garten-1_Foto-von-Marco-de-Winter-auf-Unsplash-scaled.jpg","articleSection":["EXT\u00c9RIEUR &amp; JARDIN"],"inLanguage":"fr-FR"},{"@type":"WebPage","@id":"https:\/\/myhome.at\/fr\/permaculture-tout-ce-que-vous-devez-savoir\/","url":"https:\/\/myhome.at\/fr\/permaculture-tout-ce-que-vous-devez-savoir\/","name":"Permaculture : tout ce que vous devez savoir I MYHOME.AT","isPartOf":{"@id":"https:\/\/myhome.at\/fr\/#website"},"primaryImageOfPage":{"@id":"https:\/\/myhome.at\/fr\/permaculture-tout-ce-que-vous-devez-savoir\/#primaryimage"},"image":{"@id":"https:\/\/myhome.at\/fr\/permaculture-tout-ce-que-vous-devez-savoir\/#primaryimage"},"thumbnailUrl":"https:\/\/myhome.at\/wp-content\/uploads\/2025\/06\/Vielfalt-im-Garten-1_Foto-von-Marco-de-Winter-auf-Unsplash-scaled.jpg","datePublished":"2025-06-19T03:20:00+00:00","description":"C'est l'agacement face \u00e0 la n\u00e9gligence de la nature qui a d\u00e9clench\u00e9 le concept de permaculture. Aujourd'hui, il s'agit d'une philosophie de vie.","breadcrumb":{"@id":"https:\/\/myhome.at\/fr\/permaculture-tout-ce-que-vous-devez-savoir\/#breadcrumb"},"inLanguage":"fr-FR","potentialAction":[{"@type":"ReadAction","target":["https:\/\/myhome.at\/fr\/permaculture-tout-ce-que-vous-devez-savoir\/"]}]},{"@type":"ImageObject","inLanguage":"fr-FR","@id":"https:\/\/myhome.at\/fr\/permaculture-tout-ce-que-vous-devez-savoir\/#primaryimage","url":"https:\/\/myhome.at\/wp-content\/uploads\/2025\/06\/Vielfalt-im-Garten-1_Foto-von-Marco-de-Winter-auf-Unsplash-scaled.jpg","contentUrl":"https:\/\/myhome.at\/wp-content\/uploads\/2025\/06\/Vielfalt-im-Garten-1_Foto-von-Marco-de-Winter-auf-Unsplash-scaled.jpg","width":2560,"height":1438},{"@type":"BreadcrumbList","@id":"https:\/\/myhome.at\/fr\/permaculture-tout-ce-que-vous-devez-savoir\/#breadcrumb","itemListElement":[{"@type":"ListItem","position":1,"name":"Home","item":"https:\/\/myhome.at\/fr\/"},{"@type":"ListItem","position":2,"name":"Permaculture : tout ce que vous devez savoir"}]},{"@type":"WebSite","@id":"https:\/\/myhome.at\/fr\/#website","url":"https:\/\/myhome.at\/fr\/","name":"MYHOME BLOG","description":"Online-Magazin f\u00fcr Wohnen &amp; Immobilien","publisher":{"@id":"https:\/\/myhome.at\/fr\/#organization"},"potentialAction":[{"@type":"SearchAction","target":{"@type":"EntryPoint","urlTemplate":"https:\/\/myhome.at\/fr\/?s={search_term_string}"},"query-input":{"@type":"PropertyValueSpecification","valueRequired":true,"valueName":"search_term_string"}}],"inLanguage":"fr-FR"},{"@type":"Organization","@id":"https:\/\/myhome.at\/fr\/#organization","name":"MYHOME BLOG","alternateName":"MYHOME BLOG","url":"https:\/\/myhome.at\/fr\/","logo":{"@type":"ImageObject","inLanguage":"fr-FR","@id":"https:\/\/myhome.at\/fr\/#\/schema\/logo\/image\/","url":"https:\/\/myhome.at\/wp-content\/uploads\/2023\/10\/FMH_MYHOME_ICON_RZ_RGB_696x696.png","contentUrl":"https:\/\/myhome.at\/wp-content\/uploads\/2023\/10\/FMH_MYHOME_ICON_RZ_RGB_696x696.png","width":697,"height":697,"caption":"MYHOME BLOG"},"image":{"@id":"https:\/\/myhome.at\/fr\/#\/schema\/logo\/image\/"},"sameAs":["https:\/\/www.facebook.com\/myhome.allaboutliving\/","https:\/\/www.instagram.com\/myhome_allaboutliving\/","https:\/\/www.linkedin.com\/company\/myhome-at\/"]},{"@type":"Person","@id":"https:\/\/myhome.at\/fr\/#\/schema\/person\/89f10eea631b3fa55e8e75c398516a26","name":"Ursula Rischanek","image":{"@type":"ImageObject","inLanguage":"fr-FR","@id":"https:\/\/secure.gravatar.com\/avatar\/0faeec49ad0724fc92faf33d8f23e38ba17caea4b5ae0654b3f6935aa17455f5?s=96&d=mm&r=g","url":"https:\/\/secure.gravatar.com\/avatar\/0faeec49ad0724fc92faf33d8f23e38ba17caea4b5ae0654b3f6935aa17455f5?s=96&d=mm&r=g","contentUrl":"https:\/\/secure.gravatar.com\/avatar\/0faeec49ad0724fc92faf33d8f23e38ba17caea4b5ae0654b3f6935aa17455f5?s=96&d=mm&r=g","caption":"Ursula Rischanek"},"url":"https:\/\/myhome.at\/fr\/author\/urischanek\/"}]}},"_links":{"self":[{"href":"https:\/\/myhome.at\/fr\/wp-json\/wp\/v2\/posts\/27219","targetHints":{"allow":["GET"]}}],"collection":[{"href":"https:\/\/myhome.at\/fr\/wp-json\/wp\/v2\/posts"}],"about":[{"href":"https:\/\/myhome.at\/fr\/wp-json\/wp\/v2\/types\/post"}],"author":[{"embeddable":true,"href":"https:\/\/myhome.at\/fr\/wp-json\/wp\/v2\/users\/12"}],"replies":[{"embeddable":true,"href":"https:\/\/myhome.at\/fr\/wp-json\/wp\/v2\/comments?post=27219"}],"version-history":[{"count":1,"href":"https:\/\/myhome.at\/fr\/wp-json\/wp\/v2\/posts\/27219\/revisions"}],"predecessor-version":[{"id":27220,"href":"https:\/\/myhome.at\/fr\/wp-json\/wp\/v2\/posts\/27219\/revisions\/27220"}],"wp:featuredmedia":[{"embeddable":true,"href":"https:\/\/myhome.at\/fr\/wp-json\/wp\/v2\/media\/27153"}],"wp:attachment":[{"href":"https:\/\/myhome.at\/fr\/wp-json\/wp\/v2\/media?parent=27219"}],"wp:term":[{"taxonomy":"category","embeddable":true,"href":"https:\/\/myhome.at\/fr\/wp-json\/wp\/v2\/categories?post=27219"},{"taxonomy":"post_tag","embeddable":true,"href":"https:\/\/myhome.at\/fr\/wp-json\/wp\/v2\/tags?post=27219"}],"curies":[{"name":"wp","href":"https:\/\/api.w.org\/{rel}","templated":true}]}}