{"id":25316,"date":"2025-03-13T06:36:00","date_gmt":"2025-03-13T05:36:00","guid":{"rendered":"https:\/\/myhome.at\/?p=25316"},"modified":"2026-03-03T20:47:54","modified_gmt":"2026-03-03T19:47:54","slug":"studio-planifier-et-louer","status":"publish","type":"post","link":"https:\/\/myhome.at\/fr\/studio-planifier-et-louer\/","title":{"rendered":"Concevoir et louer un appartement ind\u00e9pendant"},"content":{"rendered":"\n<p><em>\u00ab\u00a0Sous le m\u00eame toit et pourtant s\u00e9par\u00e9s\u00a0\u00bb &#8211; c&rsquo;est \u00e0 cette devise que r\u00e9pond le concept de ce que l&rsquo;on appelle un logement ind\u00e9pendant. Concr\u00e8tement, il s&rsquo;agit d&rsquo;une unit\u00e9 d&rsquo;habitation ind\u00e9pendante, et ce non pas dans un immeuble \u00e0 appartements, mais dans une maison individuelle. <\/em><\/p>\n\n<p>Le terme d&rsquo;appartement ind\u00e9pendant appara\u00eet de plus en plus souvent en Autriche. Par exemple, dans le cadre de maisons individuelles existantes, le logement des enfants ou le bureau lib\u00e9r\u00e9 par un d\u00e9part \u00e0 la retraite est transform\u00e9 en appartement ind\u00e9pendant. Mais les fournisseurs de maisons pr\u00e9fabriqu\u00e9es proposent \u00e9galement des maisons avec un appartement ind\u00e9pendant. \u00ab\u00a0Un appartement ind\u00e9pendant vaut la peine. Il est particuli\u00e8rement avantageux dans le segment immobilier haut de gamme\u00a0\u00bb, affirme avec conviction Peter Mayr, directeur de Raiffeisen Immobilien Salzburg et l&rsquo;un des deux porte-parole de Raiffeisen Immobilien \u00d6sterreich. Cela permet d&rsquo;atteindre des groupes cibles suppl\u00e9mentaires et de g\u00e9n\u00e9rer des revenus par la location. \u00ab\u00a0On peut aussi y installer son bureau et ainsi \u00e9conomiser des frais. On peut aussi y loger le personnel soignant, qui a droit \u00e0 au moins une pi\u00e8ce s\u00e9par\u00e9e\u00a0\u00bb, explique Mayr.     <\/p>\n\n<h3 class=\"wp-block-heading\" id=\"h-genaue-definition-fehlt\"><strong>Pas de d\u00e9finition pr\u00e9cise<\/strong><\/h3>\n\n<p>Il n&rsquo;y a pas de mod\u00e8le de ce \u00e0 quoi devrait ressembler concr\u00e8tement le logement ind\u00e9pendant. \u00ab\u00a0Le droit de la location ne donne aucune indication sur la conception d&rsquo;un logement ind\u00e9pendant\u00a0\u00bb, explique Walter Rosifka, expert en droit de la location de l&rsquo;AK. Mayr conseille donc de se r\u00e9f\u00e9rer au code de la construction. \u00ab\u00a0Il stipule que les appartements d&rsquo;une pi\u00e8ce doivent avoir une surface habitable nette d&rsquo;au moins 18 m\u00e8tres carr\u00e9s et deux m\u00e8tres carr\u00e9s de surfaces annexes telles qu&rsquo;une kitchenette ou une salle d&rsquo;eau. Pour les deux pi\u00e8ces, la surface totale doit \u00eatre de 28 m\u00e8tres carr\u00e9s\u00a0\u00bb, explique M. Mayr. Les appartements ind\u00e9pendants peuvent bien s\u00fbr \u00eatre plus grands, mais doivent \u00eatre nettement plus petits que la deuxi\u00e8me unit\u00e9 d&rsquo;habitation de la maison. \u00ab\u00a0Dans ce cas, l&rsquo;appartement ind\u00e9pendant est consid\u00e9r\u00e9 comme un logement et la maison dans laquelle il se trouve n&rsquo;est plus consid\u00e9r\u00e9e comme une maison individuelle, mais comme une maison \u00e0 deux logements\u00a0\u00bb, explique Mayr.     <\/p>\n\n<h3 class=\"wp-block-heading\" id=\"h-wann-gilt-die-einliegerwohnung-als-wohneinheit\"><strong>Quand le logement ind\u00e9pendant est-il consid\u00e9r\u00e9 comme une unit\u00e9 d&rsquo;habitation ?<\/strong><strong><\/strong><\/h3>\n\n<p>Une chose est s\u00fbre : un logement ind\u00e9pendant doit \u00eatre une unit\u00e9 d&rsquo;habitation \u00e0 part enti\u00e8re et donc disposer non seulement d&rsquo;un espace de vie et de couchage, mais aussi d&rsquo;une kitchenette et d&rsquo;installations sanitaires. De plus, il doit y avoir une entr\u00e9e s\u00e9par\u00e9e, accessible par exemple par l&rsquo;escalier ou par l&rsquo;ext\u00e9rieur. <\/p>\n\n<h3 class=\"wp-block-heading\" id=\"h-einliegerwohnung-sichert-wertstabilitat-nbsp\"><strong>Un logement ind\u00e9pendant assure la stabilit\u00e9 de la valeur  <\/strong><strong><\/strong><\/h3>\n\n<p>Lorsqu&rsquo;on lui demande si une maison avec un appartement ind\u00e9pendant a plus de valeur, Mayr r\u00e9pond : \u00ab\u00a0Je ne dirais pas cela. Mais elle est d\u00e9finitivement un atout, \u00e0 la fois pour le propri\u00e9taire et pour la commercialisation, car elle offre plus de flexibilit\u00e9 et donne donc une stabilit\u00e9 de valeur\u00a0\u00bb.<\/p>\n\n<h3 class=\"wp-block-heading\" id=\"h-das-sollten-sie-noch-bedenken\"><strong>Voici ce que vous devez \u00e9galement prendre en compte<\/strong><\/h3>\n\n<p>Les personnes qui pr\u00e9voient d&rsquo;am\u00e9nager un appartement ind\u00e9pendant doivent \u00eatre particuli\u00e8rement conscientes de deux points, surtout si celui-ci est destin\u00e9 \u00e0 la location : Le premier est que, malgr\u00e9 la s\u00e9paration physique, le contact avec les colocataires peut \u00eatre relativement \u00e9troit, par exemple si l&rsquo;entr\u00e9e de l&rsquo;immeuble est partag\u00e9e. L&rsquo;autre point est que les revenus locatifs sont imposables en tant que revenus. Peter Mayr attire l&rsquo;attention sur d&rsquo;autres aspects : \u00ab\u00a0Si l&rsquo;appartement ind\u00e9pendant n&rsquo;est lou\u00e9 que pour une courte dur\u00e9e, il faut faire attention, dans les r\u00e9gions touristiques, d&rsquo;une part \u00e0 ne pas tomber dans la location touristique et d&rsquo;autre part \u00e0 ne pas avoir de probl\u00e8me avec le th\u00e8me de la r\u00e9sidence secondaire. Nous conseillons donc toujours de louer les logements ind\u00e9pendants \u00e0 des locataires permanents ou de les utiliser pour son propre usage\u00a0\u00bb.  <\/p>\n\n<h3 class=\"wp-block-heading\" id=\"h-thema-mietrecht\"><strong>Sujet Droit de location<\/strong><\/h3>\n\n<p>Si l&rsquo;appartement ind\u00e9pendant est lou\u00e9 \u00e0 long terme, il est impossible d&rsquo;\u00e9viter la question du droit de location. \u00ab\u00a0Un appartement ind\u00e9pendant dans une maison individuelle n&rsquo;est pas soumis \u00e0 la loi sur les loyers\u00a0\u00bb, explique Walter Rosifka, qui conseille de faire inscrire le contrat de location au registre foncier. Et il a un autre conseil \u00e0 donner : \u00ab\u00a0Lors de la location d&rsquo;un appartement ind\u00e9pendant, il est probablement judicieux de r\u00e9fl\u00e9chir \u00e0 un loyer forfaitaire\u00a0\u00bb. En effet, la plupart du temps, surtout dans les logements existants, il n&rsquo;y a pas de compteurs de consommation s\u00e9par\u00e9s.   <\/p>\n<div class=\"wp-block-image\">\n<figure class=\"aligncenter size-large is-resized\"><img decoding=\"async\" width=\"1024\" height=\"1024\" src=\"https:\/\/myhome.at\/wp-content\/uploads\/2025\/03\/MYHOME-Experten-Einliegerwohnung-1-1024x1024.png\" alt=\"\" class=\"wp-image-25423\" style=\"width:392px;height:auto\" srcset=\"https:\/\/myhome.at\/wp-content\/uploads\/2025\/03\/MYHOME-Experten-Einliegerwohnung-1-1024x1024.png 1024w, https:\/\/myhome.at\/wp-content\/uploads\/2025\/03\/MYHOME-Experten-Einliegerwohnung-1-300x300.png 300w, https:\/\/myhome.at\/wp-content\/uploads\/2025\/03\/MYHOME-Experten-Einliegerwohnung-1-150x150.png 150w, https:\/\/myhome.at\/wp-content\/uploads\/2025\/03\/MYHOME-Experten-Einliegerwohnung-1-768x768.png 768w, https:\/\/myhome.at\/wp-content\/uploads\/2025\/03\/MYHOME-Experten-Einliegerwohnung-1-90x90.png 90w, https:\/\/myhome.at\/wp-content\/uploads\/2025\/03\/MYHOME-Experten-Einliegerwohnung-1-580x580.png 580w, https:\/\/myhome.at\/wp-content\/uploads\/2025\/03\/MYHOME-Experten-Einliegerwohnung-1-830x830.png 830w, https:\/\/myhome.at\/wp-content\/uploads\/2025\/03\/MYHOME-Experten-Einliegerwohnung-1.png 1080w\" sizes=\"(max-width: 1024px) 100vw, 1024px\" \/><figcaption class=\"wp-element-caption\">Walter Rosifka, AK \/ Peter Mayr, Raiffeisen Immobilien Salzburg<\/figcaption><\/figure>\n<\/div>\n<p>Walter Rosifka est expert en droit du logement aupr\u00e8s de la Chambre des travailleurs et des employ\u00e9s, membre du groupe de travail \u00ab\u00a0droit du logement\u00a0\u00bb du minist\u00e8re f\u00e9d\u00e9ral de la Justice et auteur de nombreuses publications sur le droit du logement. Peter Mayr est directeur g\u00e9n\u00e9ral de Raiffeisen Immobilien Salzburg et l&rsquo;un des deux porte-parole de Raiffeisen Immobilien \u00d6sterreich.<\/p>\n\n<hr class=\"wp-block-separator has-alpha-channel-opacity\"\/>\n\n<p>Contributions similaires :<\/p>\n\n<p><a href=\"https:\/\/myhome.at\/fr\/astuces-de-decoration-pour-les-petits-appartements\/\">Conseils d&rsquo;am\u00e9nagement pour les petits appartements<\/a><\/p>\n\n<p><a href=\"https:\/\/myhome.at\/wohnungstausch-urlaub-zuhause-bei-fremden\/\">\u00c9change d&rsquo;appartements : des vacances chez des \u00e9trangers<\/a><\/p>\n\n<p><a href=\"https:\/\/myhome.at\/fr\/comment-miroirs-agrandir-votre-espace-optiquement\/\">Comment les miroirs agrandissent visuellement vos pi\u00e8ces<\/a><\/p>\n","protected":false},"excerpt":{"rendered":"<p>\u00ab\u00a0Sous le m\u00eame toit et pourtant s\u00e9par\u00e9s\u00a0\u00bb &#8211; c&rsquo;est \u00e0 cette devise que r\u00e9pond le concept de ce que l&rsquo;on appelle un logement ind\u00e9pendant. Concr\u00e8tement, il s&rsquo;agit d&rsquo;une unit\u00e9 d&rsquo;habitation ind\u00e9pendante, et ce non pas dans un immeuble \u00e0 appartements, mais dans une maison individuelle. Le terme d&rsquo;appartement ind\u00e9pendant appara\u00eet de plus en plus souvent &hellip;<\/p>\n","protected":false},"author":12,"featured_media":25157,"comment_status":"closed","ping_status":"open","sticky":false,"template":"","format":"standard","meta":{"_acf_changed":false,"footnotes":""},"categories":[2097],"tags":[],"class_list":["post-25316","post","type-post","status-publish","format-standard","has-post-thumbnail","hentry","category-law-order-fr"],"acf":[],"yoast_head":"<!-- This site is optimized with the Yoast SEO Premium plugin v27.4 (Yoast SEO v27.4) - https:\/\/yoast.com\/product\/yoast-seo-premium-wordpress\/ -->\n<title>Concevoir et louer un appartement ind\u00e9pendant I MYHOME.AT<\/title>\n<meta name=\"description\" content=\"&quot;Sous le m\u00eame toit et pourtant s\u00e9par\u00e9&quot; - c&#039;est la devise du concept de ce que l&#039;on appelle un logement ind\u00e9pendant. Nous avons toutes les informations pour vous !\" \/>\n<meta name=\"robots\" content=\"index, follow, max-snippet:-1, max-image-preview:large, max-video-preview:-1\" \/>\n<link rel=\"canonical\" href=\"https:\/\/myhome.at\/fr\/studio-planifier-et-louer\/\" \/>\n<meta property=\"og:locale\" content=\"fr_FR\" \/>\n<meta property=\"og:type\" content=\"article\" \/>\n<meta property=\"og:title\" content=\"MYHOME.AT I Concevoir et louer un appartement ind\u00e9pendant\" \/>\n<meta property=\"og:description\" content=\"&quot;Sous le m\u00eame toit et pourtant s\u00e9par\u00e9&quot; - c&#039;est la devise du concept de ce que l&#039;on appelle un logement ind\u00e9pendant. Nous avons toutes les informations pour vous !\" \/>\n<meta property=\"og:url\" content=\"https:\/\/myhome.at\/fr\/studio-planifier-et-louer\/\" \/>\n<meta property=\"og:site_name\" content=\"MYHOME.AT\" \/>\n<meta property=\"article:publisher\" content=\"https:\/\/www.facebook.com\/myhome.allaboutliving\/\" \/>\n<meta property=\"article:published_time\" content=\"2025-03-13T05:36:00+00:00\" \/>\n<meta property=\"article:modified_time\" content=\"2026-03-03T19:47:54+00:00\" \/>\n<meta property=\"og:image\" content=\"https:\/\/myhome.at\/wp-content\/uploads\/2025\/02\/Einliegerwohnung-1_pexels-ivan-samkov-8962367-scaled.jpg\" \/>\n\t<meta property=\"og:image:width\" content=\"2560\" \/>\n\t<meta property=\"og:image:height\" content=\"1707\" \/>\n\t<meta property=\"og:image:type\" content=\"image\/jpeg\" \/>\n<meta name=\"author\" content=\"Ursula Rischanek\" \/>\n<meta name=\"twitter:card\" content=\"summary_large_image\" \/>\n<meta name=\"twitter:label1\" content=\"\u00c9crit par\" \/>\n\t<meta name=\"twitter:data1\" content=\"Ursula Rischanek\" \/>\n\t<meta name=\"twitter:label2\" content=\"Dur\u00e9e de lecture estim\u00e9e\" \/>\n\t<meta name=\"twitter:data2\" content=\"4 minutes\" \/>\n<script type=\"application\/ld+json\" class=\"yoast-schema-graph\">{\"@context\":\"https:\\\/\\\/schema.org\",\"@graph\":[{\"@type\":\"Article\",\"@id\":\"https:\\\/\\\/myhome.at\\\/fr\\\/studio-planifier-et-louer\\\/#article\",\"isPartOf\":{\"@id\":\"https:\\\/\\\/myhome.at\\\/fr\\\/studio-planifier-et-louer\\\/\"},\"author\":{\"name\":\"Ursula Rischanek\",\"@id\":\"https:\\\/\\\/myhome.at\\\/fr\\\/#\\\/schema\\\/person\\\/89f10eea631b3fa55e8e75c398516a26\"},\"headline\":\"Concevoir et louer un appartement ind\u00e9pendant\",\"datePublished\":\"2025-03-13T05:36:00+00:00\",\"dateModified\":\"2026-03-03T19:47:54+00:00\",\"mainEntityOfPage\":{\"@id\":\"https:\\\/\\\/myhome.at\\\/fr\\\/studio-planifier-et-louer\\\/\"},\"wordCount\":915,\"publisher\":{\"@id\":\"https:\\\/\\\/myhome.at\\\/fr\\\/#organization\"},\"image\":{\"@id\":\"https:\\\/\\\/myhome.at\\\/fr\\\/studio-planifier-et-louer\\\/#primaryimage\"},\"thumbnailUrl\":\"https:\\\/\\\/myhome.at\\\/wp-content\\\/uploads\\\/2025\\\/02\\\/Einliegerwohnung-1_pexels-ivan-samkov-8962367-scaled.jpg\",\"articleSection\":[\"LAW &amp; ORDER\"],\"inLanguage\":\"fr-FR\"},{\"@type\":\"WebPage\",\"@id\":\"https:\\\/\\\/myhome.at\\\/fr\\\/studio-planifier-et-louer\\\/\",\"url\":\"https:\\\/\\\/myhome.at\\\/fr\\\/studio-planifier-et-louer\\\/\",\"name\":\"Concevoir et louer un appartement ind\u00e9pendant I MYHOME.AT\",\"isPartOf\":{\"@id\":\"https:\\\/\\\/myhome.at\\\/fr\\\/#website\"},\"primaryImageOfPage\":{\"@id\":\"https:\\\/\\\/myhome.at\\\/fr\\\/studio-planifier-et-louer\\\/#primaryimage\"},\"image\":{\"@id\":\"https:\\\/\\\/myhome.at\\\/fr\\\/studio-planifier-et-louer\\\/#primaryimage\"},\"thumbnailUrl\":\"https:\\\/\\\/myhome.at\\\/wp-content\\\/uploads\\\/2025\\\/02\\\/Einliegerwohnung-1_pexels-ivan-samkov-8962367-scaled.jpg\",\"datePublished\":\"2025-03-13T05:36:00+00:00\",\"dateModified\":\"2026-03-03T19:47:54+00:00\",\"description\":\"\\\"Sous le m\u00eame toit et pourtant s\u00e9par\u00e9\\\" - c'est la devise du concept de ce que l'on appelle un logement ind\u00e9pendant. Nous avons toutes les informations pour vous !\",\"breadcrumb\":{\"@id\":\"https:\\\/\\\/myhome.at\\\/fr\\\/studio-planifier-et-louer\\\/#breadcrumb\"},\"inLanguage\":\"fr-FR\",\"potentialAction\":[{\"@type\":\"ReadAction\",\"target\":[\"https:\\\/\\\/myhome.at\\\/fr\\\/studio-planifier-et-louer\\\/\"]}]},{\"@type\":\"ImageObject\",\"inLanguage\":\"fr-FR\",\"@id\":\"https:\\\/\\\/myhome.at\\\/fr\\\/studio-planifier-et-louer\\\/#primaryimage\",\"url\":\"https:\\\/\\\/myhome.at\\\/wp-content\\\/uploads\\\/2025\\\/02\\\/Einliegerwohnung-1_pexels-ivan-samkov-8962367-scaled.jpg\",\"contentUrl\":\"https:\\\/\\\/myhome.at\\\/wp-content\\\/uploads\\\/2025\\\/02\\\/Einliegerwohnung-1_pexels-ivan-samkov-8962367-scaled.jpg\",\"width\":2560,\"height\":1707,\"caption\":\"logement ind\u00e9pendant, appartement\"},{\"@type\":\"BreadcrumbList\",\"@id\":\"https:\\\/\\\/myhome.at\\\/fr\\\/studio-planifier-et-louer\\\/#breadcrumb\",\"itemListElement\":[{\"@type\":\"ListItem\",\"position\":1,\"name\":\"Home\",\"item\":\"https:\\\/\\\/myhome.at\\\/fr\\\/\"},{\"@type\":\"ListItem\",\"position\":2,\"name\":\"Concevoir et louer un appartement ind\u00e9pendant\"}]},{\"@type\":\"WebSite\",\"@id\":\"https:\\\/\\\/myhome.at\\\/fr\\\/#website\",\"url\":\"https:\\\/\\\/myhome.at\\\/fr\\\/\",\"name\":\"MYHOME BLOG\",\"description\":\"Online-Magazin f\u00fcr Wohnen &amp; Immobilien\",\"publisher\":{\"@id\":\"https:\\\/\\\/myhome.at\\\/fr\\\/#organization\"},\"potentialAction\":[{\"@type\":\"SearchAction\",\"target\":{\"@type\":\"EntryPoint\",\"urlTemplate\":\"https:\\\/\\\/myhome.at\\\/fr\\\/?s={search_term_string}\"},\"query-input\":{\"@type\":\"PropertyValueSpecification\",\"valueRequired\":true,\"valueName\":\"search_term_string\"}}],\"inLanguage\":\"fr-FR\"},{\"@type\":\"Organization\",\"@id\":\"https:\\\/\\\/myhome.at\\\/fr\\\/#organization\",\"name\":\"MYHOME BLOG\",\"alternateName\":\"MYHOME BLOG\",\"url\":\"https:\\\/\\\/myhome.at\\\/fr\\\/\",\"logo\":{\"@type\":\"ImageObject\",\"inLanguage\":\"fr-FR\",\"@id\":\"https:\\\/\\\/myhome.at\\\/fr\\\/#\\\/schema\\\/logo\\\/image\\\/\",\"url\":\"https:\\\/\\\/myhome.at\\\/wp-content\\\/uploads\\\/2023\\\/10\\\/FMH_MYHOME_ICON_RZ_RGB_696x696.png\",\"contentUrl\":\"https:\\\/\\\/myhome.at\\\/wp-content\\\/uploads\\\/2023\\\/10\\\/FMH_MYHOME_ICON_RZ_RGB_696x696.png\",\"width\":697,\"height\":697,\"caption\":\"MYHOME BLOG\"},\"image\":{\"@id\":\"https:\\\/\\\/myhome.at\\\/fr\\\/#\\\/schema\\\/logo\\\/image\\\/\"},\"sameAs\":[\"https:\\\/\\\/www.facebook.com\\\/myhome.allaboutliving\\\/\",\"https:\\\/\\\/www.instagram.com\\\/myhome_allaboutliving\\\/\",\"https:\\\/\\\/www.linkedin.com\\\/company\\\/myhome-at\\\/\"]},{\"@type\":\"Person\",\"@id\":\"https:\\\/\\\/myhome.at\\\/fr\\\/#\\\/schema\\\/person\\\/89f10eea631b3fa55e8e75c398516a26\",\"name\":\"Ursula Rischanek\",\"image\":{\"@type\":\"ImageObject\",\"inLanguage\":\"fr-FR\",\"@id\":\"https:\\\/\\\/secure.gravatar.com\\\/avatar\\\/0faeec49ad0724fc92faf33d8f23e38ba17caea4b5ae0654b3f6935aa17455f5?s=96&d=mm&r=g\",\"url\":\"https:\\\/\\\/secure.gravatar.com\\\/avatar\\\/0faeec49ad0724fc92faf33d8f23e38ba17caea4b5ae0654b3f6935aa17455f5?s=96&d=mm&r=g\",\"contentUrl\":\"https:\\\/\\\/secure.gravatar.com\\\/avatar\\\/0faeec49ad0724fc92faf33d8f23e38ba17caea4b5ae0654b3f6935aa17455f5?s=96&d=mm&r=g\",\"caption\":\"Ursula Rischanek\"},\"url\":\"https:\\\/\\\/myhome.at\\\/fr\\\/author\\\/urischanek\\\/\"}]}<\/script>\n<!-- \/ Yoast SEO Premium plugin. -->","yoast_head_json":{"title":"Concevoir et louer un appartement ind\u00e9pendant I MYHOME.AT","description":"\"Sous le m\u00eame toit et pourtant s\u00e9par\u00e9\" - c'est la devise du concept de ce que l'on appelle un logement ind\u00e9pendant. Nous avons toutes les informations pour vous !","robots":{"index":"index","follow":"follow","max-snippet":"max-snippet:-1","max-image-preview":"max-image-preview:large","max-video-preview":"max-video-preview:-1"},"canonical":"https:\/\/myhome.at\/fr\/studio-planifier-et-louer\/","og_locale":"fr_FR","og_type":"article","og_title":"MYHOME.AT I Concevoir et louer un appartement ind\u00e9pendant","og_description":"\"Sous le m\u00eame toit et pourtant s\u00e9par\u00e9\" - c'est la devise du concept de ce que l'on appelle un logement ind\u00e9pendant. Nous avons toutes les informations pour vous !","og_url":"https:\/\/myhome.at\/fr\/studio-planifier-et-louer\/","og_site_name":"MYHOME.AT","article_publisher":"https:\/\/www.facebook.com\/myhome.allaboutliving\/","article_published_time":"2025-03-13T05:36:00+00:00","article_modified_time":"2026-03-03T19:47:54+00:00","og_image":[{"width":2560,"height":1707,"url":"https:\/\/myhome.at\/wp-content\/uploads\/2025\/02\/Einliegerwohnung-1_pexels-ivan-samkov-8962367-scaled.jpg","type":"image\/jpeg"}],"author":"Ursula Rischanek","twitter_card":"summary_large_image","twitter_misc":{"\u00c9crit par":"Ursula Rischanek","Dur\u00e9e de lecture estim\u00e9e":"4 minutes"},"schema":{"@context":"https:\/\/schema.org","@graph":[{"@type":"Article","@id":"https:\/\/myhome.at\/fr\/studio-planifier-et-louer\/#article","isPartOf":{"@id":"https:\/\/myhome.at\/fr\/studio-planifier-et-louer\/"},"author":{"name":"Ursula Rischanek","@id":"https:\/\/myhome.at\/fr\/#\/schema\/person\/89f10eea631b3fa55e8e75c398516a26"},"headline":"Concevoir et louer un appartement ind\u00e9pendant","datePublished":"2025-03-13T05:36:00+00:00","dateModified":"2026-03-03T19:47:54+00:00","mainEntityOfPage":{"@id":"https:\/\/myhome.at\/fr\/studio-planifier-et-louer\/"},"wordCount":915,"publisher":{"@id":"https:\/\/myhome.at\/fr\/#organization"},"image":{"@id":"https:\/\/myhome.at\/fr\/studio-planifier-et-louer\/#primaryimage"},"thumbnailUrl":"https:\/\/myhome.at\/wp-content\/uploads\/2025\/02\/Einliegerwohnung-1_pexels-ivan-samkov-8962367-scaled.jpg","articleSection":["LAW &amp; ORDER"],"inLanguage":"fr-FR"},{"@type":"WebPage","@id":"https:\/\/myhome.at\/fr\/studio-planifier-et-louer\/","url":"https:\/\/myhome.at\/fr\/studio-planifier-et-louer\/","name":"Concevoir et louer un appartement ind\u00e9pendant I MYHOME.AT","isPartOf":{"@id":"https:\/\/myhome.at\/fr\/#website"},"primaryImageOfPage":{"@id":"https:\/\/myhome.at\/fr\/studio-planifier-et-louer\/#primaryimage"},"image":{"@id":"https:\/\/myhome.at\/fr\/studio-planifier-et-louer\/#primaryimage"},"thumbnailUrl":"https:\/\/myhome.at\/wp-content\/uploads\/2025\/02\/Einliegerwohnung-1_pexels-ivan-samkov-8962367-scaled.jpg","datePublished":"2025-03-13T05:36:00+00:00","dateModified":"2026-03-03T19:47:54+00:00","description":"\"Sous le m\u00eame toit et pourtant s\u00e9par\u00e9\" - c'est la devise du concept de ce que l'on appelle un logement ind\u00e9pendant. Nous avons toutes les informations pour vous !","breadcrumb":{"@id":"https:\/\/myhome.at\/fr\/studio-planifier-et-louer\/#breadcrumb"},"inLanguage":"fr-FR","potentialAction":[{"@type":"ReadAction","target":["https:\/\/myhome.at\/fr\/studio-planifier-et-louer\/"]}]},{"@type":"ImageObject","inLanguage":"fr-FR","@id":"https:\/\/myhome.at\/fr\/studio-planifier-et-louer\/#primaryimage","url":"https:\/\/myhome.at\/wp-content\/uploads\/2025\/02\/Einliegerwohnung-1_pexels-ivan-samkov-8962367-scaled.jpg","contentUrl":"https:\/\/myhome.at\/wp-content\/uploads\/2025\/02\/Einliegerwohnung-1_pexels-ivan-samkov-8962367-scaled.jpg","width":2560,"height":1707,"caption":"logement ind\u00e9pendant, appartement"},{"@type":"BreadcrumbList","@id":"https:\/\/myhome.at\/fr\/studio-planifier-et-louer\/#breadcrumb","itemListElement":[{"@type":"ListItem","position":1,"name":"Home","item":"https:\/\/myhome.at\/fr\/"},{"@type":"ListItem","position":2,"name":"Concevoir et louer un appartement ind\u00e9pendant"}]},{"@type":"WebSite","@id":"https:\/\/myhome.at\/fr\/#website","url":"https:\/\/myhome.at\/fr\/","name":"MYHOME BLOG","description":"Online-Magazin f\u00fcr Wohnen &amp; Immobilien","publisher":{"@id":"https:\/\/myhome.at\/fr\/#organization"},"potentialAction":[{"@type":"SearchAction","target":{"@type":"EntryPoint","urlTemplate":"https:\/\/myhome.at\/fr\/?s={search_term_string}"},"query-input":{"@type":"PropertyValueSpecification","valueRequired":true,"valueName":"search_term_string"}}],"inLanguage":"fr-FR"},{"@type":"Organization","@id":"https:\/\/myhome.at\/fr\/#organization","name":"MYHOME BLOG","alternateName":"MYHOME BLOG","url":"https:\/\/myhome.at\/fr\/","logo":{"@type":"ImageObject","inLanguage":"fr-FR","@id":"https:\/\/myhome.at\/fr\/#\/schema\/logo\/image\/","url":"https:\/\/myhome.at\/wp-content\/uploads\/2023\/10\/FMH_MYHOME_ICON_RZ_RGB_696x696.png","contentUrl":"https:\/\/myhome.at\/wp-content\/uploads\/2023\/10\/FMH_MYHOME_ICON_RZ_RGB_696x696.png","width":697,"height":697,"caption":"MYHOME BLOG"},"image":{"@id":"https:\/\/myhome.at\/fr\/#\/schema\/logo\/image\/"},"sameAs":["https:\/\/www.facebook.com\/myhome.allaboutliving\/","https:\/\/www.instagram.com\/myhome_allaboutliving\/","https:\/\/www.linkedin.com\/company\/myhome-at\/"]},{"@type":"Person","@id":"https:\/\/myhome.at\/fr\/#\/schema\/person\/89f10eea631b3fa55e8e75c398516a26","name":"Ursula Rischanek","image":{"@type":"ImageObject","inLanguage":"fr-FR","@id":"https:\/\/secure.gravatar.com\/avatar\/0faeec49ad0724fc92faf33d8f23e38ba17caea4b5ae0654b3f6935aa17455f5?s=96&d=mm&r=g","url":"https:\/\/secure.gravatar.com\/avatar\/0faeec49ad0724fc92faf33d8f23e38ba17caea4b5ae0654b3f6935aa17455f5?s=96&d=mm&r=g","contentUrl":"https:\/\/secure.gravatar.com\/avatar\/0faeec49ad0724fc92faf33d8f23e38ba17caea4b5ae0654b3f6935aa17455f5?s=96&d=mm&r=g","caption":"Ursula Rischanek"},"url":"https:\/\/myhome.at\/fr\/author\/urischanek\/"}]}},"_links":{"self":[{"href":"https:\/\/myhome.at\/fr\/wp-json\/wp\/v2\/posts\/25316","targetHints":{"allow":["GET"]}}],"collection":[{"href":"https:\/\/myhome.at\/fr\/wp-json\/wp\/v2\/posts"}],"about":[{"href":"https:\/\/myhome.at\/fr\/wp-json\/wp\/v2\/types\/post"}],"author":[{"embeddable":true,"href":"https:\/\/myhome.at\/fr\/wp-json\/wp\/v2\/users\/12"}],"replies":[{"embeddable":true,"href":"https:\/\/myhome.at\/fr\/wp-json\/wp\/v2\/comments?post=25316"}],"version-history":[{"count":3,"href":"https:\/\/myhome.at\/fr\/wp-json\/wp\/v2\/posts\/25316\/revisions"}],"predecessor-version":[{"id":32609,"href":"https:\/\/myhome.at\/fr\/wp-json\/wp\/v2\/posts\/25316\/revisions\/32609"}],"wp:featuredmedia":[{"embeddable":true,"href":"https:\/\/myhome.at\/fr\/wp-json\/wp\/v2\/media\/25157"}],"wp:attachment":[{"href":"https:\/\/myhome.at\/fr\/wp-json\/wp\/v2\/media?parent=25316"}],"wp:term":[{"taxonomy":"category","embeddable":true,"href":"https:\/\/myhome.at\/fr\/wp-json\/wp\/v2\/categories?post=25316"},{"taxonomy":"post_tag","embeddable":true,"href":"https:\/\/myhome.at\/fr\/wp-json\/wp\/v2\/tags?post=25316"}],"curies":[{"name":"wp","href":"https:\/\/api.w.org\/{rel}","templated":true}]}}