{"id":22856,"date":"2024-12-18T06:26:00","date_gmt":"2024-12-18T05:26:00","guid":{"rendered":"https:\/\/myhome.at\/?p=22856"},"modified":"2024-12-18T06:26:37","modified_gmt":"2024-12-18T05:26:37","slug":"chambre-denfant-amenagee-comme-ca-est-agreable-fonctionnel-et-beau","status":"publish","type":"post","link":"https:\/\/myhome.at\/fr\/chambre-denfant-amenagee-comme-ca-est-agreable-fonctionnel-et-beau\/","title":{"rendered":"Am\u00e9nager une chambre d&rsquo;enfant : confortable, fonctionnelle et belle"},"content":{"rendered":"\n<p><em>C&rsquo;est un lieu de jeu, d&rsquo;apprentissage et de d\u00e9tente &#8211; un mini-univers qui joue toutes les pi\u00e8ces : la chambre d&rsquo;enfant. En collaboration avec l&rsquo;\u00e9quipe 7, nous vous donnons de pr\u00e9cieux conseils sur la mani\u00e8re d&rsquo;am\u00e9nager une chambre d&rsquo;enfant pour qu&rsquo;elle r\u00e9ponde aux besoins de votre enfant, de la naissance \u00e0 l&rsquo;adolescence. <\/em><\/p>\n\n<p>\u00ab\u00a0Une chambre d&rsquo;enfant ne doit pas seulement \u00eatre belle, elle doit aussi donner la confiance de pouvoir s&rsquo;en donner \u00e0 c\u0153ur joie\u00a0\u00bb, d\u00e9clare Georg Emprechtinger, propri\u00e9taire g\u00e9rant de TEAM 7. C&rsquo;est pr\u00e9cis\u00e9ment cette id\u00e9e qui devrait \u00eatre au centre de l&rsquo;am\u00e9nagement de la chambre d&rsquo;enfant. Mais comment am\u00e9nager cet espace pour qu&rsquo;il r\u00e9ponde aux besoins d&rsquo;un enfant en pleine croissance, non seulement aujourd&rsquo;hui, mais aussi dans les ann\u00e9es \u00e0 venir ? <\/p>\n\n<h3 class=\"wp-block-heading\" id=\"h-von-babytraum-bis-teenie-terrain-mitwachsende-mobel-fur-langanhaltende-freude\"><strong>Du r\u00eave de b\u00e9b\u00e9 au terrain de l&rsquo;adolescent : des meubles \u00e9volutifs pour un plaisir durable<\/strong><\/h3>\n\n<p>La cl\u00e9 d&rsquo;une chambre d&rsquo;enfant pratique et adaptable r\u00e9side dans le choix du bon mobilier. La chambre d&rsquo;enfant se transforme rapidement, surtout au cours des premi\u00e8res ann\u00e9es, passant de l&rsquo;espace de change \u00e0 l&rsquo;espace de sommeil, puis au paradis des jeux et enfin \u00e0 une pi\u00e8ce o\u00f9 l&rsquo;on fait ses devoirs et o\u00f9 l&rsquo;on re\u00e7oit des amis. <\/p>\n\n<p>\u00ab\u00a0Notre gamme kids met l&rsquo;accent sur des bords d\u00e9licatement arrondis et des meubles modulaires qui s&rsquo;adaptent \u00e0 l&rsquo;\u00e9volution des besoins\u00a0\u00bb, explique Emprechtinger. Un bureau r\u00e9glable en hauteur qui servait autrefois de table \u00e0 langer ou un lit qui peut \u00eatre transform\u00e9 de lit b\u00e9b\u00e9 en lit mezzanine ou superpos\u00e9 ne sont que quelques-unes des solutions pratiques qui peuvent grandir avec l&rsquo;enfant et accompagner la pi\u00e8ce pendant des ann\u00e9es. La flexibilit\u00e9 devient ainsi un concept de design.    <\/p>\n\n<h3 class=\"wp-block-heading\" id=\"h-wohlfuhlfaktor-naturliche-materialien-und-smarte-aufbewahrung-im-kinderzimmer\"><strong>Facteur de bien-\u00eatre : des mat\u00e9riaux naturels et des rangements intelligents<\/strong> <strong>dans la chambre d&rsquo;enfant<\/strong><\/h3>\n\n<p>Non seulement la fonctionnalit\u00e9, mais aussi le bien-\u00eatre jouent un r\u00f4le central. Emprechtinger : \u00ab\u00a0Le bois cr\u00e9e une atmosph\u00e8re confortable qui inspire la s\u00e9curit\u00e9 et la chaleur\u00a0\u00bb. Les meubles en bois massif sans substances nocives favorisent en outre un climat int\u00e9rieur sain et sont particuli\u00e8rement faciles \u00e0 entretenir.    <\/p>\n\n<p>Les \u00e9l\u00e9ments de rangement \u00e0 roulettes et coulissants sont une solution pratique pour les jouets, les livres et les v\u00eatements. Cela permet de lib\u00e9rer de l&rsquo;espace et de garder la chambre bien rang\u00e9e et ordonn\u00e9e, m\u00eame pendant les p\u00e9riodes de turbulences. Du moins en th\u00e9orie &#8230;    <\/p>\n\n<figure class=\"wp-block-gallery has-nested-images columns-default is-cropped wp-block-gallery-1 is-layout-flex wp-block-gallery-is-layout-flex\">\n<figure class=\"wp-block-image size-large\"><img decoding=\"async\" width=\"1024\" height=\"683\" data-id=\"22773\" src=\"https:\/\/myhome.at\/wp-content\/uploads\/2024\/11\/TEAM7_Gitterbett_ER-W_16-1024x683.jpg\" alt=\"Am&#xE9;nager une chambre d'enfant, chambre d'adolescent, am&#xE9;nagement\" class=\"wp-image-22773\" srcset=\"https:\/\/myhome.at\/wp-content\/uploads\/2024\/11\/TEAM7_Gitterbett_ER-W_16-1024x683.jpg 1024w, https:\/\/myhome.at\/wp-content\/uploads\/2024\/11\/TEAM7_Gitterbett_ER-W_16-300x200.jpg 300w, https:\/\/myhome.at\/wp-content\/uploads\/2024\/11\/TEAM7_Gitterbett_ER-W_16-768x512.jpg 768w, https:\/\/myhome.at\/wp-content\/uploads\/2024\/11\/TEAM7_Gitterbett_ER-W_16-scaled.jpg 1536w, https:\/\/myhome.at\/wp-content\/uploads\/2024\/11\/TEAM7_Gitterbett_ER-W_16-2048x1366.jpg 2048w, https:\/\/myhome.at\/wp-content\/uploads\/2024\/11\/TEAM7_Gitterbett_ER-W_16-830x553.jpg 830w, https:\/\/myhome.at\/wp-content\/uploads\/2024\/11\/TEAM7_Gitterbett_ER-W_16-1200x800.jpg 1200w\" sizes=\"(max-width: 1024px) 100vw, 1024px\" \/><figcaption class=\"wp-element-caption\">D&rsquo;abord lit \u00e0 barreaux&#8230;,<\/figcaption><\/figure>\n\n\n\n<figure class=\"wp-block-image size-large\"><img decoding=\"async\" width=\"1024\" height=\"683\" data-id=\"22777\" src=\"https:\/\/myhome.at\/wp-content\/uploads\/2024\/11\/TEAM7_Gitterbett_ER-W_08-1024x683.jpg\" alt=\"Am&#xE9;nager une chambre d'enfant, chambre d'adolescent, am&#xE9;nagement\" class=\"wp-image-22777\" srcset=\"https:\/\/myhome.at\/wp-content\/uploads\/2024\/11\/TEAM7_Gitterbett_ER-W_08-1024x683.jpg 1024w, https:\/\/myhome.at\/wp-content\/uploads\/2024\/11\/TEAM7_Gitterbett_ER-W_08-300x200.jpg 300w, https:\/\/myhome.at\/wp-content\/uploads\/2024\/11\/TEAM7_Gitterbett_ER-W_08-768x512.jpg 768w, https:\/\/myhome.at\/wp-content\/uploads\/2024\/11\/TEAM7_Gitterbett_ER-W_08-scaled.jpg 1536w, https:\/\/myhome.at\/wp-content\/uploads\/2024\/11\/TEAM7_Gitterbett_ER-W_08-2048x1366.jpg 2048w, https:\/\/myhome.at\/wp-content\/uploads\/2024\/11\/TEAM7_Gitterbett_ER-W_08-830x553.jpg 830w, https:\/\/myhome.at\/wp-content\/uploads\/2024\/11\/TEAM7_Gitterbett_ER-W_08-1200x800.jpg 1200w\" sizes=\"(max-width: 1024px) 100vw, 1024px\" \/><figcaption class=\"wp-element-caption\">&#8230; puis lit d&rsquo;enfant.<\/figcaption><\/figure>\n<\/figure>\n\n<h3 class=\"wp-block-heading\" id=\"h-kleine-raume-grosse-wirkung-kinderzimmer-clever-einrichten\"><strong>Petits espaces, grands effets : am\u00e9nager intelligemment une chambre d&rsquo;enfant<\/strong><\/h3>\n\n<p>M\u00eame si l&rsquo;espace est souvent limit\u00e9 dans une chambre d&rsquo;enfant, il est possible de r\u00e9aliser un concept fonctionnel et esth\u00e9tique m\u00eame dans de petits espaces. Conseil de professionnel : \u00ab\u00a0Plus important que la taille, une structure claire\u00a0\u00bb. Peu de meubles, mais intemporels, associ\u00e9s \u00e0 des \u00e9l\u00e9ments fonctionnels tels que des \u00e9tag\u00e8res pliables ou des modules muraux, permettent de ne pas surcharger l&rsquo;espace.    <\/p>\n\n<h3 class=\"wp-block-heading\" id=\"h-farben-die-geborgenheit-schaffen\"><strong>Des couleurs qui cr\u00e9ent un sentiment de s\u00e9curit\u00e9<\/strong><\/h3>\n\n<p>Emprechtinger sait qu&rsquo;il est possible de cr\u00e9er une ambiance confortable en choisissant les bonnes couleurs : \u00ab\u00a0Ce qui compte avant tout, ce sont les couleurs avec lesquelles l&rsquo;enfant se sent bien\u00a0\u00bb. Des tons roses doux ainsi que des nuances naturelles comme le vert clair, le beige ou le bleu cr\u00e9ent une atmosph\u00e8re chaleureuse et relaxante. Les couleurs telles que l&rsquo;orange ou le jaune sont parfaites pour apporter une touche de vie. Plus elles sont discr\u00e8tes, mieux c&rsquo;est : ainsi, la chambre reste attrayante m\u00eame si les pr\u00e9f\u00e9rences des enfants changent.   <\/p>\n\n<h3 class=\"wp-block-heading\" id=\"h-ruckzugsorte-fur-ruhe-und-entspannung\"><strong>Des lieux de retraite pour le repos et la d\u00e9tente<\/strong><\/h3>\n\n<p>Outre le fait de dormir, de jouer et de travailler, une chambre d&rsquo;enfant doit \u00e9galement offrir un espace de repos et de d\u00e9tente. De petites zones de retrait, comme une grotte sous un lit superpos\u00e9 ou un coin salon confortable, invitent \u00e0 se reposer, \u00e0 regarder un livre ou \u00e0 \u00e9couter des jeux audio. <\/p>\n\n<p>Les meubles de TEAM 7 offrent \u00e9galement des solutions intelligentes dans ce domaine : Un \u00e9l\u00e9ment de l&rsquo;armoire peut par exemple \u00eatre transform\u00e9 en une niche pour s&rsquo;asseoir &#8211; une autre fa\u00e7on d&rsquo;adapter les meubles de mani\u00e8re flexible aux besoins des enfants.  <\/p>\n\n<p>Une chose est s\u00fbre : avec des meubles bien pens\u00e9s, un am\u00e9nagement cr\u00e9atif de l&rsquo;espace et une grande attention aux d\u00e9tails, chaque chambre d&rsquo;enfant a le potentiel de devenir l&rsquo;endroit pr\u00e9f\u00e9r\u00e9 des petits et grands enfants.  <\/p>\n\n<p><\/p>\n<div class=\"wp-block-image\">\n<figure class=\"aligncenter size-large is-resized\"><img decoding=\"async\" width=\"1024\" height=\"1024\" src=\"https:\/\/myhome.at\/wp-content\/uploads\/2024\/12\/MYHOME_Experte_Team7-1024x1024.png\" alt=\"\" class=\"wp-image-22845\" style=\"width:433px;height:auto\" srcset=\"https:\/\/myhome.at\/wp-content\/uploads\/2024\/12\/MYHOME_Experte_Team7-1024x1024.png 1024w, https:\/\/myhome.at\/wp-content\/uploads\/2024\/12\/MYHOME_Experte_Team7-300x300.png 300w, https:\/\/myhome.at\/wp-content\/uploads\/2024\/12\/MYHOME_Experte_Team7-150x150.png 150w, https:\/\/myhome.at\/wp-content\/uploads\/2024\/12\/MYHOME_Experte_Team7-768x768.png 768w, https:\/\/myhome.at\/wp-content\/uploads\/2024\/12\/MYHOME_Experte_Team7-90x90.png 90w, https:\/\/myhome.at\/wp-content\/uploads\/2024\/12\/MYHOME_Experte_Team7-580x580.png 580w, https:\/\/myhome.at\/wp-content\/uploads\/2024\/12\/MYHOME_Experte_Team7-830x830.png 830w, https:\/\/myhome.at\/wp-content\/uploads\/2024\/12\/MYHOME_Experte_Team7.png 1080w\" sizes=\"(max-width: 1024px) 100vw, 1024px\" \/><figcaption class=\"wp-element-caption\">Georg Emprechtinger, propri\u00e9taire g\u00e9rant de TEAM 7<\/figcaption><\/figure>\n<\/div>\n<p>TEAM 7 de Ried im Innkreis fabrique des meubles en bois massif durables depuis les ann\u00e9es 1980 et est consid\u00e9r\u00e9 comme un pionnier de l&rsquo;\u00e9cologie. La gamme couvre tous les domaines de l&rsquo;habitat et est fabriqu\u00e9e \u00e0 partir de bois de feuillus issus de for\u00eats g\u00e9r\u00e9es durablement et trait\u00e9s \u00e0 l&rsquo;huile naturelle. <\/p>\n\n<p><a href=\"https:\/\/www.team7-home.com\">https:\/\/www.team7-home.com<\/a><\/p>\n\n<p>Toutes les photos : TEAM 7<\/p>\n\n<hr class=\"wp-block-separator has-alpha-channel-opacity\" \/>\n\n<p>Contributions similaires :<\/p>\n\n<p><a href=\"https:\/\/myhome.at\/fr\/appartement-securite-enfants-conseils\/\">Rendre la maison s\u00fbre pour les enfants : Conseils pour votre maison<\/a><\/p>\n\n<p><a href=\"https:\/\/myhome.at\/fr\/construire-une-maison-dans-larbre-comme-il-faut\/\">Construire une cabane dans les arbres : Comment r\u00e9ussir<\/a> <\/p>\n\n<p><a href=\"https:\/\/myhome.at\/fr\/destinations-de-vacances-dhiver-adaptees-aux-familles\/\">Vacances en famille en hiver<\/a><\/p>\n","protected":false},"excerpt":{"rendered":"<p>C&rsquo;est un lieu de jeu, d&rsquo;apprentissage et de d\u00e9tente &#8211; un mini-univers qui joue toutes les pi\u00e8ces : la chambre d&rsquo;enfant. En collaboration avec l&rsquo;\u00e9quipe 7, nous vous donnons de pr\u00e9cieux conseils sur la mani\u00e8re d&rsquo;am\u00e9nager une chambre d&rsquo;enfant pour qu&rsquo;elle r\u00e9ponde aux besoins de votre enfant, de la naissance \u00e0 l&rsquo;adolescence. \u00ab\u00a0Une chambre d&rsquo;enfant &hellip;<\/p>\n","protected":false},"author":13,"featured_media":22783,"comment_status":"closed","ping_status":"open","sticky":false,"template":"","format":"standard","meta":{"_acf_changed":false,"footnotes":""},"categories":[2080,2127],"tags":[],"class_list":["post-22856","post","type-post","status-publish","format-standard","has-post-thumbnail","hentry","category-design-living-fr","category-responsabilite"],"acf":[],"yoast_head":"<!-- This site is optimized with the Yoast SEO Premium plugin v27.4 (Yoast SEO v27.4) - https:\/\/yoast.com\/product\/yoast-seo-premium-wordpress\/ -->\n<title>Am\u00e9nager une chambre d&#039;enfant : confortable, fonctionnelle et belle I MYHOME.AT<\/title>\n<meta name=\"description\" content=\"En collaboration avec l&#039;\u00e9quipe 7, nous vous donnons de pr\u00e9cieux conseils sur la mani\u00e8re d&#039;am\u00e9nager une chambre d&#039;enfant pour qu&#039;elle r\u00e9ponde aux besoins de votre enfant.\" \/>\n<meta name=\"robots\" content=\"index, follow, max-snippet:-1, max-image-preview:large, max-video-preview:-1\" \/>\n<link rel=\"canonical\" href=\"https:\/\/myhome.at\/fr\/chambre-denfant-amenagee-comme-ca-est-agreable-fonctionnel-et-beau\/\" \/>\n<meta property=\"og:locale\" content=\"fr_FR\" \/>\n<meta property=\"og:type\" content=\"article\" \/>\n<meta property=\"og:title\" content=\"MYHOME.AT I Am\u00e9nager une chambre d&#039;enfant : confortable, fonctionnelle et belle\" \/>\n<meta property=\"og:description\" content=\"En collaboration avec l&#039;\u00e9quipe 7, nous vous donnons de pr\u00e9cieux conseils sur la mani\u00e8re d&#039;am\u00e9nager une chambre d&#039;enfant pour qu&#039;elle r\u00e9ponde aux besoins de votre enfant.\" \/>\n<meta property=\"og:url\" content=\"https:\/\/myhome.at\/fr\/chambre-denfant-amenagee-comme-ca-est-agreable-fonctionnel-et-beau\/\" \/>\n<meta property=\"og:site_name\" content=\"MYHOME.AT\" \/>\n<meta property=\"article:publisher\" content=\"https:\/\/www.facebook.com\/myhome.allaboutliving\/\" \/>\n<meta property=\"article:published_time\" content=\"2024-12-18T05:26:00+00:00\" \/>\n<meta property=\"article:modified_time\" content=\"2024-12-18T05:26:37+00:00\" \/>\n<meta property=\"og:image\" content=\"https:\/\/myhome.at\/wp-content\/uploads\/2024\/11\/TEAM7_kids_Loc_1_ER-W_32-683x1024.jpg\" \/>\n\t<meta property=\"og:image:width\" content=\"683\" \/>\n\t<meta property=\"og:image:height\" content=\"1024\" \/>\n\t<meta property=\"og:image:type\" content=\"image\/jpeg\" \/>\n<meta name=\"author\" content=\"Katharina Domiter\" \/>\n<meta name=\"twitter:card\" content=\"summary_large_image\" \/>\n<meta name=\"twitter:label1\" content=\"\u00c9crit par\" \/>\n\t<meta name=\"twitter:data1\" content=\"Katharina Domiter\" \/>\n\t<meta name=\"twitter:label2\" content=\"Dur\u00e9e de lecture estim\u00e9e\" \/>\n\t<meta name=\"twitter:data2\" content=\"4 minutes\" \/>\n<script type=\"application\/ld+json\" class=\"yoast-schema-graph\">{\"@context\":\"https:\\\/\\\/schema.org\",\"@graph\":[{\"@type\":\"Article\",\"@id\":\"https:\\\/\\\/myhome.at\\\/fr\\\/chambre-denfant-amenagee-comme-ca-est-agreable-fonctionnel-et-beau\\\/#article\",\"isPartOf\":{\"@id\":\"https:\\\/\\\/myhome.at\\\/fr\\\/chambre-denfant-amenagee-comme-ca-est-agreable-fonctionnel-et-beau\\\/\"},\"author\":{\"name\":\"Katharina Domiter\",\"@id\":\"https:\\\/\\\/myhome.at\\\/fr\\\/#\\\/schema\\\/person\\\/edf9d0a5f94a9f7067b03a60cec8fb6c\"},\"headline\":\"Am\u00e9nager une chambre d&rsquo;enfant : confortable, fonctionnelle et belle\",\"datePublished\":\"2024-12-18T05:26:00+00:00\",\"dateModified\":\"2024-12-18T05:26:37+00:00\",\"mainEntityOfPage\":{\"@id\":\"https:\\\/\\\/myhome.at\\\/fr\\\/chambre-denfant-amenagee-comme-ca-est-agreable-fonctionnel-et-beau\\\/\"},\"wordCount\":906,\"publisher\":{\"@id\":\"https:\\\/\\\/myhome.at\\\/fr\\\/#organization\"},\"image\":{\"@id\":\"https:\\\/\\\/myhome.at\\\/fr\\\/chambre-denfant-amenagee-comme-ca-est-agreable-fonctionnel-et-beau\\\/#primaryimage\"},\"thumbnailUrl\":\"https:\\\/\\\/myhome.at\\\/wp-content\\\/uploads\\\/2024\\\/11\\\/TEAM7_kids_Loc_1_ER-W_32-scaled.jpg\",\"articleSection\":[\"DESIGN &amp; LIVING\",\"RESPONSABILIT\u00c9\"],\"inLanguage\":\"fr-FR\"},{\"@type\":\"WebPage\",\"@id\":\"https:\\\/\\\/myhome.at\\\/fr\\\/chambre-denfant-amenagee-comme-ca-est-agreable-fonctionnel-et-beau\\\/\",\"url\":\"https:\\\/\\\/myhome.at\\\/fr\\\/chambre-denfant-amenagee-comme-ca-est-agreable-fonctionnel-et-beau\\\/\",\"name\":\"Am\u00e9nager une chambre d'enfant : confortable, fonctionnelle et belle I MYHOME.AT\",\"isPartOf\":{\"@id\":\"https:\\\/\\\/myhome.at\\\/fr\\\/#website\"},\"primaryImageOfPage\":{\"@id\":\"https:\\\/\\\/myhome.at\\\/fr\\\/chambre-denfant-amenagee-comme-ca-est-agreable-fonctionnel-et-beau\\\/#primaryimage\"},\"image\":{\"@id\":\"https:\\\/\\\/myhome.at\\\/fr\\\/chambre-denfant-amenagee-comme-ca-est-agreable-fonctionnel-et-beau\\\/#primaryimage\"},\"thumbnailUrl\":\"https:\\\/\\\/myhome.at\\\/wp-content\\\/uploads\\\/2024\\\/11\\\/TEAM7_kids_Loc_1_ER-W_32-scaled.jpg\",\"datePublished\":\"2024-12-18T05:26:00+00:00\",\"dateModified\":\"2024-12-18T05:26:37+00:00\",\"description\":\"En collaboration avec l'\u00e9quipe 7, nous vous donnons de pr\u00e9cieux conseils sur la mani\u00e8re d'am\u00e9nager une chambre d'enfant pour qu'elle r\u00e9ponde aux besoins de votre enfant.\",\"breadcrumb\":{\"@id\":\"https:\\\/\\\/myhome.at\\\/fr\\\/chambre-denfant-amenagee-comme-ca-est-agreable-fonctionnel-et-beau\\\/#breadcrumb\"},\"inLanguage\":\"fr-FR\",\"potentialAction\":[{\"@type\":\"ReadAction\",\"target\":[\"https:\\\/\\\/myhome.at\\\/fr\\\/chambre-denfant-amenagee-comme-ca-est-agreable-fonctionnel-et-beau\\\/\"]}]},{\"@type\":\"ImageObject\",\"inLanguage\":\"fr-FR\",\"@id\":\"https:\\\/\\\/myhome.at\\\/fr\\\/chambre-denfant-amenagee-comme-ca-est-agreable-fonctionnel-et-beau\\\/#primaryimage\",\"url\":\"https:\\\/\\\/myhome.at\\\/wp-content\\\/uploads\\\/2024\\\/11\\\/TEAM7_kids_Loc_1_ER-W_32-scaled.jpg\",\"contentUrl\":\"https:\\\/\\\/myhome.at\\\/wp-content\\\/uploads\\\/2024\\\/11\\\/TEAM7_kids_Loc_1_ER-W_32-scaled.jpg\",\"width\":1708,\"height\":2560},{\"@type\":\"BreadcrumbList\",\"@id\":\"https:\\\/\\\/myhome.at\\\/fr\\\/chambre-denfant-amenagee-comme-ca-est-agreable-fonctionnel-et-beau\\\/#breadcrumb\",\"itemListElement\":[{\"@type\":\"ListItem\",\"position\":1,\"name\":\"Home\",\"item\":\"https:\\\/\\\/myhome.at\\\/fr\\\/\"},{\"@type\":\"ListItem\",\"position\":2,\"name\":\"Am\u00e9nager une chambre d&#8217;enfant : confortable, fonctionnelle et belle\"}]},{\"@type\":\"WebSite\",\"@id\":\"https:\\\/\\\/myhome.at\\\/fr\\\/#website\",\"url\":\"https:\\\/\\\/myhome.at\\\/fr\\\/\",\"name\":\"MYHOME BLOG\",\"description\":\"Online-Magazin f\u00fcr Wohnen &amp; Immobilien\",\"publisher\":{\"@id\":\"https:\\\/\\\/myhome.at\\\/fr\\\/#organization\"},\"potentialAction\":[{\"@type\":\"SearchAction\",\"target\":{\"@type\":\"EntryPoint\",\"urlTemplate\":\"https:\\\/\\\/myhome.at\\\/fr\\\/?s={search_term_string}\"},\"query-input\":{\"@type\":\"PropertyValueSpecification\",\"valueRequired\":true,\"valueName\":\"search_term_string\"}}],\"inLanguage\":\"fr-FR\"},{\"@type\":\"Organization\",\"@id\":\"https:\\\/\\\/myhome.at\\\/fr\\\/#organization\",\"name\":\"MYHOME BLOG\",\"alternateName\":\"MYHOME BLOG\",\"url\":\"https:\\\/\\\/myhome.at\\\/fr\\\/\",\"logo\":{\"@type\":\"ImageObject\",\"inLanguage\":\"fr-FR\",\"@id\":\"https:\\\/\\\/myhome.at\\\/fr\\\/#\\\/schema\\\/logo\\\/image\\\/\",\"url\":\"https:\\\/\\\/myhome.at\\\/wp-content\\\/uploads\\\/2023\\\/10\\\/FMH_MYHOME_ICON_RZ_RGB_696x696.png\",\"contentUrl\":\"https:\\\/\\\/myhome.at\\\/wp-content\\\/uploads\\\/2023\\\/10\\\/FMH_MYHOME_ICON_RZ_RGB_696x696.png\",\"width\":697,\"height\":697,\"caption\":\"MYHOME BLOG\"},\"image\":{\"@id\":\"https:\\\/\\\/myhome.at\\\/fr\\\/#\\\/schema\\\/logo\\\/image\\\/\"},\"sameAs\":[\"https:\\\/\\\/www.facebook.com\\\/myhome.allaboutliving\\\/\",\"https:\\\/\\\/www.instagram.com\\\/myhome_allaboutliving\\\/\",\"https:\\\/\\\/www.linkedin.com\\\/company\\\/myhome-at\\\/\"]},{\"@type\":\"Person\",\"@id\":\"https:\\\/\\\/myhome.at\\\/fr\\\/#\\\/schema\\\/person\\\/edf9d0a5f94a9f7067b03a60cec8fb6c\",\"name\":\"Katharina Domiter\",\"image\":{\"@type\":\"ImageObject\",\"inLanguage\":\"fr-FR\",\"@id\":\"https:\\\/\\\/secure.gravatar.com\\\/avatar\\\/7c25ac8f0af235d3a77913dc52d23fcb40de1e6d50446690f659f4915e82720e?s=96&d=mm&r=g\",\"url\":\"https:\\\/\\\/secure.gravatar.com\\\/avatar\\\/7c25ac8f0af235d3a77913dc52d23fcb40de1e6d50446690f659f4915e82720e?s=96&d=mm&r=g\",\"contentUrl\":\"https:\\\/\\\/secure.gravatar.com\\\/avatar\\\/7c25ac8f0af235d3a77913dc52d23fcb40de1e6d50446690f659f4915e82720e?s=96&d=mm&r=g\",\"caption\":\"Katharina Domiter\"},\"url\":\"https:\\\/\\\/myhome.at\\\/fr\\\/author\\\/kdomiter\\\/\"}]}<\/script>\n<!-- \/ Yoast SEO Premium plugin. -->","yoast_head_json":{"title":"Am\u00e9nager une chambre d'enfant : confortable, fonctionnelle et belle I MYHOME.AT","description":"En collaboration avec l'\u00e9quipe 7, nous vous donnons de pr\u00e9cieux conseils sur la mani\u00e8re d'am\u00e9nager une chambre d'enfant pour qu'elle r\u00e9ponde aux besoins de votre enfant.","robots":{"index":"index","follow":"follow","max-snippet":"max-snippet:-1","max-image-preview":"max-image-preview:large","max-video-preview":"max-video-preview:-1"},"canonical":"https:\/\/myhome.at\/fr\/chambre-denfant-amenagee-comme-ca-est-agreable-fonctionnel-et-beau\/","og_locale":"fr_FR","og_type":"article","og_title":"MYHOME.AT I Am\u00e9nager une chambre d'enfant : confortable, fonctionnelle et belle","og_description":"En collaboration avec l'\u00e9quipe 7, nous vous donnons de pr\u00e9cieux conseils sur la mani\u00e8re d'am\u00e9nager une chambre d'enfant pour qu'elle r\u00e9ponde aux besoins de votre enfant.","og_url":"https:\/\/myhome.at\/fr\/chambre-denfant-amenagee-comme-ca-est-agreable-fonctionnel-et-beau\/","og_site_name":"MYHOME.AT","article_publisher":"https:\/\/www.facebook.com\/myhome.allaboutliving\/","article_published_time":"2024-12-18T05:26:00+00:00","article_modified_time":"2024-12-18T05:26:37+00:00","og_image":[{"width":683,"height":1024,"url":"https:\/\/myhome.at\/wp-content\/uploads\/2024\/11\/TEAM7_kids_Loc_1_ER-W_32-683x1024.jpg","type":"image\/jpeg"}],"author":"Katharina Domiter","twitter_card":"summary_large_image","twitter_misc":{"\u00c9crit par":"Katharina Domiter","Dur\u00e9e de lecture estim\u00e9e":"4 minutes"},"schema":{"@context":"https:\/\/schema.org","@graph":[{"@type":"Article","@id":"https:\/\/myhome.at\/fr\/chambre-denfant-amenagee-comme-ca-est-agreable-fonctionnel-et-beau\/#article","isPartOf":{"@id":"https:\/\/myhome.at\/fr\/chambre-denfant-amenagee-comme-ca-est-agreable-fonctionnel-et-beau\/"},"author":{"name":"Katharina Domiter","@id":"https:\/\/myhome.at\/fr\/#\/schema\/person\/edf9d0a5f94a9f7067b03a60cec8fb6c"},"headline":"Am\u00e9nager une chambre d&rsquo;enfant : confortable, fonctionnelle et belle","datePublished":"2024-12-18T05:26:00+00:00","dateModified":"2024-12-18T05:26:37+00:00","mainEntityOfPage":{"@id":"https:\/\/myhome.at\/fr\/chambre-denfant-amenagee-comme-ca-est-agreable-fonctionnel-et-beau\/"},"wordCount":906,"publisher":{"@id":"https:\/\/myhome.at\/fr\/#organization"},"image":{"@id":"https:\/\/myhome.at\/fr\/chambre-denfant-amenagee-comme-ca-est-agreable-fonctionnel-et-beau\/#primaryimage"},"thumbnailUrl":"https:\/\/myhome.at\/wp-content\/uploads\/2024\/11\/TEAM7_kids_Loc_1_ER-W_32-scaled.jpg","articleSection":["DESIGN &amp; LIVING","RESPONSABILIT\u00c9"],"inLanguage":"fr-FR"},{"@type":"WebPage","@id":"https:\/\/myhome.at\/fr\/chambre-denfant-amenagee-comme-ca-est-agreable-fonctionnel-et-beau\/","url":"https:\/\/myhome.at\/fr\/chambre-denfant-amenagee-comme-ca-est-agreable-fonctionnel-et-beau\/","name":"Am\u00e9nager une chambre d'enfant : confortable, fonctionnelle et belle I MYHOME.AT","isPartOf":{"@id":"https:\/\/myhome.at\/fr\/#website"},"primaryImageOfPage":{"@id":"https:\/\/myhome.at\/fr\/chambre-denfant-amenagee-comme-ca-est-agreable-fonctionnel-et-beau\/#primaryimage"},"image":{"@id":"https:\/\/myhome.at\/fr\/chambre-denfant-amenagee-comme-ca-est-agreable-fonctionnel-et-beau\/#primaryimage"},"thumbnailUrl":"https:\/\/myhome.at\/wp-content\/uploads\/2024\/11\/TEAM7_kids_Loc_1_ER-W_32-scaled.jpg","datePublished":"2024-12-18T05:26:00+00:00","dateModified":"2024-12-18T05:26:37+00:00","description":"En collaboration avec l'\u00e9quipe 7, nous vous donnons de pr\u00e9cieux conseils sur la mani\u00e8re d'am\u00e9nager une chambre d'enfant pour qu'elle r\u00e9ponde aux besoins de votre enfant.","breadcrumb":{"@id":"https:\/\/myhome.at\/fr\/chambre-denfant-amenagee-comme-ca-est-agreable-fonctionnel-et-beau\/#breadcrumb"},"inLanguage":"fr-FR","potentialAction":[{"@type":"ReadAction","target":["https:\/\/myhome.at\/fr\/chambre-denfant-amenagee-comme-ca-est-agreable-fonctionnel-et-beau\/"]}]},{"@type":"ImageObject","inLanguage":"fr-FR","@id":"https:\/\/myhome.at\/fr\/chambre-denfant-amenagee-comme-ca-est-agreable-fonctionnel-et-beau\/#primaryimage","url":"https:\/\/myhome.at\/wp-content\/uploads\/2024\/11\/TEAM7_kids_Loc_1_ER-W_32-scaled.jpg","contentUrl":"https:\/\/myhome.at\/wp-content\/uploads\/2024\/11\/TEAM7_kids_Loc_1_ER-W_32-scaled.jpg","width":1708,"height":2560},{"@type":"BreadcrumbList","@id":"https:\/\/myhome.at\/fr\/chambre-denfant-amenagee-comme-ca-est-agreable-fonctionnel-et-beau\/#breadcrumb","itemListElement":[{"@type":"ListItem","position":1,"name":"Home","item":"https:\/\/myhome.at\/fr\/"},{"@type":"ListItem","position":2,"name":"Am\u00e9nager une chambre d&#8217;enfant : confortable, fonctionnelle et belle"}]},{"@type":"WebSite","@id":"https:\/\/myhome.at\/fr\/#website","url":"https:\/\/myhome.at\/fr\/","name":"MYHOME BLOG","description":"Online-Magazin f\u00fcr Wohnen &amp; Immobilien","publisher":{"@id":"https:\/\/myhome.at\/fr\/#organization"},"potentialAction":[{"@type":"SearchAction","target":{"@type":"EntryPoint","urlTemplate":"https:\/\/myhome.at\/fr\/?s={search_term_string}"},"query-input":{"@type":"PropertyValueSpecification","valueRequired":true,"valueName":"search_term_string"}}],"inLanguage":"fr-FR"},{"@type":"Organization","@id":"https:\/\/myhome.at\/fr\/#organization","name":"MYHOME BLOG","alternateName":"MYHOME BLOG","url":"https:\/\/myhome.at\/fr\/","logo":{"@type":"ImageObject","inLanguage":"fr-FR","@id":"https:\/\/myhome.at\/fr\/#\/schema\/logo\/image\/","url":"https:\/\/myhome.at\/wp-content\/uploads\/2023\/10\/FMH_MYHOME_ICON_RZ_RGB_696x696.png","contentUrl":"https:\/\/myhome.at\/wp-content\/uploads\/2023\/10\/FMH_MYHOME_ICON_RZ_RGB_696x696.png","width":697,"height":697,"caption":"MYHOME BLOG"},"image":{"@id":"https:\/\/myhome.at\/fr\/#\/schema\/logo\/image\/"},"sameAs":["https:\/\/www.facebook.com\/myhome.allaboutliving\/","https:\/\/www.instagram.com\/myhome_allaboutliving\/","https:\/\/www.linkedin.com\/company\/myhome-at\/"]},{"@type":"Person","@id":"https:\/\/myhome.at\/fr\/#\/schema\/person\/edf9d0a5f94a9f7067b03a60cec8fb6c","name":"Katharina Domiter","image":{"@type":"ImageObject","inLanguage":"fr-FR","@id":"https:\/\/secure.gravatar.com\/avatar\/7c25ac8f0af235d3a77913dc52d23fcb40de1e6d50446690f659f4915e82720e?s=96&d=mm&r=g","url":"https:\/\/secure.gravatar.com\/avatar\/7c25ac8f0af235d3a77913dc52d23fcb40de1e6d50446690f659f4915e82720e?s=96&d=mm&r=g","contentUrl":"https:\/\/secure.gravatar.com\/avatar\/7c25ac8f0af235d3a77913dc52d23fcb40de1e6d50446690f659f4915e82720e?s=96&d=mm&r=g","caption":"Katharina Domiter"},"url":"https:\/\/myhome.at\/fr\/author\/kdomiter\/"}]}},"_links":{"self":[{"href":"https:\/\/myhome.at\/fr\/wp-json\/wp\/v2\/posts\/22856","targetHints":{"allow":["GET"]}}],"collection":[{"href":"https:\/\/myhome.at\/fr\/wp-json\/wp\/v2\/posts"}],"about":[{"href":"https:\/\/myhome.at\/fr\/wp-json\/wp\/v2\/types\/post"}],"author":[{"embeddable":true,"href":"https:\/\/myhome.at\/fr\/wp-json\/wp\/v2\/users\/13"}],"replies":[{"embeddable":true,"href":"https:\/\/myhome.at\/fr\/wp-json\/wp\/v2\/comments?post=22856"}],"version-history":[{"count":3,"href":"https:\/\/myhome.at\/fr\/wp-json\/wp\/v2\/posts\/22856\/revisions"}],"predecessor-version":[{"id":23488,"href":"https:\/\/myhome.at\/fr\/wp-json\/wp\/v2\/posts\/22856\/revisions\/23488"}],"wp:featuredmedia":[{"embeddable":true,"href":"https:\/\/myhome.at\/fr\/wp-json\/wp\/v2\/media\/22783"}],"wp:attachment":[{"href":"https:\/\/myhome.at\/fr\/wp-json\/wp\/v2\/media?parent=22856"}],"wp:term":[{"taxonomy":"category","embeddable":true,"href":"https:\/\/myhome.at\/fr\/wp-json\/wp\/v2\/categories?post=22856"},{"taxonomy":"post_tag","embeddable":true,"href":"https:\/\/myhome.at\/fr\/wp-json\/wp\/v2\/tags?post=22856"}],"curies":[{"name":"wp","href":"https:\/\/api.w.org\/{rel}","templated":true}]}}