{"id":22514,"date":"2024-12-11T07:06:00","date_gmt":"2024-12-11T06:06:00","guid":{"rendered":"https:\/\/myhome.at\/?p=22514"},"modified":"2024-11-29T11:14:13","modified_gmt":"2024-11-29T10:14:13","slug":"habiter-temporairement-la-maison-de-transition-comme-une-oasis-de-bien-etre","status":"publish","type":"post","link":"https:\/\/myhome.at\/fr\/habiter-temporairement-la-maison-de-transition-comme-une-oasis-de-bien-etre\/","title":{"rendered":"Habitation temporaire : la maison de transition comme oasis de bien-\u00eatre"},"content":{"rendered":"\n<p>Lorsque l&rsquo;on emm\u00e9nage dans un appartement qui ne sera son domicile que pour une dur\u00e9e limit\u00e9e, on est souvent confront\u00e9 \u00e0 un d\u00e9fi : comment rendre les pi\u00e8ces confortables et personnelles sans qu&rsquo;elles ne ressemblent \u00e0 une simple solution provisoire ? Stefanie Sz\u00f6ke, designer d&rsquo;int\u00e9rieur renomm\u00e9e de Klosterneuburg (\u00ab\u00a0Live your home &#8211; Interior Design\u00a0\u00bb), peut alors rassurer : \u00ab\u00a0Cr\u00e9er un &lsquo;chez-soi&rsquo; confortable et individuel est tout \u00e0 fait possible, m\u00eame pour une dur\u00e9e limit\u00e9e\u00a0\u00bb. Voici quelques conseils de l&rsquo;experte pour que l&rsquo;habitat temporaire fonctionne aussi avec style et confort.  <\/p>\n\n<h3 class=\"wp-block-heading\" id=\"h-investieren-oder-gunstig-einrichten-eine-grundsatzentscheidung\"><strong>Investir ou s&rsquo;installer \u00e0 moindre co\u00fbt &#8211; une d\u00e9cision de principe<\/strong><\/h3>\n\n<p>Dans une situation de logement temporaire, deux possibilit\u00e9s s&rsquo;offrent \u00e0 vous : soit vous optez pour des meubles bon march\u00e9 qui pourront \u00eatre facilement revendus ou donn\u00e9s par la suite, soit vous investissez dans des pi\u00e8ces de qualit\u00e9 qui vous accompagneront dans vos futurs logements. Un m\u00e9lange des deux vous permettra de cr\u00e9er un int\u00e9rieur \u00e9l\u00e9gant et personnalis\u00e9. <\/p>\n\n<h3 class=\"wp-block-heading\" id=\"h-individualitat-durch-personliche-lieblingsstucke\"><strong>L&rsquo;individualit\u00e9 gr\u00e2ce aux coups de c\u0153ur personnels<\/strong><\/h3>\n\n<p>M\u00eame dans un appartement temporaire, il vaut la peine de miser sur l&rsquo;individualit\u00e9. Quelques meubles ou accessoires particuliers &#8211; qu&rsquo;il s&rsquo;agisse d&rsquo;un fauteuil lounge confortable ou d&rsquo;un lampadaire exceptionnel &#8211; donnent du caract\u00e8re \u00e0 la pi\u00e8ce et vous permettent de vous sentir imm\u00e9diatement chez vous. \u00ab\u00a0Plut\u00f4t que de miser sur des produits de masse, il est recommand\u00e9 d&rsquo;investir dans quelques pi\u00e8ces choisies qui offriront un peu de familiarit\u00e9 \u00e0 long terme\u00a0\u00bb, explique Stefanie Sz\u00f6ke.  <\/p>\n\n<h3 class=\"wp-block-heading\" id=\"h-wande-gestalten-schnell-und-effektvoll\"><strong>D\u00e9coration murale &#8211; rapide et efficace<\/strong><\/h3>\n\n<p>Les murs d\u00e9finissent l&rsquo;atmosph\u00e8re d&rsquo;une pi\u00e8ce. Avec un papier peint intiss\u00e9 moderne ou une grande toile, vous cr\u00e9ez des accents qui peuvent \u00eatre facilement d\u00e9plac\u00e9s. Les papiers peints de haute qualit\u00e9 s&rsquo;enl\u00e8vent facilement si n\u00e9cessaire et apportent imm\u00e9diatement de la convivialit\u00e9 \u00e0 la pi\u00e8ce. Sz\u00f6ke : \u00ab\u00a0Investir dans le papier peint, c&rsquo;est investir dans le caract\u00e8re &#8211; m\u00eame dans des pi\u00e8ces temporaires lors d&rsquo;un s\u00e9jour \u00e0 dur\u00e9e d\u00e9termin\u00e9e\u00a0\u00bb.   <\/p>\n\n<h3 class=\"wp-block-heading\" id=\"h-licht-als-stimmungsvolles-element\"><strong>La lumi\u00e8re comme \u00e9l\u00e9ment d&rsquo;ambiance<\/strong><\/h3>\n\n<p>Les sources de lumi\u00e8re jouent un r\u00f4le central dans l&rsquo;atmosph\u00e8re. Remplacez les lampes standard par des lampes \u00e9l\u00e9gantes et veillez \u00e0 ce que la temp\u00e9rature de la lumi\u00e8re soit chaude. Plusieurs sources de lumi\u00e8re, comme des plafonniers, des lampes de table et des lampadaires, cr\u00e9ent une sensation d&rsquo;harmonie dans la pi\u00e8ce et peuvent \u00eatre facilement emport\u00e9es par la suite. \u00ab\u00a0Pour moi, la lumi\u00e8re est l&rsquo;un des principaux facteurs de confort\u00a0\u00bb, d\u00e9clare Sz\u00f6ke. \u00ab\u00a0Elle fa\u00e7onne l&rsquo;ambiance d&rsquo;une pi\u00e8ce de mani\u00e8re d\u00e9cisive\u00a0\u00bb.    <\/p>\n\n<p><\/p>\n\n<figure class=\"wp-block-image size-large\"><img decoding=\"async\" src=\"https:\/\/myhome.at\/wp-content\/uploads\/2024\/11\/Liveyourhome_&#xA9;OracDecor-8-682x1024.jpg\" alt=\"Logement temporaire, am&#xE9;nagement, design\" class=\"wp-image-22345\"\/><figcaption class=\"wp-element-caption\">Habiter temporairement : un fauteuil cool ou un lampadaire chic donnent du pep \u00e0 n&rsquo;importe quelle maison.<\/figcaption><\/figure>\n\n<h3 class=\"wp-block-heading\" id=\"h-wohnen-auf-zeit-gemutlichkeit-durch-textilien\"><strong>Habitat temporaire : le confort gr\u00e2ce aux textiles<\/strong><\/h3>\n\n<p>Des textiles de grande qualit\u00e9, comme un beau plaid ou une couverture pr\u00e9f\u00e9r\u00e9e, cr\u00e9ent imm\u00e9diatement un sentiment de s\u00e9curit\u00e9 malgr\u00e9 un logement temporaire. Investissez dans quelques pi\u00e8ces bien choisies, qui vous resteront fid\u00e8les au fil des ans. Sz\u00f6ke : \u00ab\u00a0Quand on \u00e9tait enfant, on emportait le coussin douillet en voyage, aujourd&rsquo;hui c&rsquo;est le plaid qui donne un petit air de chez soi\u00a0\u00bb.  <\/p>\n\n<h3 class=\"wp-block-heading\" id=\"h-modulare-mobel-und-flexible-sitzgelegenheiten\"><strong>Meubles modulaires et si\u00e8ges flexibles<\/strong><\/h3>\n\n<p>Optez pour des meubles modulaires qui s&rsquo;adaptent de mani\u00e8re flexible. Un canap\u00e9 2,5 places compact ou des fauteuils qui peuvent \u00eatre d\u00e9plac\u00e9s s&rsquo;adaptent plus facilement \u00e0 de nouveaux espaces. \u00ab\u00a0Flexible et compact, ce sont les meubles qui s&rsquo;adaptent \u00e0 tous les int\u00e9rieurs\u00a0\u00bb.  <\/p>\n\n<p><\/p>\n\n<figure class=\"wp-block-image size-large\"><img decoding=\"async\" src=\"https:\/\/myhome.at\/wp-content\/uploads\/2024\/11\/Rendering&#xA9;Live-your-home-Interior-Design-4-1024x574.png\" alt=\"Logement temporaire, am&#xE9;nagement, design\" class=\"wp-image-22353\"\/><figcaption class=\"wp-element-caption\">Un canap\u00e9 2,5 places compact aux couleurs classiques s&rsquo;int\u00e8gre facilement dans n&rsquo;importe quel int\u00e9rieur.<\/figcaption><\/figure>\n\n<h3 class=\"wp-block-heading\" id=\"h-praktische-tipps-fur-betten-und-kleiderschranke\"><strong>Conseils pratiques pour les lits et les penderies<\/strong><\/h3>\n\n<p>Pour une flexibilit\u00e9 maximale, il est recommand\u00e9 de choisir un lit compos\u00e9 de deux unit\u00e9s de 90 cm plut\u00f4t qu&rsquo;un mod\u00e8le d&rsquo;un seul tenant de 180 cm, plus facile \u00e0 transporter et \u00e0 monter. De m\u00eame, pour les penderies, plusieurs unit\u00e9s plus petites font leurs preuves. <\/p>\n\n<h3 class=\"wp-block-heading\" id=\"h-personliche-note-trotz-wohnen-auf-zeit-mit-kunst-und-lieblingsstucken\"><strong>Une touche personnelle malgr\u00e9 un logement temporaire avec de l&rsquo;art et des objets pr\u00e9f\u00e9r\u00e9s<\/strong><\/h3>\n\n<p>Lorsque vous vivez temporairement, misez sur des d\u00e9tails particuliers comme des \u0153uvres d&rsquo;art ou un h\u00e9ritage que vous aimez. De telles pi\u00e8ces ma\u00eetresses ajoutent une touche personnelle \u00e0 votre logement et cr\u00e9ent un sentiment de permanence, m\u00eame dans un environnement temporaire. <br\/><br\/><strong><em>Conclusion :<\/em><\/strong><br\/>Vivre temporairement ne doit pas \u00eatre impersonnel. En investissant de mani\u00e8re cibl\u00e9e dans l&rsquo;\u00e9clairage, le mobilier et les textiles, vous cr\u00e9ez un foyer qui d\u00e9gage de la chaleur et de la personnalit\u00e9 m\u00eame lorsque la dur\u00e9e de vie est limit\u00e9e. Ainsi, votre logement deviendra rapidement un lieu o\u00f9 vous vous sentirez parfaitement \u00e0 l&rsquo;aise.  <\/p>\n\n<p><\/p>\n<div class=\"wp-block-image\">\n<figure class=\"alignleft size-medium is-resized\"><img decoding=\"async\" width=\"240\" height=\"300\" src=\"https:\/\/myhome.at\/wp-content\/uploads\/2024\/12\/TITELBILD-FMH-7-240x300.png\" alt=\"Stefanie Sz&#xF6;ke, MBA (HES)\" class=\"wp-image-22490\" style=\"width:283px;height:auto\" srcset=\"https:\/\/myhome.at\/wp-content\/uploads\/2024\/12\/TITELBILD-FMH-7-240x300.png 240w, https:\/\/myhome.at\/wp-content\/uploads\/2024\/12\/TITELBILD-FMH-7-819x1024.png 819w, https:\/\/myhome.at\/wp-content\/uploads\/2024\/12\/TITELBILD-FMH-7-768x960.png 768w, https:\/\/myhome.at\/wp-content\/uploads\/2024\/12\/TITELBILD-FMH-7-830x1038.png 830w, https:\/\/myhome.at\/wp-content\/uploads\/2024\/12\/TITELBILD-FMH-7.png 1080w\" sizes=\"(max-width: 240px) 100vw, 240px\" \/><\/figure>\n<\/div>\n<p><\/p>\n\n<p><\/p>\n\n<h3 class=\"wp-block-heading\" id=\"h-myhome-at-expertin\"><strong>Expert MYHOME.AT<\/strong><\/h3>\n\n<p><strong>Live your home &#8211; Interior Design<\/strong> a \u00e9t\u00e9 fond\u00e9 par <strong>Mag.(FH) Stefanie Sz\u00f6ke, MBA<\/strong> et dispose d&rsquo;une \u00e9quipe s\u00e9lectionn\u00e9e pour la r\u00e9alisation artisanale sur place. Cette \u00e9quipe est active dans la r\u00e9gion de Vienne, Basse-Autriche et Styrie. <\/p>\n\n<p><a href=\"http:\/\/www.liveyourhome.at\/\">www.liveyourhome.at<\/a><br\/><a href=\"http:\/\/www.instagram.com\/live.your.home\">www.instagram.com\/live.your.home<\/a><br\/><a href=\"http:\/\/www.facebook.com\/live.your.home.online\">www.facebook.com\/live.your.home.online<\/a><\/p>\n\n<p>Toutes les photos : Liveyourhome<\/p>\n\n<hr class=\"wp-block-separator has-alpha-channel-opacity\"\/>\n\n<p>Contributions similaires :<\/p>\n\n<p><a href=\"https:\/\/myhome.at\/fr\/comment-amenager-correctement-une-piece-dinvite\/\">Comment am\u00e9nager correctement une chambre d&rsquo;h\u00f4tes ?<\/a><\/p>\n\n<p><a href=\"https:\/\/myhome.at\/fr\/recycling-deluxe-faire-du-neuf-avec-du-vieux\/\">Recycling deluxe : faire du neuf avec du vieux<\/a><\/p>\n\n<p><a href=\"https:\/\/myhome.at\/11-punkte-die-sie-im-rahmen-eines-umzugs-zuerst-erledigen-sollten\/\">11 points \u00e0 r\u00e9gler en premier dans le cadre d&rsquo;un d\u00e9m\u00e9nagement<\/a><\/p>\n","protected":false},"excerpt":{"rendered":"<p>Lorsque l&rsquo;on emm\u00e9nage dans un appartement qui ne sera son domicile que pour une dur\u00e9e limit\u00e9e, on est souvent confront\u00e9 \u00e0 un d\u00e9fi : comment rendre les pi\u00e8ces confortables et personnelles sans qu&rsquo;elles ne ressemblent \u00e0 une simple solution provisoire ? Stefanie Sz\u00f6ke, designer d&rsquo;int\u00e9rieur renomm\u00e9e de Klosterneuburg (\u00ab\u00a0Live your home &#8211; Interior Design\u00a0\u00bb), peut &hellip;<\/p>\n","protected":false},"author":5,"featured_media":22351,"comment_status":"closed","ping_status":"open","sticky":false,"template":"","format":"standard","meta":{"_acf_changed":false,"footnotes":""},"categories":[2080,128],"tags":[],"class_list":["post-22514","post","type-post","status-publish","format-standard","has-post-thumbnail","hentry","category-design-living-fr","category-non-classifiee"],"acf":[],"yoast_head":"<!-- This site is optimized with the Yoast SEO Premium plugin v27.4 (Yoast SEO v27.4) - https:\/\/yoast.com\/product\/yoast-seo-premium-wordpress\/ -->\n<title>Habitation temporaire : la maison de transition comme oasis de bien-\u00eatre I MYHOME.AT<\/title>\n<meta name=\"description\" content=\"Vivre temporairement : l&#039;experte en am\u00e9nagement Stefanie Sz\u00f6ke vous montre comment faire de votre maison de transition une oasis de bien-\u00eatre !\" \/>\n<meta name=\"robots\" content=\"index, follow, max-snippet:-1, max-image-preview:large, max-video-preview:-1\" \/>\n<link rel=\"canonical\" href=\"https:\/\/myhome.at\/fr\/habiter-temporairement-la-maison-de-transition-comme-une-oasis-de-bien-etre\/\" \/>\n<meta property=\"og:locale\" content=\"fr_FR\" \/>\n<meta property=\"og:type\" content=\"article\" \/>\n<meta property=\"og:title\" content=\"MYHOME.AT I Habitation temporaire : la maison de transition comme oasis de bien-\u00eatre\" \/>\n<meta property=\"og:description\" content=\"Vivre temporairement : l&#039;experte en am\u00e9nagement Stefanie Sz\u00f6ke vous montre comment faire de votre maison de transition une oasis de bien-\u00eatre !\" \/>\n<meta property=\"og:url\" content=\"https:\/\/myhome.at\/fr\/habiter-temporairement-la-maison-de-transition-comme-une-oasis-de-bien-etre\/\" \/>\n<meta property=\"og:site_name\" content=\"MYHOME.AT\" \/>\n<meta property=\"article:publisher\" content=\"https:\/\/www.facebook.com\/myhome.allaboutliving\/\" \/>\n<meta property=\"article:published_time\" content=\"2024-12-11T06:06:00+00:00\" \/>\n<meta property=\"og:image\" content=\"https:\/\/myhome.at\/wp-content\/uploads\/2024\/11\/DOM2014_Eugene-Powder_Wall-Panelling-\u00a9-Les-Dominotiers-scaled-1.jpg\" \/>\n\t<meta property=\"og:image:width\" content=\"2304\" \/>\n\t<meta property=\"og:image:height\" content=\"2560\" \/>\n\t<meta property=\"og:image:type\" content=\"image\/jpeg\" \/>\n<meta name=\"author\" content=\"Ursula Macher\" \/>\n<meta name=\"twitter:card\" content=\"summary_large_image\" \/>\n<meta name=\"twitter:label1\" content=\"\u00c9crit par\" \/>\n\t<meta name=\"twitter:data1\" content=\"Ursula Macher\" \/>\n\t<meta name=\"twitter:label2\" content=\"Dur\u00e9e de lecture estim\u00e9e\" \/>\n\t<meta name=\"twitter:data2\" content=\"4 minutes\" \/>\n<script type=\"application\/ld+json\" class=\"yoast-schema-graph\">{\"@context\":\"https:\\\/\\\/schema.org\",\"@graph\":[{\"@type\":\"Article\",\"@id\":\"https:\\\/\\\/myhome.at\\\/fr\\\/habiter-temporairement-la-maison-de-transition-comme-une-oasis-de-bien-etre\\\/#article\",\"isPartOf\":{\"@id\":\"https:\\\/\\\/myhome.at\\\/fr\\\/habiter-temporairement-la-maison-de-transition-comme-une-oasis-de-bien-etre\\\/\"},\"author\":{\"name\":\"Ursula Macher\",\"@id\":\"https:\\\/\\\/myhome.at\\\/fr\\\/#\\\/schema\\\/person\\\/41cab007ddbb9c3fc135cac1e13dbd87\"},\"headline\":\"Habitation temporaire : la maison de transition comme oasis de bien-\u00eatre\",\"datePublished\":\"2024-12-11T06:06:00+00:00\",\"mainEntityOfPage\":{\"@id\":\"https:\\\/\\\/myhome.at\\\/fr\\\/habiter-temporairement-la-maison-de-transition-comme-une-oasis-de-bien-etre\\\/\"},\"wordCount\":936,\"publisher\":{\"@id\":\"https:\\\/\\\/myhome.at\\\/fr\\\/#organization\"},\"image\":{\"@id\":\"https:\\\/\\\/myhome.at\\\/fr\\\/habiter-temporairement-la-maison-de-transition-comme-une-oasis-de-bien-etre\\\/#primaryimage\"},\"thumbnailUrl\":\"https:\\\/\\\/myhome.at\\\/wp-content\\\/uploads\\\/2024\\\/11\\\/DOM2014_Eugene-Powder_Wall-Panelling-\u00a9-Les-Dominotiers-scaled-1.jpg\",\"articleSection\":[\"DESIGN &amp; LIVING\",\"En g\u00e9n\u00e9ral\"],\"inLanguage\":\"fr-FR\"},{\"@type\":\"WebPage\",\"@id\":\"https:\\\/\\\/myhome.at\\\/fr\\\/habiter-temporairement-la-maison-de-transition-comme-une-oasis-de-bien-etre\\\/\",\"url\":\"https:\\\/\\\/myhome.at\\\/fr\\\/habiter-temporairement-la-maison-de-transition-comme-une-oasis-de-bien-etre\\\/\",\"name\":\"Habitation temporaire : la maison de transition comme oasis de bien-\u00eatre I MYHOME.AT\",\"isPartOf\":{\"@id\":\"https:\\\/\\\/myhome.at\\\/fr\\\/#website\"},\"primaryImageOfPage\":{\"@id\":\"https:\\\/\\\/myhome.at\\\/fr\\\/habiter-temporairement-la-maison-de-transition-comme-une-oasis-de-bien-etre\\\/#primaryimage\"},\"image\":{\"@id\":\"https:\\\/\\\/myhome.at\\\/fr\\\/habiter-temporairement-la-maison-de-transition-comme-une-oasis-de-bien-etre\\\/#primaryimage\"},\"thumbnailUrl\":\"https:\\\/\\\/myhome.at\\\/wp-content\\\/uploads\\\/2024\\\/11\\\/DOM2014_Eugene-Powder_Wall-Panelling-\u00a9-Les-Dominotiers-scaled-1.jpg\",\"datePublished\":\"2024-12-11T06:06:00+00:00\",\"description\":\"Vivre temporairement : l'experte en am\u00e9nagement Stefanie Sz\u00f6ke vous montre comment faire de votre maison de transition une oasis de bien-\u00eatre !\",\"breadcrumb\":{\"@id\":\"https:\\\/\\\/myhome.at\\\/fr\\\/habiter-temporairement-la-maison-de-transition-comme-une-oasis-de-bien-etre\\\/#breadcrumb\"},\"inLanguage\":\"fr-FR\",\"potentialAction\":[{\"@type\":\"ReadAction\",\"target\":[\"https:\\\/\\\/myhome.at\\\/fr\\\/habiter-temporairement-la-maison-de-transition-comme-une-oasis-de-bien-etre\\\/\"]}]},{\"@type\":\"ImageObject\",\"inLanguage\":\"fr-FR\",\"@id\":\"https:\\\/\\\/myhome.at\\\/fr\\\/habiter-temporairement-la-maison-de-transition-comme-une-oasis-de-bien-etre\\\/#primaryimage\",\"url\":\"https:\\\/\\\/myhome.at\\\/wp-content\\\/uploads\\\/2024\\\/11\\\/DOM2014_Eugene-Powder_Wall-Panelling-\u00a9-Les-Dominotiers-scaled-1.jpg\",\"contentUrl\":\"https:\\\/\\\/myhome.at\\\/wp-content\\\/uploads\\\/2024\\\/11\\\/DOM2014_Eugene-Powder_Wall-Panelling-\u00a9-Les-Dominotiers-scaled-1.jpg\",\"width\":2304,\"height\":2560},{\"@type\":\"BreadcrumbList\",\"@id\":\"https:\\\/\\\/myhome.at\\\/fr\\\/habiter-temporairement-la-maison-de-transition-comme-une-oasis-de-bien-etre\\\/#breadcrumb\",\"itemListElement\":[{\"@type\":\"ListItem\",\"position\":1,\"name\":\"Home\",\"item\":\"https:\\\/\\\/myhome.at\\\/fr\\\/\"},{\"@type\":\"ListItem\",\"position\":2,\"name\":\"Habitation temporaire : la maison de transition comme oasis de bien-\u00eatre\"}]},{\"@type\":\"WebSite\",\"@id\":\"https:\\\/\\\/myhome.at\\\/fr\\\/#website\",\"url\":\"https:\\\/\\\/myhome.at\\\/fr\\\/\",\"name\":\"MYHOME BLOG\",\"description\":\"Online-Magazin f\u00fcr Wohnen &amp; Immobilien\",\"publisher\":{\"@id\":\"https:\\\/\\\/myhome.at\\\/fr\\\/#organization\"},\"potentialAction\":[{\"@type\":\"SearchAction\",\"target\":{\"@type\":\"EntryPoint\",\"urlTemplate\":\"https:\\\/\\\/myhome.at\\\/fr\\\/?s={search_term_string}\"},\"query-input\":{\"@type\":\"PropertyValueSpecification\",\"valueRequired\":true,\"valueName\":\"search_term_string\"}}],\"inLanguage\":\"fr-FR\"},{\"@type\":\"Organization\",\"@id\":\"https:\\\/\\\/myhome.at\\\/fr\\\/#organization\",\"name\":\"MYHOME BLOG\",\"alternateName\":\"MYHOME BLOG\",\"url\":\"https:\\\/\\\/myhome.at\\\/fr\\\/\",\"logo\":{\"@type\":\"ImageObject\",\"inLanguage\":\"fr-FR\",\"@id\":\"https:\\\/\\\/myhome.at\\\/fr\\\/#\\\/schema\\\/logo\\\/image\\\/\",\"url\":\"https:\\\/\\\/myhome.at\\\/wp-content\\\/uploads\\\/2023\\\/10\\\/FMH_MYHOME_ICON_RZ_RGB_696x696.png\",\"contentUrl\":\"https:\\\/\\\/myhome.at\\\/wp-content\\\/uploads\\\/2023\\\/10\\\/FMH_MYHOME_ICON_RZ_RGB_696x696.png\",\"width\":697,\"height\":697,\"caption\":\"MYHOME BLOG\"},\"image\":{\"@id\":\"https:\\\/\\\/myhome.at\\\/fr\\\/#\\\/schema\\\/logo\\\/image\\\/\"},\"sameAs\":[\"https:\\\/\\\/www.facebook.com\\\/myhome.allaboutliving\\\/\",\"https:\\\/\\\/www.instagram.com\\\/myhome_allaboutliving\\\/\",\"https:\\\/\\\/www.linkedin.com\\\/company\\\/myhome-at\\\/\"]},{\"@type\":\"Person\",\"@id\":\"https:\\\/\\\/myhome.at\\\/fr\\\/#\\\/schema\\\/person\\\/41cab007ddbb9c3fc135cac1e13dbd87\",\"name\":\"Ursula Macher\",\"image\":{\"@type\":\"ImageObject\",\"inLanguage\":\"fr-FR\",\"@id\":\"https:\\\/\\\/secure.gravatar.com\\\/avatar\\\/cf3e40835857bf5bddd3c5d9355e9cac263ca9106de970b3c37bceb4360c3b45?s=96&d=mm&r=g\",\"url\":\"https:\\\/\\\/secure.gravatar.com\\\/avatar\\\/cf3e40835857bf5bddd3c5d9355e9cac263ca9106de970b3c37bceb4360c3b45?s=96&d=mm&r=g\",\"contentUrl\":\"https:\\\/\\\/secure.gravatar.com\\\/avatar\\\/cf3e40835857bf5bddd3c5d9355e9cac263ca9106de970b3c37bceb4360c3b45?s=96&d=mm&r=g\",\"caption\":\"Ursula Macher\"},\"url\":\"https:\\\/\\\/myhome.at\\\/fr\\\/author\\\/umacher\\\/\"}]}<\/script>\n<!-- \/ Yoast SEO Premium plugin. -->","yoast_head_json":{"title":"Habitation temporaire : la maison de transition comme oasis de bien-\u00eatre I MYHOME.AT","description":"Vivre temporairement : l'experte en am\u00e9nagement Stefanie Sz\u00f6ke vous montre comment faire de votre maison de transition une oasis de bien-\u00eatre !","robots":{"index":"index","follow":"follow","max-snippet":"max-snippet:-1","max-image-preview":"max-image-preview:large","max-video-preview":"max-video-preview:-1"},"canonical":"https:\/\/myhome.at\/fr\/habiter-temporairement-la-maison-de-transition-comme-une-oasis-de-bien-etre\/","og_locale":"fr_FR","og_type":"article","og_title":"MYHOME.AT I Habitation temporaire : la maison de transition comme oasis de bien-\u00eatre","og_description":"Vivre temporairement : l'experte en am\u00e9nagement Stefanie Sz\u00f6ke vous montre comment faire de votre maison de transition une oasis de bien-\u00eatre !","og_url":"https:\/\/myhome.at\/fr\/habiter-temporairement-la-maison-de-transition-comme-une-oasis-de-bien-etre\/","og_site_name":"MYHOME.AT","article_publisher":"https:\/\/www.facebook.com\/myhome.allaboutliving\/","article_published_time":"2024-12-11T06:06:00+00:00","og_image":[{"width":2304,"height":2560,"url":"https:\/\/myhome.at\/wp-content\/uploads\/2024\/11\/DOM2014_Eugene-Powder_Wall-Panelling-\u00a9-Les-Dominotiers-scaled-1.jpg","type":"image\/jpeg"}],"author":"Ursula Macher","twitter_card":"summary_large_image","twitter_misc":{"\u00c9crit par":"Ursula Macher","Dur\u00e9e de lecture estim\u00e9e":"4 minutes"},"schema":{"@context":"https:\/\/schema.org","@graph":[{"@type":"Article","@id":"https:\/\/myhome.at\/fr\/habiter-temporairement-la-maison-de-transition-comme-une-oasis-de-bien-etre\/#article","isPartOf":{"@id":"https:\/\/myhome.at\/fr\/habiter-temporairement-la-maison-de-transition-comme-une-oasis-de-bien-etre\/"},"author":{"name":"Ursula Macher","@id":"https:\/\/myhome.at\/fr\/#\/schema\/person\/41cab007ddbb9c3fc135cac1e13dbd87"},"headline":"Habitation temporaire : la maison de transition comme oasis de bien-\u00eatre","datePublished":"2024-12-11T06:06:00+00:00","mainEntityOfPage":{"@id":"https:\/\/myhome.at\/fr\/habiter-temporairement-la-maison-de-transition-comme-une-oasis-de-bien-etre\/"},"wordCount":936,"publisher":{"@id":"https:\/\/myhome.at\/fr\/#organization"},"image":{"@id":"https:\/\/myhome.at\/fr\/habiter-temporairement-la-maison-de-transition-comme-une-oasis-de-bien-etre\/#primaryimage"},"thumbnailUrl":"https:\/\/myhome.at\/wp-content\/uploads\/2024\/11\/DOM2014_Eugene-Powder_Wall-Panelling-\u00a9-Les-Dominotiers-scaled-1.jpg","articleSection":["DESIGN &amp; LIVING","En g\u00e9n\u00e9ral"],"inLanguage":"fr-FR"},{"@type":"WebPage","@id":"https:\/\/myhome.at\/fr\/habiter-temporairement-la-maison-de-transition-comme-une-oasis-de-bien-etre\/","url":"https:\/\/myhome.at\/fr\/habiter-temporairement-la-maison-de-transition-comme-une-oasis-de-bien-etre\/","name":"Habitation temporaire : la maison de transition comme oasis de bien-\u00eatre I MYHOME.AT","isPartOf":{"@id":"https:\/\/myhome.at\/fr\/#website"},"primaryImageOfPage":{"@id":"https:\/\/myhome.at\/fr\/habiter-temporairement-la-maison-de-transition-comme-une-oasis-de-bien-etre\/#primaryimage"},"image":{"@id":"https:\/\/myhome.at\/fr\/habiter-temporairement-la-maison-de-transition-comme-une-oasis-de-bien-etre\/#primaryimage"},"thumbnailUrl":"https:\/\/myhome.at\/wp-content\/uploads\/2024\/11\/DOM2014_Eugene-Powder_Wall-Panelling-\u00a9-Les-Dominotiers-scaled-1.jpg","datePublished":"2024-12-11T06:06:00+00:00","description":"Vivre temporairement : l'experte en am\u00e9nagement Stefanie Sz\u00f6ke vous montre comment faire de votre maison de transition une oasis de bien-\u00eatre !","breadcrumb":{"@id":"https:\/\/myhome.at\/fr\/habiter-temporairement-la-maison-de-transition-comme-une-oasis-de-bien-etre\/#breadcrumb"},"inLanguage":"fr-FR","potentialAction":[{"@type":"ReadAction","target":["https:\/\/myhome.at\/fr\/habiter-temporairement-la-maison-de-transition-comme-une-oasis-de-bien-etre\/"]}]},{"@type":"ImageObject","inLanguage":"fr-FR","@id":"https:\/\/myhome.at\/fr\/habiter-temporairement-la-maison-de-transition-comme-une-oasis-de-bien-etre\/#primaryimage","url":"https:\/\/myhome.at\/wp-content\/uploads\/2024\/11\/DOM2014_Eugene-Powder_Wall-Panelling-\u00a9-Les-Dominotiers-scaled-1.jpg","contentUrl":"https:\/\/myhome.at\/wp-content\/uploads\/2024\/11\/DOM2014_Eugene-Powder_Wall-Panelling-\u00a9-Les-Dominotiers-scaled-1.jpg","width":2304,"height":2560},{"@type":"BreadcrumbList","@id":"https:\/\/myhome.at\/fr\/habiter-temporairement-la-maison-de-transition-comme-une-oasis-de-bien-etre\/#breadcrumb","itemListElement":[{"@type":"ListItem","position":1,"name":"Home","item":"https:\/\/myhome.at\/fr\/"},{"@type":"ListItem","position":2,"name":"Habitation temporaire : la maison de transition comme oasis de bien-\u00eatre"}]},{"@type":"WebSite","@id":"https:\/\/myhome.at\/fr\/#website","url":"https:\/\/myhome.at\/fr\/","name":"MYHOME BLOG","description":"Online-Magazin f\u00fcr Wohnen &amp; Immobilien","publisher":{"@id":"https:\/\/myhome.at\/fr\/#organization"},"potentialAction":[{"@type":"SearchAction","target":{"@type":"EntryPoint","urlTemplate":"https:\/\/myhome.at\/fr\/?s={search_term_string}"},"query-input":{"@type":"PropertyValueSpecification","valueRequired":true,"valueName":"search_term_string"}}],"inLanguage":"fr-FR"},{"@type":"Organization","@id":"https:\/\/myhome.at\/fr\/#organization","name":"MYHOME BLOG","alternateName":"MYHOME BLOG","url":"https:\/\/myhome.at\/fr\/","logo":{"@type":"ImageObject","inLanguage":"fr-FR","@id":"https:\/\/myhome.at\/fr\/#\/schema\/logo\/image\/","url":"https:\/\/myhome.at\/wp-content\/uploads\/2023\/10\/FMH_MYHOME_ICON_RZ_RGB_696x696.png","contentUrl":"https:\/\/myhome.at\/wp-content\/uploads\/2023\/10\/FMH_MYHOME_ICON_RZ_RGB_696x696.png","width":697,"height":697,"caption":"MYHOME BLOG"},"image":{"@id":"https:\/\/myhome.at\/fr\/#\/schema\/logo\/image\/"},"sameAs":["https:\/\/www.facebook.com\/myhome.allaboutliving\/","https:\/\/www.instagram.com\/myhome_allaboutliving\/","https:\/\/www.linkedin.com\/company\/myhome-at\/"]},{"@type":"Person","@id":"https:\/\/myhome.at\/fr\/#\/schema\/person\/41cab007ddbb9c3fc135cac1e13dbd87","name":"Ursula Macher","image":{"@type":"ImageObject","inLanguage":"fr-FR","@id":"https:\/\/secure.gravatar.com\/avatar\/cf3e40835857bf5bddd3c5d9355e9cac263ca9106de970b3c37bceb4360c3b45?s=96&d=mm&r=g","url":"https:\/\/secure.gravatar.com\/avatar\/cf3e40835857bf5bddd3c5d9355e9cac263ca9106de970b3c37bceb4360c3b45?s=96&d=mm&r=g","contentUrl":"https:\/\/secure.gravatar.com\/avatar\/cf3e40835857bf5bddd3c5d9355e9cac263ca9106de970b3c37bceb4360c3b45?s=96&d=mm&r=g","caption":"Ursula Macher"},"url":"https:\/\/myhome.at\/fr\/author\/umacher\/"}]}},"_links":{"self":[{"href":"https:\/\/myhome.at\/fr\/wp-json\/wp\/v2\/posts\/22514","targetHints":{"allow":["GET"]}}],"collection":[{"href":"https:\/\/myhome.at\/fr\/wp-json\/wp\/v2\/posts"}],"about":[{"href":"https:\/\/myhome.at\/fr\/wp-json\/wp\/v2\/types\/post"}],"author":[{"embeddable":true,"href":"https:\/\/myhome.at\/fr\/wp-json\/wp\/v2\/users\/5"}],"replies":[{"embeddable":true,"href":"https:\/\/myhome.at\/fr\/wp-json\/wp\/v2\/comments?post=22514"}],"version-history":[{"count":3,"href":"https:\/\/myhome.at\/fr\/wp-json\/wp\/v2\/posts\/22514\/revisions"}],"predecessor-version":[{"id":22959,"href":"https:\/\/myhome.at\/fr\/wp-json\/wp\/v2\/posts\/22514\/revisions\/22959"}],"wp:featuredmedia":[{"embeddable":true,"href":"https:\/\/myhome.at\/fr\/wp-json\/wp\/v2\/media\/22351"}],"wp:attachment":[{"href":"https:\/\/myhome.at\/fr\/wp-json\/wp\/v2\/media?parent=22514"}],"wp:term":[{"taxonomy":"category","embeddable":true,"href":"https:\/\/myhome.at\/fr\/wp-json\/wp\/v2\/categories?post=22514"},{"taxonomy":"post_tag","embeddable":true,"href":"https:\/\/myhome.at\/fr\/wp-json\/wp\/v2\/tags?post=22514"}],"curies":[{"name":"wp","href":"https:\/\/api.w.org\/{rel}","templated":true}]}}