{"id":21062,"date":"2024-09-03T07:55:00","date_gmt":"2024-09-03T05:55:00","guid":{"rendered":"https:\/\/myhome.at\/?p=21062"},"modified":"2024-08-28T10:51:35","modified_gmt":"2024-08-28T08:51:35","slug":"ce-que-vous-devez-faire-maintenant-dans-le-jardin","status":"publish","type":"post","link":"https:\/\/myhome.at\/fr\/ce-que-vous-devez-faire-maintenant-dans-le-jardin\/","title":{"rendered":"Ce que vous devez faire maintenant dans votre jardin"},"content":{"rendered":"\n<p><em>Le mois de septembre n&rsquo;est pas seulement la p\u00e9riode des r\u00e9coltes.\nVous pouvez commencer \u00e0 pr\u00e9parer votre jardin pour l&rsquo;automne et l&rsquo;hiver, mais aussi pour le printemps \u00e0 venir. <\/em><\/p>\n\n<p>Le plein \u00e9t\u00e9 est termin\u00e9, du moins selon le calendrier.\nDans le jardin, l&rsquo;automne se fait d\u00e9j\u00e0 sentir : Les prunes, les pommes, les poires et les raisins m\u00fbrissent, et de nombreux l\u00e9gumes attendent d&rsquo;\u00eatre r\u00e9colt\u00e9s.\nLa pelouse a besoin d&rsquo;\u00eatre entretenue apr\u00e8s les semaines de chaleur, les arbustes et les plantes vivaces doivent \u00eatre taill\u00e9s.\nEnfin, vous pouvez d&rsquo;ores et d\u00e9j\u00e0 pr\u00e9parer le terrain pour que la verdure et les fleurs r\u00e9apparaissent au printemps prochain.   <\/p>\n\n<h3 class=\"wp-block-heading\" id=\"h-rasen\"><strong>Gazon<\/strong><\/h3>\n\n<p>La chaleur torride, combin\u00e9e dans certains endroits \u00e0 une forte s\u00e9cheresse, a eu raison de votre pelouse.\nPour que les zones ou les surfaces brunes redeviennent vertes, vous devez maintenant arroser r\u00e9guli\u00e8rement votre pelouse en quantit\u00e9 suffisante.\nIl est pr\u00e9f\u00e9rable d&rsquo;arroser moins souvent, mais en profondeur.\nSi vous ne voyez toujours pas de vert frais \u00e0 certains endroits, ressemez.\nL&rsquo;automne est \u00e9galement une bonne p\u00e9riode pour replanter le gazon.\nVous devez \u00e9galement apporter un dernier engrais \u00e0 la surface verte : Id\u00e9alement, utilisez un engrais sp\u00e9cial pour gazon d&rsquo;automne pour aider le gazon \u00e0 passer l&rsquo;hiver.     <\/p>\n\n<h3 class=\"wp-block-heading\" id=\"h-obstgarten\"><strong>Verger<\/strong><\/h3>\n\n<p>C&rsquo;est non seulement le moment de la r\u00e9colte, mais aussi celui de l&rsquo;entretien.\nLes tiges de framboises d&rsquo;\u00e9t\u00e9 r\u00e9colt\u00e9es et devenues brunes sont enlev\u00e9es apr\u00e8s la r\u00e9colte et les nouvelles pousses sont fix\u00e9es \u00e0 des tuteurs.\nEn revanche, les framboises d&rsquo;automne sont coup\u00e9es juste au-dessus du sol apr\u00e8s la derni\u00e8re r\u00e9colte.\nLes vieilles pousses de groseille doivent \u00e9galement \u00eatre enlev\u00e9es.\nDe nouveaux arbres fruitiers et arbustes \u00e0 baies peuvent ou doivent \u00e9galement \u00eatre plant\u00e9s rapidement.\nEnlevez r\u00e9guli\u00e8rement les fruits tomb\u00e9s afin d&rsquo;\u00e9viter la propagation des parasites et des maladies.\nLes abricotiers et les p\u00eachers peuvent \u00e9galement \u00eatre taill\u00e9s pour \u00eatre rajeunis.      <\/p>\n\n<p><\/p>\n\n<figure class=\"wp-block-image size-large\"><img decoding=\"async\" width=\"683\" height=\"1024\" src=\"https:\/\/myhome.at\/wp-content\/uploads\/2024\/09\/Apfelbaum_pexels_mark-stebnicki-683x1024.jpg\" alt=\"Jardin, jardinage, entretien du jardin, pelouse, ext&#xE9;rieur, nature\" class=\"wp-image-20856\" srcset=\"https:\/\/myhome.at\/wp-content\/uploads\/2024\/09\/Apfelbaum_pexels_mark-stebnicki-683x1024.jpg 683w, https:\/\/myhome.at\/wp-content\/uploads\/2024\/09\/Apfelbaum_pexels_mark-stebnicki-200x300.jpg 200w, https:\/\/myhome.at\/wp-content\/uploads\/2024\/09\/Apfelbaum_pexels_mark-stebnicki-768x1152.jpg 768w, https:\/\/myhome.at\/wp-content\/uploads\/2024\/09\/Apfelbaum_pexels_mark-stebnicki-scaled.jpg 1024w, https:\/\/myhome.at\/wp-content\/uploads\/2024\/09\/Apfelbaum_pexels_mark-stebnicki-1365x2048.jpg 1365w, https:\/\/myhome.at\/wp-content\/uploads\/2024\/09\/Apfelbaum_pexels_mark-stebnicki-830x1245.jpg 830w, https:\/\/myhome.at\/wp-content\/uploads\/2024\/09\/Apfelbaum_pexels_mark-stebnicki-1200x1800.jpg 1200w\" sizes=\"(max-width: 683px) 100vw, 683px\" \/><figcaption class=\"wp-element-caption\">Le plaisir de la r\u00e9colte : M\u00eame en automne, le jardin a encore beaucoup \u00e0 offrir.<\/figcaption><\/figure>\n\n<h3 class=\"wp-block-heading\" id=\"h-ziergarten\"><strong>Jardin d&rsquo;agr\u00e9ment<\/strong><\/h3>\n\n<p>Supprimez les feuilles jaunies ou mortes des rosiers afin de pr\u00e9venir les maladies.\nSi vous voulez planter de nouveaux rosiers, faites-le maintenant.\nLa terre encore chaude aide les plantes \u00e0 s&rsquo;enraciner.\nIl en va de m\u00eame pour les cl\u00e9matites, qui doivent \u00e9galement \u00eatre plant\u00e9es maintenant.\nR\u00e9cup\u00e9rez les graines des plantes \u00e0 fleurs annuelles, comme les soucis ou les cosmos, pour les semer au printemps prochain.\nLes plantes vivaces, les plantes couvre-sol, les haies et les arbustes peuvent \u00e9galement \u00eatre d\u00e9plac\u00e9s ou replant\u00e9s en septembre.     <\/p>\n\n<p>Les arbustes \u00e0 feuilles persistantes appr\u00e9cieront une derni\u00e8re fertilisation au potassium, qui permettra aux nouvelles pousses de mieux se lignifier.\nLe mois de septembre est \u00e9galement id\u00e9al pour mettre en terre de nouveaux bulbes de fleurs.   <\/p>\n\n<h3 class=\"wp-block-heading\" id=\"h-gemusegarten\"><strong>Jardin potager<\/strong><\/h3>\n\n<p>Comme pour le verger, la r\u00e8gle est la m\u00eame : C&rsquo;est le moment de r\u00e9colter.\nMais il est encore possible de cultiver ou de semer.\nCela vaut par exemple pour les pousses de chou, les poireaux, les endives, les salades pomm\u00e9es et la m\u00e2che, le pourpier d&rsquo;hiver ou les \u00e9pinards.\nLes oignons d&rsquo;hiver doivent \u00e9galement \u00eatre mis en terre maintenant, tout comme l&rsquo;ail.     <\/p>\n\n<p>Pour les plates-bandes qui ne sont plus plant\u00e9es, il est recommand\u00e9 d&rsquo;utiliser un engrais vert pour pr\u00e9parer le sol pour l&rsquo;ann\u00e9e suivante.<\/p>\n\n<p><\/p>\n\n<figure class=\"wp-block-image size-large\"><img decoding=\"async\" width=\"1024\" height=\"683\" src=\"https:\/\/myhome.at\/wp-content\/uploads\/2024\/09\/Kuerbis_pexels-zen-chung-5528951-1024x683.jpg\" alt=\"Jardin, jardinage, entretien du jardin, pelouse, ext&#xE9;rieur, nature\" class=\"wp-image-20864\" srcset=\"https:\/\/myhome.at\/wp-content\/uploads\/2024\/09\/Kuerbis_pexels-zen-chung-5528951-1024x683.jpg 1024w, https:\/\/myhome.at\/wp-content\/uploads\/2024\/09\/Kuerbis_pexels-zen-chung-5528951-300x200.jpg 300w, https:\/\/myhome.at\/wp-content\/uploads\/2024\/09\/Kuerbis_pexels-zen-chung-5528951-768x512.jpg 768w, https:\/\/myhome.at\/wp-content\/uploads\/2024\/09\/Kuerbis_pexels-zen-chung-5528951-scaled.jpg 1536w, https:\/\/myhome.at\/wp-content\/uploads\/2024\/09\/Kuerbis_pexels-zen-chung-5528951-2048x1365.jpg 2048w, https:\/\/myhome.at\/wp-content\/uploads\/2024\/09\/Kuerbis_pexels-zen-chung-5528951-830x553.jpg 830w, https:\/\/myhome.at\/wp-content\/uploads\/2024\/09\/Kuerbis_pexels-zen-chung-5528951-1200x800.jpg 1200w\" sizes=\"(max-width: 1024px) 100vw, 1024px\" \/><figcaption class=\"wp-element-caption\">Les citrouilles sont r\u00e9colt\u00e9es maintenant, les l\u00e9gumes d&rsquo;hiver peuvent encore \u00eatre cultiv\u00e9s.<\/figcaption><\/figure>\n\n<h3 class=\"wp-block-heading\" id=\"h-krautergarten\"><strong>Jardin d&rsquo;herbes aromatiques<\/strong><\/h3>\n\n<p>De nombreuses herbes aromatiques, en particulier m\u00e9diterran\u00e9ennes, ne r\u00e9sistent pas \u00e0 l&rsquo;hiver.\nVous pouvez soit tenter de passer l&rsquo;hiver \u00e0 l&rsquo;int\u00e9rieur, soit r\u00e9colter le romarin, l&rsquo;origan et autres et les faire s\u00e9cher ou les mettre dans de l&rsquo;huile. <\/p>\n\n<hr class=\"wp-block-separator has-alpha-channel-opacity\"\/>\n\n<p>Contributions similaires :<\/p>\n\n<p><a href=\"https:\/\/myhome.at\/fr\/lutte-contre-les-nuisibles-dans-le-jardin\/\">Lutte contre les nuisibles dans le jardin sans produits chimiques<\/a><\/p>\n\n<p><a href=\"https:\/\/myhome.at\/fr\/protection-vue-jardin-qui-est-possible-qui-est-autorise\/\">Pare-vue dans le jardin : Qu&rsquo;est-ce qui est possible, qu&rsquo;est-ce qui est permis ?<\/a><\/p>\n\n<p><a href=\"https:\/\/myhome.at\/fr\/tas-de-compost\/\">Les tas de compost sont bons pour le jardin et le climat<\/a><\/p>\n","protected":false},"excerpt":{"rendered":"<p>Le mois de septembre n&rsquo;est pas seulement la p\u00e9riode des r\u00e9coltes. Vous pouvez commencer \u00e0 pr\u00e9parer votre jardin pour l&rsquo;automne et l&rsquo;hiver, mais aussi pour le printemps \u00e0 venir. Le plein \u00e9t\u00e9 est termin\u00e9, du moins selon le calendrier. Dans le jardin, l&rsquo;automne se fait d\u00e9j\u00e0 sentir : Les prunes, les pommes, les poires et &hellip;<\/p>\n","protected":false},"author":12,"featured_media":20862,"comment_status":"closed","ping_status":"open","sticky":false,"template":"","format":"standard","meta":{"_acf_changed":false,"footnotes":""},"categories":[128,2112],"tags":[],"class_list":["post-21062","post","type-post","status-publish","format-standard","has-post-thumbnail","hentry","category-non-classifiee","category-exterieur-jardin"],"acf":[],"yoast_head":"<!-- This site is optimized with the Yoast SEO Premium plugin v27.5 (Yoast SEO v27.5) - https:\/\/yoast.com\/product\/yoast-seo-premium-wordpress\/ -->\n<title>Ce que vous devez faire maintenant dans votre jardin I MYHOME.AT<\/title>\n<meta name=\"description\" content=\"Le mois de septembre est le mois id\u00e9al pour pr\u00e9parer le jardin \u00e0 l&#039;automne et \u00e0 l&#039;hiver, mais aussi d\u00e9j\u00e0 au printemps prochain.\" \/>\n<meta name=\"robots\" content=\"index, follow, max-snippet:-1, max-image-preview:large, max-video-preview:-1\" \/>\n<link rel=\"canonical\" href=\"https:\/\/myhome.at\/fr\/ce-que-vous-devez-faire-maintenant-dans-le-jardin\/\" \/>\n<meta property=\"og:locale\" content=\"fr_FR\" \/>\n<meta property=\"og:type\" content=\"article\" \/>\n<meta property=\"og:title\" content=\"MYHOME.AT I Ce que vous devez faire maintenant dans votre jardin\" \/>\n<meta property=\"og:description\" content=\"Le mois de septembre est le mois id\u00e9al pour pr\u00e9parer le jardin \u00e0 l&#039;automne et \u00e0 l&#039;hiver, mais aussi d\u00e9j\u00e0 au printemps prochain.\" \/>\n<meta property=\"og:url\" content=\"https:\/\/myhome.at\/fr\/ce-que-vous-devez-faire-maintenant-dans-le-jardin\/\" \/>\n<meta property=\"og:site_name\" content=\"MYHOME.AT\" \/>\n<meta property=\"article:publisher\" content=\"https:\/\/www.facebook.com\/myhome.allaboutliving\/\" \/>\n<meta property=\"article:published_time\" content=\"2024-09-03T05:55:00+00:00\" \/>\n<meta property=\"og:image\" content=\"https:\/\/myhome.at\/wp-content\/uploads\/2024\/09\/Gartenarbeit_pexels-shvetsa-5029816-scaled.jpg\" \/>\n\t<meta property=\"og:image:width\" content=\"1707\" \/>\n\t<meta property=\"og:image:height\" content=\"2560\" \/>\n\t<meta property=\"og:image:type\" content=\"image\/jpeg\" \/>\n<meta name=\"author\" content=\"Ursula Rischanek\" \/>\n<meta name=\"twitter:card\" content=\"summary_large_image\" \/>\n<meta name=\"twitter:label1\" content=\"\u00c9crit par\" \/>\n\t<meta name=\"twitter:data1\" content=\"Ursula Rischanek\" \/>\n\t<meta name=\"twitter:label2\" content=\"Dur\u00e9e de lecture estim\u00e9e\" \/>\n\t<meta name=\"twitter:data2\" content=\"3 minutes\" \/>\n<script type=\"application\/ld+json\" class=\"yoast-schema-graph\">{\"@context\":\"https:\\\/\\\/schema.org\",\"@graph\":[{\"@type\":\"Article\",\"@id\":\"https:\\\/\\\/myhome.at\\\/fr\\\/ce-que-vous-devez-faire-maintenant-dans-le-jardin\\\/#article\",\"isPartOf\":{\"@id\":\"https:\\\/\\\/myhome.at\\\/fr\\\/ce-que-vous-devez-faire-maintenant-dans-le-jardin\\\/\"},\"author\":{\"name\":\"Ursula Rischanek\",\"@id\":\"https:\\\/\\\/myhome.at\\\/fr\\\/#\\\/schema\\\/person\\\/89f10eea631b3fa55e8e75c398516a26\"},\"headline\":\"Ce que vous devez faire maintenant dans votre jardin\",\"datePublished\":\"2024-09-03T05:55:00+00:00\",\"mainEntityOfPage\":{\"@id\":\"https:\\\/\\\/myhome.at\\\/fr\\\/ce-que-vous-devez-faire-maintenant-dans-le-jardin\\\/\"},\"wordCount\":715,\"publisher\":{\"@id\":\"https:\\\/\\\/myhome.at\\\/fr\\\/#organization\"},\"image\":{\"@id\":\"https:\\\/\\\/myhome.at\\\/fr\\\/ce-que-vous-devez-faire-maintenant-dans-le-jardin\\\/#primaryimage\"},\"thumbnailUrl\":\"https:\\\/\\\/myhome.at\\\/wp-content\\\/uploads\\\/2024\\\/09\\\/Gartenarbeit_pexels-shvetsa-5029816-scaled.jpg\",\"articleSection\":[\"En g\u00e9n\u00e9ral\",\"EXT\u00c9RIEUR &amp; JARDIN\"],\"inLanguage\":\"fr-FR\"},{\"@type\":\"WebPage\",\"@id\":\"https:\\\/\\\/myhome.at\\\/fr\\\/ce-que-vous-devez-faire-maintenant-dans-le-jardin\\\/\",\"url\":\"https:\\\/\\\/myhome.at\\\/fr\\\/ce-que-vous-devez-faire-maintenant-dans-le-jardin\\\/\",\"name\":\"Ce que vous devez faire maintenant dans votre jardin I MYHOME.AT\",\"isPartOf\":{\"@id\":\"https:\\\/\\\/myhome.at\\\/fr\\\/#website\"},\"primaryImageOfPage\":{\"@id\":\"https:\\\/\\\/myhome.at\\\/fr\\\/ce-que-vous-devez-faire-maintenant-dans-le-jardin\\\/#primaryimage\"},\"image\":{\"@id\":\"https:\\\/\\\/myhome.at\\\/fr\\\/ce-que-vous-devez-faire-maintenant-dans-le-jardin\\\/#primaryimage\"},\"thumbnailUrl\":\"https:\\\/\\\/myhome.at\\\/wp-content\\\/uploads\\\/2024\\\/09\\\/Gartenarbeit_pexels-shvetsa-5029816-scaled.jpg\",\"datePublished\":\"2024-09-03T05:55:00+00:00\",\"description\":\"Le mois de septembre est le mois id\u00e9al pour pr\u00e9parer le jardin \u00e0 l'automne et \u00e0 l'hiver, mais aussi d\u00e9j\u00e0 au printemps prochain.\",\"breadcrumb\":{\"@id\":\"https:\\\/\\\/myhome.at\\\/fr\\\/ce-que-vous-devez-faire-maintenant-dans-le-jardin\\\/#breadcrumb\"},\"inLanguage\":\"fr-FR\",\"potentialAction\":[{\"@type\":\"ReadAction\",\"target\":[\"https:\\\/\\\/myhome.at\\\/fr\\\/ce-que-vous-devez-faire-maintenant-dans-le-jardin\\\/\"]}]},{\"@type\":\"ImageObject\",\"inLanguage\":\"fr-FR\",\"@id\":\"https:\\\/\\\/myhome.at\\\/fr\\\/ce-que-vous-devez-faire-maintenant-dans-le-jardin\\\/#primaryimage\",\"url\":\"https:\\\/\\\/myhome.at\\\/wp-content\\\/uploads\\\/2024\\\/09\\\/Gartenarbeit_pexels-shvetsa-5029816-scaled.jpg\",\"contentUrl\":\"https:\\\/\\\/myhome.at\\\/wp-content\\\/uploads\\\/2024\\\/09\\\/Gartenarbeit_pexels-shvetsa-5029816-scaled.jpg\",\"width\":1707,\"height\":2560},{\"@type\":\"BreadcrumbList\",\"@id\":\"https:\\\/\\\/myhome.at\\\/fr\\\/ce-que-vous-devez-faire-maintenant-dans-le-jardin\\\/#breadcrumb\",\"itemListElement\":[{\"@type\":\"ListItem\",\"position\":1,\"name\":\"Home\",\"item\":\"https:\\\/\\\/myhome.at\\\/fr\\\/\"},{\"@type\":\"ListItem\",\"position\":2,\"name\":\"Ce que vous devez faire maintenant dans votre jardin\"}]},{\"@type\":\"WebSite\",\"@id\":\"https:\\\/\\\/myhome.at\\\/fr\\\/#website\",\"url\":\"https:\\\/\\\/myhome.at\\\/fr\\\/\",\"name\":\"MYHOME BLOG\",\"description\":\"Online-Magazin f\u00fcr Wohnen &amp; Immobilien\",\"publisher\":{\"@id\":\"https:\\\/\\\/myhome.at\\\/fr\\\/#organization\"},\"potentialAction\":[{\"@type\":\"SearchAction\",\"target\":{\"@type\":\"EntryPoint\",\"urlTemplate\":\"https:\\\/\\\/myhome.at\\\/fr\\\/?s={search_term_string}\"},\"query-input\":{\"@type\":\"PropertyValueSpecification\",\"valueRequired\":true,\"valueName\":\"search_term_string\"}}],\"inLanguage\":\"fr-FR\"},{\"@type\":\"Organization\",\"@id\":\"https:\\\/\\\/myhome.at\\\/fr\\\/#organization\",\"name\":\"MYHOME BLOG\",\"alternateName\":\"MYHOME BLOG\",\"url\":\"https:\\\/\\\/myhome.at\\\/fr\\\/\",\"logo\":{\"@type\":\"ImageObject\",\"inLanguage\":\"fr-FR\",\"@id\":\"https:\\\/\\\/myhome.at\\\/fr\\\/#\\\/schema\\\/logo\\\/image\\\/\",\"url\":\"https:\\\/\\\/myhome.at\\\/wp-content\\\/uploads\\\/2023\\\/10\\\/FMH_MYHOME_ICON_RZ_RGB_696x696.png\",\"contentUrl\":\"https:\\\/\\\/myhome.at\\\/wp-content\\\/uploads\\\/2023\\\/10\\\/FMH_MYHOME_ICON_RZ_RGB_696x696.png\",\"width\":697,\"height\":697,\"caption\":\"MYHOME BLOG\"},\"image\":{\"@id\":\"https:\\\/\\\/myhome.at\\\/fr\\\/#\\\/schema\\\/logo\\\/image\\\/\"},\"sameAs\":[\"https:\\\/\\\/www.facebook.com\\\/myhome.allaboutliving\\\/\",\"https:\\\/\\\/www.instagram.com\\\/myhome_allaboutliving\\\/\",\"https:\\\/\\\/www.linkedin.com\\\/company\\\/myhome-at\\\/\"]},{\"@type\":\"Person\",\"@id\":\"https:\\\/\\\/myhome.at\\\/fr\\\/#\\\/schema\\\/person\\\/89f10eea631b3fa55e8e75c398516a26\",\"name\":\"Ursula Rischanek\",\"image\":{\"@type\":\"ImageObject\",\"inLanguage\":\"fr-FR\",\"@id\":\"https:\\\/\\\/secure.gravatar.com\\\/avatar\\\/0faeec49ad0724fc92faf33d8f23e38ba17caea4b5ae0654b3f6935aa17455f5?s=96&d=mm&r=g\",\"url\":\"https:\\\/\\\/secure.gravatar.com\\\/avatar\\\/0faeec49ad0724fc92faf33d8f23e38ba17caea4b5ae0654b3f6935aa17455f5?s=96&d=mm&r=g\",\"contentUrl\":\"https:\\\/\\\/secure.gravatar.com\\\/avatar\\\/0faeec49ad0724fc92faf33d8f23e38ba17caea4b5ae0654b3f6935aa17455f5?s=96&d=mm&r=g\",\"caption\":\"Ursula Rischanek\"},\"url\":\"https:\\\/\\\/myhome.at\\\/fr\\\/author\\\/urischanek\\\/\"}]}<\/script>\n<!-- \/ Yoast SEO Premium plugin. -->","yoast_head_json":{"title":"Ce que vous devez faire maintenant dans votre jardin I MYHOME.AT","description":"Le mois de septembre est le mois id\u00e9al pour pr\u00e9parer le jardin \u00e0 l'automne et \u00e0 l'hiver, mais aussi d\u00e9j\u00e0 au printemps prochain.","robots":{"index":"index","follow":"follow","max-snippet":"max-snippet:-1","max-image-preview":"max-image-preview:large","max-video-preview":"max-video-preview:-1"},"canonical":"https:\/\/myhome.at\/fr\/ce-que-vous-devez-faire-maintenant-dans-le-jardin\/","og_locale":"fr_FR","og_type":"article","og_title":"MYHOME.AT I Ce que vous devez faire maintenant dans votre jardin","og_description":"Le mois de septembre est le mois id\u00e9al pour pr\u00e9parer le jardin \u00e0 l'automne et \u00e0 l'hiver, mais aussi d\u00e9j\u00e0 au printemps prochain.","og_url":"https:\/\/myhome.at\/fr\/ce-que-vous-devez-faire-maintenant-dans-le-jardin\/","og_site_name":"MYHOME.AT","article_publisher":"https:\/\/www.facebook.com\/myhome.allaboutliving\/","article_published_time":"2024-09-03T05:55:00+00:00","og_image":[{"width":1707,"height":2560,"url":"https:\/\/myhome.at\/wp-content\/uploads\/2024\/09\/Gartenarbeit_pexels-shvetsa-5029816-scaled.jpg","type":"image\/jpeg"}],"author":"Ursula Rischanek","twitter_card":"summary_large_image","twitter_misc":{"\u00c9crit par":"Ursula Rischanek","Dur\u00e9e de lecture estim\u00e9e":"3 minutes"},"schema":{"@context":"https:\/\/schema.org","@graph":[{"@type":"Article","@id":"https:\/\/myhome.at\/fr\/ce-que-vous-devez-faire-maintenant-dans-le-jardin\/#article","isPartOf":{"@id":"https:\/\/myhome.at\/fr\/ce-que-vous-devez-faire-maintenant-dans-le-jardin\/"},"author":{"name":"Ursula Rischanek","@id":"https:\/\/myhome.at\/fr\/#\/schema\/person\/89f10eea631b3fa55e8e75c398516a26"},"headline":"Ce que vous devez faire maintenant dans votre jardin","datePublished":"2024-09-03T05:55:00+00:00","mainEntityOfPage":{"@id":"https:\/\/myhome.at\/fr\/ce-que-vous-devez-faire-maintenant-dans-le-jardin\/"},"wordCount":715,"publisher":{"@id":"https:\/\/myhome.at\/fr\/#organization"},"image":{"@id":"https:\/\/myhome.at\/fr\/ce-que-vous-devez-faire-maintenant-dans-le-jardin\/#primaryimage"},"thumbnailUrl":"https:\/\/myhome.at\/wp-content\/uploads\/2024\/09\/Gartenarbeit_pexels-shvetsa-5029816-scaled.jpg","articleSection":["En g\u00e9n\u00e9ral","EXT\u00c9RIEUR &amp; JARDIN"],"inLanguage":"fr-FR"},{"@type":"WebPage","@id":"https:\/\/myhome.at\/fr\/ce-que-vous-devez-faire-maintenant-dans-le-jardin\/","url":"https:\/\/myhome.at\/fr\/ce-que-vous-devez-faire-maintenant-dans-le-jardin\/","name":"Ce que vous devez faire maintenant dans votre jardin I MYHOME.AT","isPartOf":{"@id":"https:\/\/myhome.at\/fr\/#website"},"primaryImageOfPage":{"@id":"https:\/\/myhome.at\/fr\/ce-que-vous-devez-faire-maintenant-dans-le-jardin\/#primaryimage"},"image":{"@id":"https:\/\/myhome.at\/fr\/ce-que-vous-devez-faire-maintenant-dans-le-jardin\/#primaryimage"},"thumbnailUrl":"https:\/\/myhome.at\/wp-content\/uploads\/2024\/09\/Gartenarbeit_pexels-shvetsa-5029816-scaled.jpg","datePublished":"2024-09-03T05:55:00+00:00","description":"Le mois de septembre est le mois id\u00e9al pour pr\u00e9parer le jardin \u00e0 l'automne et \u00e0 l'hiver, mais aussi d\u00e9j\u00e0 au printemps prochain.","breadcrumb":{"@id":"https:\/\/myhome.at\/fr\/ce-que-vous-devez-faire-maintenant-dans-le-jardin\/#breadcrumb"},"inLanguage":"fr-FR","potentialAction":[{"@type":"ReadAction","target":["https:\/\/myhome.at\/fr\/ce-que-vous-devez-faire-maintenant-dans-le-jardin\/"]}]},{"@type":"ImageObject","inLanguage":"fr-FR","@id":"https:\/\/myhome.at\/fr\/ce-que-vous-devez-faire-maintenant-dans-le-jardin\/#primaryimage","url":"https:\/\/myhome.at\/wp-content\/uploads\/2024\/09\/Gartenarbeit_pexels-shvetsa-5029816-scaled.jpg","contentUrl":"https:\/\/myhome.at\/wp-content\/uploads\/2024\/09\/Gartenarbeit_pexels-shvetsa-5029816-scaled.jpg","width":1707,"height":2560},{"@type":"BreadcrumbList","@id":"https:\/\/myhome.at\/fr\/ce-que-vous-devez-faire-maintenant-dans-le-jardin\/#breadcrumb","itemListElement":[{"@type":"ListItem","position":1,"name":"Home","item":"https:\/\/myhome.at\/fr\/"},{"@type":"ListItem","position":2,"name":"Ce que vous devez faire maintenant dans votre jardin"}]},{"@type":"WebSite","@id":"https:\/\/myhome.at\/fr\/#website","url":"https:\/\/myhome.at\/fr\/","name":"MYHOME BLOG","description":"Online-Magazin f\u00fcr Wohnen &amp; Immobilien","publisher":{"@id":"https:\/\/myhome.at\/fr\/#organization"},"potentialAction":[{"@type":"SearchAction","target":{"@type":"EntryPoint","urlTemplate":"https:\/\/myhome.at\/fr\/?s={search_term_string}"},"query-input":{"@type":"PropertyValueSpecification","valueRequired":true,"valueName":"search_term_string"}}],"inLanguage":"fr-FR"},{"@type":"Organization","@id":"https:\/\/myhome.at\/fr\/#organization","name":"MYHOME BLOG","alternateName":"MYHOME BLOG","url":"https:\/\/myhome.at\/fr\/","logo":{"@type":"ImageObject","inLanguage":"fr-FR","@id":"https:\/\/myhome.at\/fr\/#\/schema\/logo\/image\/","url":"https:\/\/myhome.at\/wp-content\/uploads\/2023\/10\/FMH_MYHOME_ICON_RZ_RGB_696x696.png","contentUrl":"https:\/\/myhome.at\/wp-content\/uploads\/2023\/10\/FMH_MYHOME_ICON_RZ_RGB_696x696.png","width":697,"height":697,"caption":"MYHOME BLOG"},"image":{"@id":"https:\/\/myhome.at\/fr\/#\/schema\/logo\/image\/"},"sameAs":["https:\/\/www.facebook.com\/myhome.allaboutliving\/","https:\/\/www.instagram.com\/myhome_allaboutliving\/","https:\/\/www.linkedin.com\/company\/myhome-at\/"]},{"@type":"Person","@id":"https:\/\/myhome.at\/fr\/#\/schema\/person\/89f10eea631b3fa55e8e75c398516a26","name":"Ursula Rischanek","image":{"@type":"ImageObject","inLanguage":"fr-FR","@id":"https:\/\/secure.gravatar.com\/avatar\/0faeec49ad0724fc92faf33d8f23e38ba17caea4b5ae0654b3f6935aa17455f5?s=96&d=mm&r=g","url":"https:\/\/secure.gravatar.com\/avatar\/0faeec49ad0724fc92faf33d8f23e38ba17caea4b5ae0654b3f6935aa17455f5?s=96&d=mm&r=g","contentUrl":"https:\/\/secure.gravatar.com\/avatar\/0faeec49ad0724fc92faf33d8f23e38ba17caea4b5ae0654b3f6935aa17455f5?s=96&d=mm&r=g","caption":"Ursula Rischanek"},"url":"https:\/\/myhome.at\/fr\/author\/urischanek\/"}]}},"_links":{"self":[{"href":"https:\/\/myhome.at\/fr\/wp-json\/wp\/v2\/posts\/21062","targetHints":{"allow":["GET"]}}],"collection":[{"href":"https:\/\/myhome.at\/fr\/wp-json\/wp\/v2\/posts"}],"about":[{"href":"https:\/\/myhome.at\/fr\/wp-json\/wp\/v2\/types\/post"}],"author":[{"embeddable":true,"href":"https:\/\/myhome.at\/fr\/wp-json\/wp\/v2\/users\/12"}],"replies":[{"embeddable":true,"href":"https:\/\/myhome.at\/fr\/wp-json\/wp\/v2\/comments?post=21062"}],"version-history":[{"count":1,"href":"https:\/\/myhome.at\/fr\/wp-json\/wp\/v2\/posts\/21062\/revisions"}],"predecessor-version":[{"id":21063,"href":"https:\/\/myhome.at\/fr\/wp-json\/wp\/v2\/posts\/21062\/revisions\/21063"}],"wp:featuredmedia":[{"embeddable":true,"href":"https:\/\/myhome.at\/fr\/wp-json\/wp\/v2\/media\/20862"}],"wp:attachment":[{"href":"https:\/\/myhome.at\/fr\/wp-json\/wp\/v2\/media?parent=21062"}],"wp:term":[{"taxonomy":"category","embeddable":true,"href":"https:\/\/myhome.at\/fr\/wp-json\/wp\/v2\/categories?post=21062"},{"taxonomy":"post_tag","embeddable":true,"href":"https:\/\/myhome.at\/fr\/wp-json\/wp\/v2\/tags?post=21062"}],"curies":[{"name":"wp","href":"https:\/\/api.w.org\/{rel}","templated":true}]}}