{"id":20748,"date":"2024-10-24T07:39:00","date_gmt":"2024-10-24T05:39:00","guid":{"rendered":"https:\/\/myhome.at\/?p=20748"},"modified":"2024-08-28T15:41:59","modified_gmt":"2024-08-28T13:41:59","slug":"poeles-dautomne-rechauffeurs-dame-traditionnels","status":"publish","type":"post","link":"https:\/\/myhome.at\/fr\/poeles-dautomne-rechauffeurs-dame-traditionnels\/","title":{"rendered":"Les rago\u00fbts d&rsquo;automne : une tradition qui r\u00e9chauffe l&rsquo;\u00e2me"},"content":{"rendered":"\n<p><em>Lorsque les jours raccourcissent et que les temp\u00e9ratures se rafra\u00eechissent, il n&rsquo;y a rien de plus r\u00e9confortant qu&rsquo;un rago\u00fbt fumant.\nCe plat nourrissant a une longue tradition dans de nombreuses cultures et est devenu un incontournable de nos cuisines, surtout en automne et en hiver.\nMais pourquoi aimons-nous les rago\u00fbts pendant la saison froide ?\nEt comment ce plat a-t-il \u00e9volu\u00e9 au fil du temps ?   <\/em><\/p>\n\n<p>Les rago\u00fbts ont une capacit\u00e9 particuli\u00e8re : ils apportent chaleur et r\u00e9confort.\nPendant les mois les plus froids, lorsque la nature se retire et que les vents froids balayent les maisons, nous avons envie de nourriture qui nous r\u00e9chauffe de l&rsquo;int\u00e9rieur.\nLes rago\u00fbts r\u00e9pondent parfaitement \u00e0 ce besoin : ils sont riches, savoureux et, gr\u00e2ce \u00e0 une longue cuisson, les ingr\u00e9dients d\u00e9veloppent une profondeur harmonieuse de saveurs qui nous donnent un sentiment de s\u00e9curit\u00e9.  <\/p>\n\n<p>En outre, les rago\u00fbts sont particuli\u00e8rement pratiques pendant la saison froide, car ils sont faciles \u00e0 pr\u00e9parer, se conservent longtemps et sont souvent cuisin\u00e9s avec des ingr\u00e9dients de saison tels que des l\u00e9gumes-racines, des l\u00e9gumineuses et de la viande, qui sont disponibles en abondance en automne et en hiver.<\/p>\n\n<h3 class=\"wp-block-heading\" id=\"h-die-ursprunge-des-eintopfs-ein-gericht-fur-alle\"><strong>Les origines du pot-au-feu : un plat pour tous<\/strong><\/h3>\n\n<p>Le pot-au-feu est aussi vieux que la cuisine elle-m\u00eame : M\u00eame dans l&rsquo;Antiquit\u00e9, les gens utilisaient des casseroles pour pr\u00e9parer des repas simples et nourrissants.\nL&rsquo;id\u00e9e de base d&rsquo;un rago\u00fbt est universelle : diff\u00e9rents ingr\u00e9dients sont cuits dans une seule casserole pendant une longue p\u00e9riode, ce qui donne un plat copieux et nourrissant. <\/p>\n\n<p>Au Moyen \u00c2ge, les rago\u00fbts \u00e9taient un aliment de base pour les populations les plus pauvres, en particulier en Europe.\nLes gens utilisaient ce qu&rsquo;ils avaient \u00e0 leur disposition : l\u00e9gumes du jardin, restes de viande, c\u00e9r\u00e9ales.\nEn plus d&rsquo;\u00eatre rassasiant, le rago\u00fbt \u00e9tait un moyen \u00e9conomique d&rsquo;\u00e9tirer la nourriture et d&rsquo;utiliser les restes.  <\/p>\n\n<p>Alors que dans le pass\u00e9, les rago\u00fbts \u00e9taient souvent consid\u00e9r\u00e9s comme des \u00ab\u00a0repas de pauvres\u00a0\u00bb, ils sont devenus populaires avec le temps dans les milieux plus ais\u00e9s.\nDans la cuisine fran\u00e7aise, par exemple, le \u00ab\u00a0pot-au-feu\u00a0\u00bb est devenu un plat de rago\u00fbt classique, qui est encore consid\u00e9r\u00e9 aujourd&rsquo;hui comme un plat national. <\/p>\n\n<p>Et oui, l&rsquo;acteur l\u00e9gendaire Bud Spencer \u00e9tait lui aussi un grand amateur de rago\u00fbts.\nDans ses films, on le voyait souvent avec une \u00e9norme marmite de haricots qu&rsquo;il d\u00e9vorait avec un app\u00e9tit f\u00e9roce.\nCes sc\u00e8nes ont contribu\u00e9 \u00e0 donner aux rago\u00fbts un certain statut culte dans la culture populaire.  <\/p>\n\n<p><\/p>\n\n<figure class=\"wp-block-image size-large\"><img decoding=\"async\" width=\"682\" height=\"1024\" src=\"https:\/\/myhome.at\/wp-content\/uploads\/2024\/10\/food-7602947_1280-682x1024.jpg\" alt=\"rago&#xFB;t, recettes, rago&#xFB;t de l&#xE9;gumes, automne\" class=\"wp-image-20678\" srcset=\"https:\/\/myhome.at\/wp-content\/uploads\/2024\/10\/food-7602947_1280-682x1024.jpg 682w, https:\/\/myhome.at\/wp-content\/uploads\/2024\/10\/food-7602947_1280-200x300.jpg 200w, https:\/\/myhome.at\/wp-content\/uploads\/2024\/10\/food-7602947_1280-768x1152.jpg 768w, https:\/\/myhome.at\/wp-content\/uploads\/2024\/10\/food-7602947_1280-830x1245.jpg 830w, https:\/\/myhome.at\/wp-content\/uploads\/2024\/10\/food-7602947_1280.jpg 853w\" sizes=\"(max-width: 682px) 100vw, 682px\" \/><figcaption class=\"wp-element-caption\">Bud Spencer les aimait aussi : les rago\u00fbts de haricots<\/figcaption><\/figure>\n\n<h3 class=\"wp-block-heading\" id=\"h-eintopfe-fruher-und-heute\"><strong>Les rago\u00fbts d&rsquo;hier et d&rsquo;aujourd&rsquo;hui<\/strong><\/h3>\n\n<p>Autrefois, les rago\u00fbts \u00e9taient souvent des plats simples et rustiques.\nIls \u00e9taient cuits sur le feu dans de grands chaudrons et se composaient g\u00e9n\u00e9ralement de quelques ingr\u00e9dients locaux.\nLes rago\u00fbts traditionnels \u00e9taient nourrissants et rassasiants, mais leur recette d\u00e9pendait souvent de la disponibilit\u00e9 des ingr\u00e9dients.  <\/p>\n\n<p>Aujourd&rsquo;hui, les rago\u00fbts sont devenus des repas polyvalents et cr\u00e9atifs.\nSi l&rsquo;id\u00e9e de base est rest\u00e9e la m\u00eame, il existe d\u00e9sormais d&rsquo;innombrables variations, allant de la cuisine familiale traditionnelle \u00e0 des versions plus gourmandes.   <\/p>\n\n<p>Les rago\u00fbts modernes utilisent un \u00e9ventail plus large d&rsquo;ingr\u00e9dients et d&rsquo;\u00e9pices, inspir\u00e9s des cuisines du monde entier.\nEn outre, il existe de plus en plus de variantes v\u00e9g\u00e9tariennes et v\u00e9g\u00e9taliennes qui r\u00e9pondent aux besoins des tendances alimentaires actuelles. <\/p>\n\n<h3 class=\"wp-block-heading\" id=\"h-die-beliebtesten-zutaten-fur-eintopfe\"><strong>Les ingr\u00e9dients les plus populaires pour les rago\u00fbts<\/strong><\/h3>\n\n<p>Les rago\u00fbts sont aussi vari\u00e9s que les cultures dont ils sont issus.\nN\u00e9anmoins, certains ingr\u00e9dients se retrouvent dans de nombreux rago\u00fbts : <\/p>\n\n<ol start=\"1\" class=\"wp-block-list\">\n<li><strong>L\u00e9gumes-racines :<\/strong> les carottes, les pommes de terre, les panais et le c\u00e9leri sont des ingr\u00e9dients classiques qui apportent douceur et substance au rago\u00fbt.<\/li>\n\n\n\n<li><strong>L\u00e9gumineuses :<\/strong> les haricots, les lentilles et les pois sont une excellente source de prot\u00e9ines et rendent le rago\u00fbt particuli\u00e8rement nourrissant.<\/li>\n\n\n\n<li><strong>Viande :<\/strong> qu&rsquo;il s&rsquo;agisse de b\u0153uf, de porc, d&rsquo;agneau ou de volaille, la viande conf\u00e8re au rago\u00fbt une note profonde et savoureuse.<\/li>\n\n\n\n<li><strong>Les types de choux :<\/strong> Le chou blanc, le chou vert et le chou fris\u00e9 sont indispensables dans de nombreux rago\u00fbts traditionnels et apportent une touche terreuse et puissante au plat.<\/li>\n\n\n\n<li><strong>Les \u00e9pices :<\/strong> Les feuilles de laurier, le thym, le romarin et le poivre sont des \u00e9pices fr\u00e9quemment utilis\u00e9es pour donner de l&rsquo;ar\u00f4me et de la profondeur au rago\u00fbt.<\/li>\n<\/ol>\n\n<h3 class=\"wp-block-heading\" id=\"h-drei-rezepte-fur-den-herbst\"><strong>Trois recettes pour l&rsquo;automne<\/strong><\/h3>\n\n<p>Nous avons s\u00e9lectionn\u00e9 pour vous trois d\u00e9licieuses recettes de rago\u00fbt, parfaites pour la saison fra\u00eeche.<\/p>\n\n<p><strong><em>Pot\u00e9e de b\u0153uf classique<\/em><\/strong><\/p>\n\n<p><strong>Ingr\u00e9dients :<\/strong><\/p>\n\n<ul class=\"wp-block-list\">\n<li>500 g de viande de b\u0153uf (\u00e9paule ou poitrine), coup\u00e9e en d\u00e9s<\/li>\n\n\n\n<li>4 pommes de terre, pel\u00e9es et coup\u00e9es en d\u00e9s<\/li>\n\n\n\n<li>3 carottes, coup\u00e9es en rondelles<\/li>\n\n\n\n<li>2 oignons, coup\u00e9s en d\u00e9s<\/li>\n\n\n\n<li>2 gousses d&rsquo;ail, finement hach\u00e9es<\/li>\n\n\n\n<li>1 litre de soupe de b\u0153uf<\/li>\n\n\n\n<li>2 feuilles de laurier<\/li>\n\n\n\n<li>1 cuill\u00e8re \u00e0 soupe de concentr\u00e9 de tomates<\/li>\n\n\n\n<li>2 cuill\u00e8res \u00e0 soupe d&rsquo;huile d&rsquo;olive<\/li>\n\n\n\n<li>Sel et poivre selon votre go\u00fbt<\/li>\n\n\n\n<li>Thym frais pour la d\u00e9coration<\/li>\n<\/ul>\n\n<p><strong>Pr\u00e9paration :<\/strong><\/p>\n\n<ol start=\"1\" class=\"wp-block-list\">\n<li>Faites chauffer l&rsquo;huile d&rsquo;olive dans une grande casserole et faites-y revenir le b\u0153uf \u00e0 feu vif jusqu&rsquo;\u00e0 ce qu&rsquo;il soit dor\u00e9 de tous les c\u00f4t\u00e9s.<\/li>\n\n\n\n<li>Ajoutez les oignons et l&rsquo;ail et faites-les revenir bri\u00e8vement.<\/li>\n\n\n\n<li>Incorporer le concentr\u00e9 de tomates, puis ajouter la soupe de b\u0153uf.<\/li>\n\n\n\n<li>Ajoutez les pommes de terre, les carottes et les feuilles de laurier dans la casserole et portez le tout \u00e0 \u00e9bullition.<\/li>\n\n\n\n<li>R\u00e9duisez le feu et laissez mijoter le rago\u00fbt \u00e0 couvert pendant environ 1,5 \u00e0 2 heures, jusqu&rsquo;\u00e0 ce que la viande soit tendre.<\/li>\n\n\n\n<li>Assaisonnez avec du sel et du poivre et d\u00e9corez avec du thym frais avant de servir.<\/li>\n<\/ol>\n\n<p><strong><em>Pot\u00e9e italienne aux haricots et \u00e0 la pancetta<\/em><\/strong><\/p>\n\n<p><strong>Ingr\u00e9dients :<\/strong><\/p>\n\n<ul class=\"wp-block-list\">\n<li>200 g de pancetta, coup\u00e9e en d\u00e9s<\/li>\n\n\n\n<li>2 bo\u00eetes de haricots blancs, \u00e9goutt\u00e9s<\/li>\n\n\n\n<li>4 tomates, coup\u00e9es en d\u00e9s<\/li>\n\n\n\n<li>1 oignon, finement hach\u00e9<\/li>\n\n\n\n<li>2 gousses d&rsquo;ail, hach\u00e9es<\/li>\n\n\n\n<li>1 carotte, coup\u00e9e en petits cubes<\/li>\n\n\n\n<li>1 branche de c\u00e9leri, coup\u00e9e en tranches<\/li>\n\n\n\n<li>750 ml de soupe de poulet<\/li>\n\n\n\n<li>2 cuill\u00e8res \u00e0 soupe d&rsquo;huile d&rsquo;olive<\/li>\n\n\n\n<li>1 cuill\u00e8re \u00e0 caf\u00e9 d&rsquo;origan s\u00e9ch\u00e9<\/li>\n\n\n\n<li>1 cuill\u00e8re \u00e0 caf\u00e9 de basilic s\u00e9ch\u00e9<\/li>\n\n\n\n<li>Sel et poivre selon votre go\u00fbt<\/li>\n\n\n\n<li>Parmesan fra\u00eechement r\u00e2p\u00e9 pour servir<\/li>\n<\/ul>\n\n<p><strong>Pr\u00e9paration :<\/strong><\/p>\n\n<ol start=\"1\" class=\"wp-block-list\">\n<li>Faites chauffer l&rsquo;huile d&rsquo;olive dans une casserole et faites-y revenir la pancetta jusqu&rsquo;\u00e0 ce qu&rsquo;elle soit croustillante.<\/li>\n\n\n\n<li>Ajoutez les oignons, l&rsquo;ail, la carotte et le c\u00e9leri et faites-les revenir pendant environ 5 minutes.<\/li>\n\n\n\n<li>Ajoutez les tomates et les \u00e9pices et faites-les revenir bri\u00e8vement.<\/li>\n\n\n\n<li>Ajoutez les haricots et la soupe de poulet dans la casserole, portez le tout \u00e0 \u00e9bullition.<\/li>\n\n\n\n<li>R\u00e9duisez le feu et laissez mijoter le rago\u00fbt \u00e0 couvert pendant environ 30 minutes.<\/li>\n\n\n\n<li>Assaisonnez avec du sel et du poivre et servez avec du parmesan fra\u00eechement r\u00e2p\u00e9.<\/li>\n<\/ol>\n\n<p><strong><em>Pot\u00e9e v\u00e9g\u00e9tarienne de patates douces et lentilles<\/em><\/strong><\/p>\n\n<p><strong>Ingr\u00e9dients :<\/strong><\/p>\n\n<ul class=\"wp-block-list\">\n<li>1 patate douce, coup\u00e9e en d\u00e9s<\/li>\n\n\n\n<li>200 g de lentilles rouges, lav\u00e9es<\/li>\n\n\n\n<li>1 oignon, hach\u00e9<\/li>\n\n\n\n<li>2 gousses d&rsquo;ail, hach\u00e9es<\/li>\n\n\n\n<li>1 carotte, coup\u00e9e en rondelles<\/li>\n\n\n\n<li>1 bo\u00eete de lait de coco<\/li>\n\n\n\n<li>750 ml de soupe de l\u00e9gumes<\/li>\n\n\n\n<li>1 cuill\u00e8re \u00e0 caf\u00e9 de cumin<\/li>\n\n\n\n<li>1 cuill\u00e8re \u00e0 caf\u00e9 de curcuma<\/li>\n\n\n\n<li>1 cuill\u00e8re \u00e0 caf\u00e9 de paprika en poudre<\/li>\n\n\n\n<li>2 cuill\u00e8res \u00e0 soupe d&rsquo;huile d&rsquo;olive<\/li>\n\n\n\n<li>Jus d&rsquo;un citron vert<\/li>\n\n\n\n<li>Sel et poivre selon votre go\u00fbt<\/li>\n\n\n\n<li>Coriandre fra\u00eeche pour d\u00e9corer<\/li>\n<\/ul>\n\n<p><strong>Pr\u00e9paration :<\/strong><\/p>\n\n<ol start=\"1\" class=\"wp-block-list\">\n<li>Faites chauffer l&rsquo;huile d&rsquo;olive dans une grande casserole et faites-y revenir les oignons jusqu&rsquo;\u00e0 ce qu&rsquo;ils deviennent transparents.<\/li>\n\n\n\n<li>Ajoutez l&rsquo;ail, le cumin, le curcuma et le paprika en poudre et faites-les revenir bri\u00e8vement.<\/li>\n\n\n\n<li>Ajoutez les patates douces et les carottes dans la casserole et faites-les revenir pendant environ 5 minutes.<\/li>\n\n\n\n<li>Ajoutez les lentilles, le lait de coco et la soupe de l\u00e9gumes et portez le tout \u00e0 \u00e9bullition.<\/li>\n\n\n\n<li>R\u00e9duisez le feu et laissez mijoter le rago\u00fbt pendant environ 25 minutes, jusqu&rsquo;\u00e0 ce que les lentilles et les l\u00e9gumes soient tendres.<\/li>\n\n\n\n<li>Assaisonnez avec du jus de citron vert, du sel et du poivre et d\u00e9corez avec de la coriandre fra\u00eeche.<\/li>\n<\/ol>\n\n<p>Les rago\u00fbts sont plus qu&rsquo;un simple repas &#8211; ils sont un morceau d&rsquo;histoire culinaire et une expression de s\u00e9curit\u00e9 et de chaleur.\nQu&rsquo;ils soient classiques avec de la viande, \u00e9pic\u00e9s avec de la pancetta ou dans une version moderne et v\u00e9g\u00e9tarienne, les rago\u00fbts sont les compagnons parfaits pour la saison fra\u00eeche.   <\/p>\n\n<p>Vous n&rsquo;en avez pas encore assez ?\nVous trouverez d&rsquo;autres recettes ici : <\/p>\n\n<p><\/p>\n\n<figure class=\"wp-block-embed is-type-video is-provider-youtube wp-block-embed-youtube wp-embed-aspect-16-9 wp-has-aspect-ratio\"><div class=\"wp-block-embed__wrapper\"> \n<iframe loading=\"lazy\" hcb-fetch-image-from=\"https:\/\/youtu.be\/dbH3Qio6Gyc?si=q0QSvXArjnXA405M\" title=\"Deftiger Eintopf mit Kartoffeln perfekt f\u00fcr den Herbst \ud83c\udf42 Kikis Gem\u00fcse-Eintopf mit Rinderw\u00fcrstchen\" width=\"1200\" height=\"675\" src=\"https:\/\/www.youtube.com\/embed\/dbH3Qio6Gyc?feature=oembed\" frameborder=\"0\" allow=\"accelerometer; autoplay; clipboard-write; encrypted-media; gyroscope; picture-in-picture; web-share\" referrerpolicy=\"strict-origin-when-cross-origin\" allowfullscreen><\/iframe>\n <\/div><\/figure>\n\n<figure class=\"wp-block-embed is-type-video is-provider-youtube wp-block-embed-youtube wp-embed-aspect-16-9 wp-has-aspect-ratio\"><div class=\"wp-block-embed__wrapper\"> \n<iframe loading=\"lazy\" hcb-fetch-image-from=\"https:\/\/youtu.be\/IGj_InpGJU8?si=jiVeyXJeBBr9w1lO\" title=\"Bunter herbstlicher Gem\u00fcseeintopf! Perfekt f\u00fcr die kalte Zeit\" width=\"1200\" height=\"675\" src=\"https:\/\/www.youtube.com\/embed\/IGj_InpGJU8?feature=oembed\" frameborder=\"0\" allow=\"accelerometer; autoplay; clipboard-write; encrypted-media; gyroscope; picture-in-picture; web-share\" referrerpolicy=\"strict-origin-when-cross-origin\" allowfullscreen><\/iframe>\n <\/div><\/figure>\n\n<hr class=\"wp-block-separator has-alpha-channel-opacity\"\/>\n\n<p>Contributions similaires :<\/p>\n\n<p><a href=\"https:\/\/myhome.at\/fr\/?p=20297\">D\u00e9licieux tr\u00e9sors de la for\u00eat &#8211; ce que vous devez savoir sur les champignons<\/a><\/p>\n\n<p><a href=\"https:\/\/myhome.at\/fr\/boire-du-vin-mais-correctement-dit-le-professionnel\/\">Boire du vin, mais correctement ! Ce que dit le professionnel<\/a><\/p>\n\n<p><a href=\"https:\/\/myhome.at\/fr\/monde-merveilleux-du-vinaigre\/\">Le monde merveilleux du vinaigre<\/a><\/p>\n","protected":false},"excerpt":{"rendered":"<p>Lorsque les jours raccourcissent et que les temp\u00e9ratures se rafra\u00eechissent, il n&rsquo;y a rien de plus r\u00e9confortant qu&rsquo;un rago\u00fbt fumant. Ce plat nourrissant a une longue tradition dans de nombreuses cultures et est devenu un incontournable de nos cuisines, surtout en automne et en hiver. Mais pourquoi aimons-nous les rago\u00fbts pendant la saison froide ? &hellip;<\/p>\n","protected":false},"author":5,"featured_media":20684,"comment_status":"closed","ping_status":"open","sticky":false,"template":"","format":"standard","meta":{"_acf_changed":false,"footnotes":""},"categories":[128,2081],"tags":[],"class_list":["post-20748","post","type-post","status-publish","format-standard","has-post-thumbnail","hentry","category-non-classifiee","category-food-beverage-fr"],"acf":[],"yoast_head":"<!-- This site is optimized with the Yoast SEO Premium plugin v27.4 (Yoast SEO v27.4) - https:\/\/yoast.com\/product\/yoast-seo-premium-wordpress\/ -->\n<title>Les rago\u00fbts d&#039;automne : une tradition qui r\u00e9chauffe l&#039;\u00e2me I MYHOME.AT<\/title>\n<meta name=\"description\" content=\"Pourquoi aimons-nous les rago\u00fbts, surtout pendant la saison froide ? Et comment ce plat a-t-il \u00e9volu\u00e9 au fil du temps ?\" \/>\n<meta name=\"robots\" content=\"index, follow, max-snippet:-1, max-image-preview:large, max-video-preview:-1\" \/>\n<link rel=\"canonical\" href=\"https:\/\/myhome.at\/fr\/poeles-dautomne-rechauffeurs-dame-traditionnels\/\" \/>\n<meta property=\"og:locale\" content=\"fr_FR\" \/>\n<meta property=\"og:type\" content=\"article\" \/>\n<meta property=\"og:title\" content=\"MYHOME.AT I Les rago\u00fbts d&#039;automne : une tradition qui r\u00e9chauffe l&#039;\u00e2me\" \/>\n<meta property=\"og:description\" content=\"Pourquoi aimons-nous les rago\u00fbts, surtout pendant la saison froide ? Et comment ce plat a-t-il \u00e9volu\u00e9 au fil du temps ?\" \/>\n<meta property=\"og:url\" content=\"https:\/\/myhome.at\/fr\/poeles-dautomne-rechauffeurs-dame-traditionnels\/\" \/>\n<meta property=\"og:site_name\" content=\"MYHOME.AT\" \/>\n<meta property=\"article:publisher\" content=\"https:\/\/www.facebook.com\/myhome.allaboutliving\/\" \/>\n<meta property=\"article:published_time\" content=\"2024-10-24T05:39:00+00:00\" \/>\n<meta property=\"og:image\" content=\"https:\/\/myhome.at\/wp-content\/uploads\/2024\/10\/stew-7556613_1280.jpg\" \/>\n\t<meta property=\"og:image:width\" content=\"1280\" \/>\n\t<meta property=\"og:image:height\" content=\"853\" \/>\n\t<meta property=\"og:image:type\" content=\"image\/jpeg\" \/>\n<meta name=\"author\" content=\"Ursula Macher\" \/>\n<meta name=\"twitter:card\" content=\"summary_large_image\" \/>\n<meta name=\"twitter:label1\" content=\"\u00c9crit par\" \/>\n\t<meta name=\"twitter:data1\" content=\"Ursula Macher\" \/>\n\t<meta name=\"twitter:label2\" content=\"Dur\u00e9e de lecture estim\u00e9e\" \/>\n\t<meta name=\"twitter:data2\" content=\"7 minutes\" \/>\n<script type=\"application\/ld+json\" class=\"yoast-schema-graph\">{\"@context\":\"https:\\\/\\\/schema.org\",\"@graph\":[{\"@type\":\"Article\",\"@id\":\"https:\\\/\\\/myhome.at\\\/fr\\\/poeles-dautomne-rechauffeurs-dame-traditionnels\\\/#article\",\"isPartOf\":{\"@id\":\"https:\\\/\\\/myhome.at\\\/fr\\\/poeles-dautomne-rechauffeurs-dame-traditionnels\\\/\"},\"author\":{\"name\":\"Ursula Macher\",\"@id\":\"https:\\\/\\\/myhome.at\\\/fr\\\/#\\\/schema\\\/person\\\/41cab007ddbb9c3fc135cac1e13dbd87\"},\"headline\":\"Les rago\u00fbts d&rsquo;automne : une tradition qui r\u00e9chauffe l&rsquo;\u00e2me\",\"datePublished\":\"2024-10-24T05:39:00+00:00\",\"mainEntityOfPage\":{\"@id\":\"https:\\\/\\\/myhome.at\\\/fr\\\/poeles-dautomne-rechauffeurs-dame-traditionnels\\\/\"},\"wordCount\":1554,\"publisher\":{\"@id\":\"https:\\\/\\\/myhome.at\\\/fr\\\/#organization\"},\"image\":{\"@id\":\"https:\\\/\\\/myhome.at\\\/fr\\\/poeles-dautomne-rechauffeurs-dame-traditionnels\\\/#primaryimage\"},\"thumbnailUrl\":\"https:\\\/\\\/myhome.at\\\/wp-content\\\/uploads\\\/2024\\\/10\\\/stew-7556613_1280.jpg\",\"articleSection\":[\"En g\u00e9n\u00e9ral\",\"FOOD &amp; BEVERAGE\"],\"inLanguage\":\"fr-FR\"},{\"@type\":\"WebPage\",\"@id\":\"https:\\\/\\\/myhome.at\\\/fr\\\/poeles-dautomne-rechauffeurs-dame-traditionnels\\\/\",\"url\":\"https:\\\/\\\/myhome.at\\\/fr\\\/poeles-dautomne-rechauffeurs-dame-traditionnels\\\/\",\"name\":\"Les rago\u00fbts d'automne : une tradition qui r\u00e9chauffe l'\u00e2me I MYHOME.AT\",\"isPartOf\":{\"@id\":\"https:\\\/\\\/myhome.at\\\/fr\\\/#website\"},\"primaryImageOfPage\":{\"@id\":\"https:\\\/\\\/myhome.at\\\/fr\\\/poeles-dautomne-rechauffeurs-dame-traditionnels\\\/#primaryimage\"},\"image\":{\"@id\":\"https:\\\/\\\/myhome.at\\\/fr\\\/poeles-dautomne-rechauffeurs-dame-traditionnels\\\/#primaryimage\"},\"thumbnailUrl\":\"https:\\\/\\\/myhome.at\\\/wp-content\\\/uploads\\\/2024\\\/10\\\/stew-7556613_1280.jpg\",\"datePublished\":\"2024-10-24T05:39:00+00:00\",\"description\":\"Pourquoi aimons-nous les rago\u00fbts, surtout pendant la saison froide ? Et comment ce plat a-t-il \u00e9volu\u00e9 au fil du temps ?\",\"breadcrumb\":{\"@id\":\"https:\\\/\\\/myhome.at\\\/fr\\\/poeles-dautomne-rechauffeurs-dame-traditionnels\\\/#breadcrumb\"},\"inLanguage\":\"fr-FR\",\"potentialAction\":[{\"@type\":\"ReadAction\",\"target\":[\"https:\\\/\\\/myhome.at\\\/fr\\\/poeles-dautomne-rechauffeurs-dame-traditionnels\\\/\"]}]},{\"@type\":\"ImageObject\",\"inLanguage\":\"fr-FR\",\"@id\":\"https:\\\/\\\/myhome.at\\\/fr\\\/poeles-dautomne-rechauffeurs-dame-traditionnels\\\/#primaryimage\",\"url\":\"https:\\\/\\\/myhome.at\\\/wp-content\\\/uploads\\\/2024\\\/10\\\/stew-7556613_1280.jpg\",\"contentUrl\":\"https:\\\/\\\/myhome.at\\\/wp-content\\\/uploads\\\/2024\\\/10\\\/stew-7556613_1280.jpg\",\"width\":1280,\"height\":853},{\"@type\":\"BreadcrumbList\",\"@id\":\"https:\\\/\\\/myhome.at\\\/fr\\\/poeles-dautomne-rechauffeurs-dame-traditionnels\\\/#breadcrumb\",\"itemListElement\":[{\"@type\":\"ListItem\",\"position\":1,\"name\":\"Home\",\"item\":\"https:\\\/\\\/myhome.at\\\/fr\\\/\"},{\"@type\":\"ListItem\",\"position\":2,\"name\":\"Les rago\u00fbts d&#8217;automne : une tradition qui r\u00e9chauffe l&#8217;\u00e2me\"}]},{\"@type\":\"WebSite\",\"@id\":\"https:\\\/\\\/myhome.at\\\/fr\\\/#website\",\"url\":\"https:\\\/\\\/myhome.at\\\/fr\\\/\",\"name\":\"MYHOME BLOG\",\"description\":\"Online-Magazin f\u00fcr Wohnen &amp; Immobilien\",\"publisher\":{\"@id\":\"https:\\\/\\\/myhome.at\\\/fr\\\/#organization\"},\"potentialAction\":[{\"@type\":\"SearchAction\",\"target\":{\"@type\":\"EntryPoint\",\"urlTemplate\":\"https:\\\/\\\/myhome.at\\\/fr\\\/?s={search_term_string}\"},\"query-input\":{\"@type\":\"PropertyValueSpecification\",\"valueRequired\":true,\"valueName\":\"search_term_string\"}}],\"inLanguage\":\"fr-FR\"},{\"@type\":\"Organization\",\"@id\":\"https:\\\/\\\/myhome.at\\\/fr\\\/#organization\",\"name\":\"MYHOME BLOG\",\"alternateName\":\"MYHOME BLOG\",\"url\":\"https:\\\/\\\/myhome.at\\\/fr\\\/\",\"logo\":{\"@type\":\"ImageObject\",\"inLanguage\":\"fr-FR\",\"@id\":\"https:\\\/\\\/myhome.at\\\/fr\\\/#\\\/schema\\\/logo\\\/image\\\/\",\"url\":\"https:\\\/\\\/myhome.at\\\/wp-content\\\/uploads\\\/2023\\\/10\\\/FMH_MYHOME_ICON_RZ_RGB_696x696.png\",\"contentUrl\":\"https:\\\/\\\/myhome.at\\\/wp-content\\\/uploads\\\/2023\\\/10\\\/FMH_MYHOME_ICON_RZ_RGB_696x696.png\",\"width\":697,\"height\":697,\"caption\":\"MYHOME BLOG\"},\"image\":{\"@id\":\"https:\\\/\\\/myhome.at\\\/fr\\\/#\\\/schema\\\/logo\\\/image\\\/\"},\"sameAs\":[\"https:\\\/\\\/www.facebook.com\\\/myhome.allaboutliving\\\/\",\"https:\\\/\\\/www.instagram.com\\\/myhome_allaboutliving\\\/\",\"https:\\\/\\\/www.linkedin.com\\\/company\\\/myhome-at\\\/\"]},{\"@type\":\"Person\",\"@id\":\"https:\\\/\\\/myhome.at\\\/fr\\\/#\\\/schema\\\/person\\\/41cab007ddbb9c3fc135cac1e13dbd87\",\"name\":\"Ursula Macher\",\"image\":{\"@type\":\"ImageObject\",\"inLanguage\":\"fr-FR\",\"@id\":\"https:\\\/\\\/secure.gravatar.com\\\/avatar\\\/cf3e40835857bf5bddd3c5d9355e9cac263ca9106de970b3c37bceb4360c3b45?s=96&d=mm&r=g\",\"url\":\"https:\\\/\\\/secure.gravatar.com\\\/avatar\\\/cf3e40835857bf5bddd3c5d9355e9cac263ca9106de970b3c37bceb4360c3b45?s=96&d=mm&r=g\",\"contentUrl\":\"https:\\\/\\\/secure.gravatar.com\\\/avatar\\\/cf3e40835857bf5bddd3c5d9355e9cac263ca9106de970b3c37bceb4360c3b45?s=96&d=mm&r=g\",\"caption\":\"Ursula Macher\"},\"url\":\"https:\\\/\\\/myhome.at\\\/fr\\\/author\\\/umacher\\\/\"}]}<\/script>\n<!-- \/ Yoast SEO Premium plugin. -->","yoast_head_json":{"title":"Les rago\u00fbts d'automne : une tradition qui r\u00e9chauffe l'\u00e2me I MYHOME.AT","description":"Pourquoi aimons-nous les rago\u00fbts, surtout pendant la saison froide ? Et comment ce plat a-t-il \u00e9volu\u00e9 au fil du temps ?","robots":{"index":"index","follow":"follow","max-snippet":"max-snippet:-1","max-image-preview":"max-image-preview:large","max-video-preview":"max-video-preview:-1"},"canonical":"https:\/\/myhome.at\/fr\/poeles-dautomne-rechauffeurs-dame-traditionnels\/","og_locale":"fr_FR","og_type":"article","og_title":"MYHOME.AT I Les rago\u00fbts d'automne : une tradition qui r\u00e9chauffe l'\u00e2me","og_description":"Pourquoi aimons-nous les rago\u00fbts, surtout pendant la saison froide ? Et comment ce plat a-t-il \u00e9volu\u00e9 au fil du temps ?","og_url":"https:\/\/myhome.at\/fr\/poeles-dautomne-rechauffeurs-dame-traditionnels\/","og_site_name":"MYHOME.AT","article_publisher":"https:\/\/www.facebook.com\/myhome.allaboutliving\/","article_published_time":"2024-10-24T05:39:00+00:00","og_image":[{"width":1280,"height":853,"url":"https:\/\/myhome.at\/wp-content\/uploads\/2024\/10\/stew-7556613_1280.jpg","type":"image\/jpeg"}],"author":"Ursula Macher","twitter_card":"summary_large_image","twitter_misc":{"\u00c9crit par":"Ursula Macher","Dur\u00e9e de lecture estim\u00e9e":"7 minutes"},"schema":{"@context":"https:\/\/schema.org","@graph":[{"@type":"Article","@id":"https:\/\/myhome.at\/fr\/poeles-dautomne-rechauffeurs-dame-traditionnels\/#article","isPartOf":{"@id":"https:\/\/myhome.at\/fr\/poeles-dautomne-rechauffeurs-dame-traditionnels\/"},"author":{"name":"Ursula Macher","@id":"https:\/\/myhome.at\/fr\/#\/schema\/person\/41cab007ddbb9c3fc135cac1e13dbd87"},"headline":"Les rago\u00fbts d&rsquo;automne : une tradition qui r\u00e9chauffe l&rsquo;\u00e2me","datePublished":"2024-10-24T05:39:00+00:00","mainEntityOfPage":{"@id":"https:\/\/myhome.at\/fr\/poeles-dautomne-rechauffeurs-dame-traditionnels\/"},"wordCount":1554,"publisher":{"@id":"https:\/\/myhome.at\/fr\/#organization"},"image":{"@id":"https:\/\/myhome.at\/fr\/poeles-dautomne-rechauffeurs-dame-traditionnels\/#primaryimage"},"thumbnailUrl":"https:\/\/myhome.at\/wp-content\/uploads\/2024\/10\/stew-7556613_1280.jpg","articleSection":["En g\u00e9n\u00e9ral","FOOD &amp; BEVERAGE"],"inLanguage":"fr-FR"},{"@type":"WebPage","@id":"https:\/\/myhome.at\/fr\/poeles-dautomne-rechauffeurs-dame-traditionnels\/","url":"https:\/\/myhome.at\/fr\/poeles-dautomne-rechauffeurs-dame-traditionnels\/","name":"Les rago\u00fbts d'automne : une tradition qui r\u00e9chauffe l'\u00e2me I MYHOME.AT","isPartOf":{"@id":"https:\/\/myhome.at\/fr\/#website"},"primaryImageOfPage":{"@id":"https:\/\/myhome.at\/fr\/poeles-dautomne-rechauffeurs-dame-traditionnels\/#primaryimage"},"image":{"@id":"https:\/\/myhome.at\/fr\/poeles-dautomne-rechauffeurs-dame-traditionnels\/#primaryimage"},"thumbnailUrl":"https:\/\/myhome.at\/wp-content\/uploads\/2024\/10\/stew-7556613_1280.jpg","datePublished":"2024-10-24T05:39:00+00:00","description":"Pourquoi aimons-nous les rago\u00fbts, surtout pendant la saison froide ? Et comment ce plat a-t-il \u00e9volu\u00e9 au fil du temps ?","breadcrumb":{"@id":"https:\/\/myhome.at\/fr\/poeles-dautomne-rechauffeurs-dame-traditionnels\/#breadcrumb"},"inLanguage":"fr-FR","potentialAction":[{"@type":"ReadAction","target":["https:\/\/myhome.at\/fr\/poeles-dautomne-rechauffeurs-dame-traditionnels\/"]}]},{"@type":"ImageObject","inLanguage":"fr-FR","@id":"https:\/\/myhome.at\/fr\/poeles-dautomne-rechauffeurs-dame-traditionnels\/#primaryimage","url":"https:\/\/myhome.at\/wp-content\/uploads\/2024\/10\/stew-7556613_1280.jpg","contentUrl":"https:\/\/myhome.at\/wp-content\/uploads\/2024\/10\/stew-7556613_1280.jpg","width":1280,"height":853},{"@type":"BreadcrumbList","@id":"https:\/\/myhome.at\/fr\/poeles-dautomne-rechauffeurs-dame-traditionnels\/#breadcrumb","itemListElement":[{"@type":"ListItem","position":1,"name":"Home","item":"https:\/\/myhome.at\/fr\/"},{"@type":"ListItem","position":2,"name":"Les rago\u00fbts d&#8217;automne : une tradition qui r\u00e9chauffe l&#8217;\u00e2me"}]},{"@type":"WebSite","@id":"https:\/\/myhome.at\/fr\/#website","url":"https:\/\/myhome.at\/fr\/","name":"MYHOME BLOG","description":"Online-Magazin f\u00fcr Wohnen &amp; Immobilien","publisher":{"@id":"https:\/\/myhome.at\/fr\/#organization"},"potentialAction":[{"@type":"SearchAction","target":{"@type":"EntryPoint","urlTemplate":"https:\/\/myhome.at\/fr\/?s={search_term_string}"},"query-input":{"@type":"PropertyValueSpecification","valueRequired":true,"valueName":"search_term_string"}}],"inLanguage":"fr-FR"},{"@type":"Organization","@id":"https:\/\/myhome.at\/fr\/#organization","name":"MYHOME BLOG","alternateName":"MYHOME BLOG","url":"https:\/\/myhome.at\/fr\/","logo":{"@type":"ImageObject","inLanguage":"fr-FR","@id":"https:\/\/myhome.at\/fr\/#\/schema\/logo\/image\/","url":"https:\/\/myhome.at\/wp-content\/uploads\/2023\/10\/FMH_MYHOME_ICON_RZ_RGB_696x696.png","contentUrl":"https:\/\/myhome.at\/wp-content\/uploads\/2023\/10\/FMH_MYHOME_ICON_RZ_RGB_696x696.png","width":697,"height":697,"caption":"MYHOME BLOG"},"image":{"@id":"https:\/\/myhome.at\/fr\/#\/schema\/logo\/image\/"},"sameAs":["https:\/\/www.facebook.com\/myhome.allaboutliving\/","https:\/\/www.instagram.com\/myhome_allaboutliving\/","https:\/\/www.linkedin.com\/company\/myhome-at\/"]},{"@type":"Person","@id":"https:\/\/myhome.at\/fr\/#\/schema\/person\/41cab007ddbb9c3fc135cac1e13dbd87","name":"Ursula Macher","image":{"@type":"ImageObject","inLanguage":"fr-FR","@id":"https:\/\/secure.gravatar.com\/avatar\/cf3e40835857bf5bddd3c5d9355e9cac263ca9106de970b3c37bceb4360c3b45?s=96&d=mm&r=g","url":"https:\/\/secure.gravatar.com\/avatar\/cf3e40835857bf5bddd3c5d9355e9cac263ca9106de970b3c37bceb4360c3b45?s=96&d=mm&r=g","contentUrl":"https:\/\/secure.gravatar.com\/avatar\/cf3e40835857bf5bddd3c5d9355e9cac263ca9106de970b3c37bceb4360c3b45?s=96&d=mm&r=g","caption":"Ursula Macher"},"url":"https:\/\/myhome.at\/fr\/author\/umacher\/"}]}},"_links":{"self":[{"href":"https:\/\/myhome.at\/fr\/wp-json\/wp\/v2\/posts\/20748","targetHints":{"allow":["GET"]}}],"collection":[{"href":"https:\/\/myhome.at\/fr\/wp-json\/wp\/v2\/posts"}],"about":[{"href":"https:\/\/myhome.at\/fr\/wp-json\/wp\/v2\/types\/post"}],"author":[{"embeddable":true,"href":"https:\/\/myhome.at\/fr\/wp-json\/wp\/v2\/users\/5"}],"replies":[{"embeddable":true,"href":"https:\/\/myhome.at\/fr\/wp-json\/wp\/v2\/comments?post=20748"}],"version-history":[{"count":2,"href":"https:\/\/myhome.at\/fr\/wp-json\/wp\/v2\/posts\/20748\/revisions"}],"predecessor-version":[{"id":21092,"href":"https:\/\/myhome.at\/fr\/wp-json\/wp\/v2\/posts\/20748\/revisions\/21092"}],"wp:featuredmedia":[{"embeddable":true,"href":"https:\/\/myhome.at\/fr\/wp-json\/wp\/v2\/media\/20684"}],"wp:attachment":[{"href":"https:\/\/myhome.at\/fr\/wp-json\/wp\/v2\/media?parent=20748"}],"wp:term":[{"taxonomy":"category","embeddable":true,"href":"https:\/\/myhome.at\/fr\/wp-json\/wp\/v2\/categories?post=20748"},{"taxonomy":"post_tag","embeddable":true,"href":"https:\/\/myhome.at\/fr\/wp-json\/wp\/v2\/tags?post=20748"}],"curies":[{"name":"wp","href":"https:\/\/api.w.org\/{rel}","templated":true}]}}