{"id":18554,"date":"2024-06-20T06:35:33","date_gmt":"2024-06-20T04:35:33","guid":{"rendered":"https:\/\/myhome.at\/?p=18554"},"modified":"2024-06-13T11:00:51","modified_gmt":"2024-06-13T09:00:51","slug":"ce-qui-change-pour-airbnb-co","status":"publish","type":"post","link":"https:\/\/myhome.at\/fr\/ce-qui-change-pour-airbnb-co\/","title":{"rendered":"Ce qui va changer pour Airbnb &amp; Co"},"content":{"rendered":"\n<p><em>La ville de Vienne durcit \u00e0 nouveau les r\u00e8gles pour les locations touristiques de courte dur\u00e9e \u00e0 partir de juillet. Marko Wahba, avocat chez FSM Rechtsanw\u00e4lte, explique \u00e0 quoi vous devez faire attention \u00e0 l&rsquo;avenir en cas de location via Airbnb &amp; Co.<\/em><\/p>\n\n<p>Les logements locatifs abordables sont devenus une denr\u00e9e rare \u00e0 Vienne. Cela s&rsquo;explique notamment par le fait que la location d&rsquo;un appartement \u00e0 la journ\u00e9e ou \u00e0 la semaine \u00e0 des touristes s&rsquo;est souvent av\u00e9r\u00e9e plus lucrative qu&rsquo;une location \u00e0 long terme. R\u00e9sultat : le bien immobilier a \u00e9t\u00e9 soustrait au march\u00e9 locatif classique, exer\u00e7ant ainsi une pression suppl\u00e9mentaire sur le march\u00e9 du logement, d\u00e9j\u00e0 tendu.  <\/p>\n\n<p>D\u00e8s 2018, face \u00e0 cette \u00e9volution, la ville de Vienne a interdit la location commerciale, c&rsquo;est-\u00e0-dire la mise \u00e0 disposition r\u00e9guli\u00e8re et payante de locaux d&rsquo;habitation \u00e0 des fins d&rsquo;h\u00e9bergement, par exemple via des plateformes,<em> <\/em>interdite dans les zones r\u00e9sidentielles d\u00e9sign\u00e9es sans autorisation exceptionnelle. Pour savoir si le logement se trouve dans une zone r\u00e9sidentielle, vous pouvez soit vous renseigner aupr\u00e8s du Service de d\u00e9veloppement urbain, soit consulter le plan d&rsquo;urbanisme.  <\/p>\n\n<h3 class=\"wp-block-heading\" id=\"h-neue-frist\"><strong>Nouveau d\u00e9lai<\/strong><\/h3>\n\n<p>L&rsquo;amendement 2023 du code de la construction viennois, entr\u00e9 en vigueur au d\u00e9but de l&rsquo;ann\u00e9e, a encore durci les locations touristiques de courte dur\u00e9e : \u00e0 partir du 1er juillet 2024, celles-ci ne seront autoris\u00e9es que 90 jours par an au maximum, m\u00eame dans les appartements situ\u00e9s en dehors des zones r\u00e9sidentielles.  <\/p>\n\n<p>Si l&rsquo;on souhaite h\u00e9berger des touristes au-del\u00e0 de cette p\u00e9riode, il faut demander une autorisation exceptionnelle \u00e0 la police des constructions MA 37. Deux \u00e9l\u00e9ments sont \u00e0 prendre en compte : Les permis sont limit\u00e9s \u00e0 cinq ans et ne sont accord\u00e9s que pour 50 % maximum des logements d&rsquo;un immeuble.<\/p>\n\n<h3 class=\"wp-block-heading\" id=\"h-eine-frage-der-widmung\"><strong>Une question de d\u00e9dicace<\/strong><\/h3>\n\n<p>Mais il y a encore d&rsquo;autres conditions \u00e0 l&rsquo;octroi de l&rsquo;autorisation : Non seulement le logement ne doit pas \u00eatre situ\u00e9 dans une zone r\u00e9sidentielle, mais il ne doit pas non plus \u00eatre situ\u00e9 dans les cat\u00e9gories d&rsquo;affectation \u00ab\u00a0zone verte &#8211; zone de loisirs &#8211; zone de jardins familiaux\u00a0\u00bb, \u00ab\u00a0zone verte &#8211; zone de loisirs &#8211; zone de jardins familiaux pour une habitation \u00e0 l&rsquo;ann\u00e9e\u00a0\u00bb ou sur des terrains utilis\u00e9s temporairement pour des jardins familiaux, comme le pr\u00e9cise une fiche technique de la MA 37. \u00ab\u00a0En outre, elle ne doit pas avoir \u00e9t\u00e9 construite avec des fonds provenant de l&rsquo;aide au logement\u00a0\u00bb, explique Wahba.<\/p>\n\n<h3 class=\"wp-block-heading\" id=\"h-von-planen-bis-zum-brandschutz\"><strong>Des plans \u00e0 la s\u00e9curit\u00e9 incendie<\/strong><\/h3>\n\n<p>Les personnes qui demandent une d\u00e9rogation doivent d\u00e9crire de mani\u00e8re pr\u00e9cise et claire le(s) logement(s) qui sera(ont) lou\u00e9(s) pour une courte dur\u00e9e et le(s) repr\u00e9senter sur un plan. En outre, une liste de toutes les unit\u00e9s d&rsquo;utilisation doit \u00eatre fournie selon l&rsquo;affectation, le type d&rsquo;utilisation et le nombre de lits utilis\u00e9s \u00e0 des fins touristiques. Cela signifie qu&rsquo;il faut indiquer le nombre de lits dans le logement pour lequel la d\u00e9rogation est demand\u00e9e. Si d&rsquo;autres lits sont utilis\u00e9s \u00e0 des fins touristiques dans le b\u00e2timent, leur nombre doit \u00e9galement \u00eatre indiqu\u00e9.  <\/p>\n\n<p>La s\u00e9curit\u00e9 incendie est un autre sujet : diff\u00e9rentes exigences en mati\u00e8re de s\u00e9curit\u00e9 incendie doivent \u00eatre justifi\u00e9es en fonction du nombre total de lits dans le b\u00e2timent : Pour un maximum de dix lits touristiques dans le b\u00e2timent, l&rsquo;installation de d\u00e9tecteurs de fum\u00e9e en r\u00e9seau doit \u00eatre prouv\u00e9e. Si plus de dix lits dans le b\u00e2timent sont lou\u00e9s \u00e0 des touristes, des exigences progressives en mati\u00e8re de s\u00e9curit\u00e9 incendie doivent \u00eatre respect\u00e9es et un permis de construire doit \u00eatre pr\u00e9sent\u00e9. Dans ce cas, ou en cas de choix plus large de plats ou de boissons, il s&rsquo;agit \u00e9galement d&rsquo;une activit\u00e9 r\u00e9glement\u00e9e.  <\/p>\n\n<h3 class=\"wp-block-heading\" id=\"h-zustimmung-der-miteigentumer\"><strong>Accord des copropri\u00e9taires<\/strong><\/h3>\n\n<p>Par ailleurs, ceux qui souhaitent louer r\u00e9guli\u00e8rement leur appartement en copropri\u00e9t\u00e9 \u00e0 des touristes ne doivent pas oublier un autre point important : l&rsquo;accord des copropri\u00e9taires. \u00ab\u00a0Il est donc important de v\u00e9rifier dans le contrat de copropri\u00e9t\u00e9 s&rsquo;il existe d\u00e9j\u00e0 une disposition \u00e0 ce sujet. Si ce n&rsquo;est pas le cas, vous devez demander l&rsquo;accord des autres propri\u00e9taires\u00a0\u00bb, explique M. Wahba. Leur feu vert doit d&rsquo;ailleurs \u00e9galement \u00eatre pr\u00e9sent\u00e9 lors de la demande de d\u00e9rogation.  <\/p>\n\n<p>S&rsquo;il s&rsquo;agit d&rsquo;un logement en location, il est recommand\u00e9 de consulter le contrat de location. \u00ab\u00a0La plupart du temps, la sous-location est en effet express\u00e9ment interdite\u00a0\u00bb, explique Wahba. Les propri\u00e9taires ou les locataires qui ne respectent pas cette r\u00e8gle peuvent le payer cher : Les copropri\u00e9taires ou les bailleurs peuvent en effet intenter une action en cessation et, dans le pire des cas, le locataire peut \u00eatre menac\u00e9 de r\u00e9siliation.<\/p>\n\n<figure class=\"wp-block-image size-large\"><img decoding=\"async\" width=\"1024\" height=\"683\" src=\"https:\/\/myhome.at\/wp-content\/uploads\/2024\/06\/aiebnb_pexels-cottonbro-5077049-1024x683.jpg\" alt=\"Airbnb ; Location, Appartement de vacances\" class=\"wp-image-18527\" srcset=\"https:\/\/myhome.at\/wp-content\/uploads\/2024\/06\/aiebnb_pexels-cottonbro-5077049-1024x683.jpg 1024w, https:\/\/myhome.at\/wp-content\/uploads\/2024\/06\/aiebnb_pexels-cottonbro-5077049-2048x1365.jpg 2048w, https:\/\/myhome.at\/wp-content\/uploads\/2024\/06\/aiebnb_pexels-cottonbro-5077049-300x200.jpg 300w, https:\/\/myhome.at\/wp-content\/uploads\/2024\/06\/aiebnb_pexels-cottonbro-5077049-768x512.jpg 768w, https:\/\/myhome.at\/wp-content\/uploads\/2024\/06\/aiebnb_pexels-cottonbro-5077049-1536x1024.jpg 1536w, https:\/\/myhome.at\/wp-content\/uploads\/2024\/06\/aiebnb_pexels-cottonbro-5077049-830x553.jpg 830w, https:\/\/myhome.at\/wp-content\/uploads\/2024\/06\/aiebnb_pexels-cottonbro-5077049-1200x800.jpg 1200w\" sizes=\"(max-width: 1024px) 100vw, 1024px\" \/><figcaption class=\"wp-element-caption\">Si vous souhaitez louer votre logement via Airbnb, vous devez suivre certaines directives.<\/figcaption><\/figure>\n\n<h3 class=\"wp-block-heading\" id=\"h-hohe-strafen\"><strong>P\u00e9nalit\u00e9s \u00e9lev\u00e9es<\/strong><\/h3>\n\n<p>Louer son logement \u00e0 un visiteur \u00e0 Vienne pendant plus de 90 jours sans autorisation sp\u00e9ciale peut \u00e9galement co\u00fbter cher : Dans ce cas, vous risquez une amende administrative pouvant aller jusqu&rsquo;\u00e0 50.000 euros ou, dans le cas d&rsquo;une location de courte dur\u00e9e, jusqu&rsquo;\u00e0 100.000 euros.<\/p>\n\n<p>irr\u00e9couvrable, une peine d&#8217;emprisonnement de substitution pouvant aller jusqu&rsquo;\u00e0 deux semaines. Mais ce n&rsquo;est pas tout : \u00ab\u00a0M\u00eame si vous proposez simplement votre bien \u00e0 la location de courte dur\u00e9e, vous devez garder ce d\u00e9lai \u00e0 l&rsquo;esprit. En effet, si le bien se trouve sur des plateformes au-del\u00e0 de cette p\u00e9riode, vous risquez cette amende\u00a0\u00bb, explique Wahba.  <\/p>\n\n<h3 class=\"wp-block-heading\" id=\"h-meldepflichten-beachten\"><strong>Respecter les obligations de d\u00e9claration<\/strong><\/h3>\n\n<p>Les \u00e9tablissements d&rsquo;h\u00e9bergement commerciaux et priv\u00e9s sont tenus de transmettre chaque mois \u00e0 la municipalit\u00e9 le nombre de leurs clients et de leurs nuit\u00e9es. Les chiffres des arriv\u00e9es et des nuit\u00e9es doivent \u00eatre ventil\u00e9s par pays d&rsquo;origine des visiteurs. Une fois par an, le nombre de lits touristiques disponibles doit \u00e9galement \u00eatre communiqu\u00e9. Les personnes qui louent \u00e0 titre priv\u00e9 un logement ou une ou plusieurs chambres dans un logement \u00e0 des fins touristiques sont explicitement tenues de d\u00e9clarer les donn\u00e9es relatives aux nuit\u00e9es. Les plateformes en ligne doivent d&rsquo;ailleurs elles aussi d\u00e9clarer \u00e0 la mairie de Vienne les logements touristiques priv\u00e9s enregistr\u00e9s chez elles. Cela ne dispense toutefois pas les logeurs de l&rsquo;obligation de d\u00e9claration statistique.<\/p>\n\n<h3 class=\"wp-block-heading\" id=\"h-home-sharing-weiterhin-erlaubt\"><strong>Le partage de domicile reste autoris\u00e9<\/strong><\/h3>\n\n<p>Toutefois, les personnes qui ne louent leur logement qu&rsquo;occasionnellement dans le cadre du \u00ab\u00a0home sharing\u00a0\u00bb, par exemple pendant leurs propres vacances, peuvent continuer \u00e0 le faire, m\u00eame dans les zones r\u00e9sidentielles. La condition est que l&rsquo;utilisation personnelle \u00e0 des fins d&rsquo;habitation soit pr\u00e9pond\u00e9rante, tant dans le temps que dans l&rsquo;espace. \u00ab\u00a0Mais l\u00e0 encore, la r\u00e8gle des 90 jours s&rsquo;applique\u00a0\u00bb, pr\u00e9cise Wahba.<\/p>\n\n<hr class=\"wp-block-separator has-alpha-channel-opacity\"\/>\n\n<p>Contributions similaires :<\/p>\n\n<p><a href=\"https:\/\/myhome.at\/fr\/buy-to-let-ou-les-vacances-dans-son-propre-hotel\/\">Buy-to-let ou : les vacances dans son propre h\u00f4tel<\/a><\/p>\n\n<p><a href=\"https:\/\/myhome.at\/fr\/les-modeles-de-maitre-douvrage-fonctionnent\/\">Comment fonctionnent les mod\u00e8les de ma\u00eetre d&rsquo;ouvrage<\/a><\/p>\n\n<p><a href=\"https:\/\/myhome.at\/wohnrecht-in-oesterreich\/\">Droit d&rsquo;habitation en Autriche<\/a><\/p>\n","protected":false},"excerpt":{"rendered":"<p>La ville de Vienne durcit \u00e0 nouveau les r\u00e8gles pour les locations touristiques de courte dur\u00e9e \u00e0 partir de juillet. Marko Wahba, avocat chez FSM Rechtsanw\u00e4lte, explique \u00e0 quoi vous devez faire attention \u00e0 l&rsquo;avenir en cas de location via Airbnb &amp; Co. Les logements locatifs abordables sont devenus une denr\u00e9e rare \u00e0 Vienne. Cela &hellip;<\/p>\n","protected":false},"author":12,"featured_media":18541,"comment_status":"closed","ping_status":"open","sticky":false,"template":"","format":"standard","meta":{"_acf_changed":false,"footnotes":""},"categories":[2080,128,2097],"tags":[],"class_list":["post-18554","post","type-post","status-publish","format-standard","has-post-thumbnail","hentry","category-design-living-fr","category-non-classifiee","category-law-order-fr"],"acf":[],"yoast_head":"<!-- This site is optimized with the Yoast SEO Premium plugin v27.4 (Yoast SEO v27.4) - https:\/\/yoast.com\/product\/yoast-seo-premium-wordpress\/ -->\n<title>Ce qui va changer pour Airbnb &amp; Co I MYHOME.AT<\/title>\n<meta name=\"description\" content=\"Marko Wahba, du cabinet d&#039;avocats FSM Rechtsanw\u00e4lte, explique \u00e0 quoi il faut faire attention \u00e0 l&#039;avenir en cas de location via Airbnb &amp; Co \u00e0 Vienne.\" \/>\n<meta name=\"robots\" content=\"index, follow, max-snippet:-1, max-image-preview:large, max-video-preview:-1\" \/>\n<link rel=\"canonical\" href=\"https:\/\/myhome.at\/fr\/ce-qui-change-pour-airbnb-co\/\" \/>\n<meta property=\"og:locale\" content=\"fr_FR\" \/>\n<meta property=\"og:type\" content=\"article\" \/>\n<meta property=\"og:title\" content=\"MYHOME.AT I Ce qui va changer pour Airbnb &amp; Co\" \/>\n<meta property=\"og:description\" content=\"Marko Wahba, du cabinet d&#039;avocats FSM Rechtsanw\u00e4lte, explique \u00e0 quoi il faut faire attention \u00e0 l&#039;avenir en cas de location via Airbnb &amp; Co \u00e0 Vienne.\" \/>\n<meta property=\"og:url\" content=\"https:\/\/myhome.at\/fr\/ce-qui-change-pour-airbnb-co\/\" \/>\n<meta property=\"og:site_name\" content=\"MYHOME.AT\" \/>\n<meta property=\"article:publisher\" content=\"https:\/\/www.facebook.com\/myhome.allaboutliving\/\" \/>\n<meta property=\"article:published_time\" content=\"2024-06-20T04:35:33+00:00\" \/>\n<meta property=\"og:image\" content=\"https:\/\/myhome.at\/wp-content\/uploads\/2024\/06\/Wohnung_pexels-cottonbro-7128344-scaled.jpg\" \/>\n\t<meta property=\"og:image:width\" content=\"2560\" \/>\n\t<meta property=\"og:image:height\" content=\"1707\" \/>\n\t<meta property=\"og:image:type\" content=\"image\/jpeg\" \/>\n<meta name=\"author\" content=\"Ursula Rischanek\" \/>\n<meta name=\"twitter:card\" content=\"summary_large_image\" \/>\n<meta name=\"twitter:label1\" content=\"\u00c9crit par\" \/>\n\t<meta name=\"twitter:data1\" content=\"Ursula Rischanek\" \/>\n\t<meta name=\"twitter:label2\" content=\"Dur\u00e9e de lecture estim\u00e9e\" \/>\n\t<meta name=\"twitter:data2\" content=\"6 minutes\" \/>\n<script type=\"application\/ld+json\" class=\"yoast-schema-graph\">{\"@context\":\"https:\\\/\\\/schema.org\",\"@graph\":[{\"@type\":\"Article\",\"@id\":\"https:\\\/\\\/myhome.at\\\/fr\\\/ce-qui-change-pour-airbnb-co\\\/#article\",\"isPartOf\":{\"@id\":\"https:\\\/\\\/myhome.at\\\/fr\\\/ce-qui-change-pour-airbnb-co\\\/\"},\"author\":{\"name\":\"Ursula Rischanek\",\"@id\":\"https:\\\/\\\/myhome.at\\\/fr\\\/#\\\/schema\\\/person\\\/89f10eea631b3fa55e8e75c398516a26\"},\"headline\":\"Ce qui va changer pour Airbnb &amp; Co\",\"datePublished\":\"2024-06-20T04:35:33+00:00\",\"mainEntityOfPage\":{\"@id\":\"https:\\\/\\\/myhome.at\\\/fr\\\/ce-qui-change-pour-airbnb-co\\\/\"},\"wordCount\":1198,\"publisher\":{\"@id\":\"https:\\\/\\\/myhome.at\\\/fr\\\/#organization\"},\"image\":{\"@id\":\"https:\\\/\\\/myhome.at\\\/fr\\\/ce-qui-change-pour-airbnb-co\\\/#primaryimage\"},\"thumbnailUrl\":\"https:\\\/\\\/myhome.at\\\/wp-content\\\/uploads\\\/2024\\\/06\\\/Wohnung_pexels-cottonbro-7128344-scaled.jpg\",\"articleSection\":[\"DESIGN &amp; LIVING\",\"En g\u00e9n\u00e9ral\",\"LAW &amp; ORDER\"],\"inLanguage\":\"fr-FR\"},{\"@type\":\"WebPage\",\"@id\":\"https:\\\/\\\/myhome.at\\\/fr\\\/ce-qui-change-pour-airbnb-co\\\/\",\"url\":\"https:\\\/\\\/myhome.at\\\/fr\\\/ce-qui-change-pour-airbnb-co\\\/\",\"name\":\"Ce qui va changer pour Airbnb &amp; Co I MYHOME.AT\",\"isPartOf\":{\"@id\":\"https:\\\/\\\/myhome.at\\\/fr\\\/#website\"},\"primaryImageOfPage\":{\"@id\":\"https:\\\/\\\/myhome.at\\\/fr\\\/ce-qui-change-pour-airbnb-co\\\/#primaryimage\"},\"image\":{\"@id\":\"https:\\\/\\\/myhome.at\\\/fr\\\/ce-qui-change-pour-airbnb-co\\\/#primaryimage\"},\"thumbnailUrl\":\"https:\\\/\\\/myhome.at\\\/wp-content\\\/uploads\\\/2024\\\/06\\\/Wohnung_pexels-cottonbro-7128344-scaled.jpg\",\"datePublished\":\"2024-06-20T04:35:33+00:00\",\"description\":\"Marko Wahba, du cabinet d'avocats FSM Rechtsanw\u00e4lte, explique \u00e0 quoi il faut faire attention \u00e0 l'avenir en cas de location via Airbnb & Co \u00e0 Vienne.\",\"breadcrumb\":{\"@id\":\"https:\\\/\\\/myhome.at\\\/fr\\\/ce-qui-change-pour-airbnb-co\\\/#breadcrumb\"},\"inLanguage\":\"fr-FR\",\"potentialAction\":[{\"@type\":\"ReadAction\",\"target\":[\"https:\\\/\\\/myhome.at\\\/fr\\\/ce-qui-change-pour-airbnb-co\\\/\"]}]},{\"@type\":\"ImageObject\",\"inLanguage\":\"fr-FR\",\"@id\":\"https:\\\/\\\/myhome.at\\\/fr\\\/ce-qui-change-pour-airbnb-co\\\/#primaryimage\",\"url\":\"https:\\\/\\\/myhome.at\\\/wp-content\\\/uploads\\\/2024\\\/06\\\/Wohnung_pexels-cottonbro-7128344-scaled.jpg\",\"contentUrl\":\"https:\\\/\\\/myhome.at\\\/wp-content\\\/uploads\\\/2024\\\/06\\\/Wohnung_pexels-cottonbro-7128344-scaled.jpg\",\"width\":2560,\"height\":1707},{\"@type\":\"BreadcrumbList\",\"@id\":\"https:\\\/\\\/myhome.at\\\/fr\\\/ce-qui-change-pour-airbnb-co\\\/#breadcrumb\",\"itemListElement\":[{\"@type\":\"ListItem\",\"position\":1,\"name\":\"Home\",\"item\":\"https:\\\/\\\/myhome.at\\\/fr\\\/\"},{\"@type\":\"ListItem\",\"position\":2,\"name\":\"Ce qui va changer pour Airbnb &amp; Co\"}]},{\"@type\":\"WebSite\",\"@id\":\"https:\\\/\\\/myhome.at\\\/fr\\\/#website\",\"url\":\"https:\\\/\\\/myhome.at\\\/fr\\\/\",\"name\":\"MYHOME BLOG\",\"description\":\"Online-Magazin f\u00fcr Wohnen &amp; Immobilien\",\"publisher\":{\"@id\":\"https:\\\/\\\/myhome.at\\\/fr\\\/#organization\"},\"potentialAction\":[{\"@type\":\"SearchAction\",\"target\":{\"@type\":\"EntryPoint\",\"urlTemplate\":\"https:\\\/\\\/myhome.at\\\/fr\\\/?s={search_term_string}\"},\"query-input\":{\"@type\":\"PropertyValueSpecification\",\"valueRequired\":true,\"valueName\":\"search_term_string\"}}],\"inLanguage\":\"fr-FR\"},{\"@type\":\"Organization\",\"@id\":\"https:\\\/\\\/myhome.at\\\/fr\\\/#organization\",\"name\":\"MYHOME BLOG\",\"alternateName\":\"MYHOME BLOG\",\"url\":\"https:\\\/\\\/myhome.at\\\/fr\\\/\",\"logo\":{\"@type\":\"ImageObject\",\"inLanguage\":\"fr-FR\",\"@id\":\"https:\\\/\\\/myhome.at\\\/fr\\\/#\\\/schema\\\/logo\\\/image\\\/\",\"url\":\"https:\\\/\\\/myhome.at\\\/wp-content\\\/uploads\\\/2023\\\/10\\\/FMH_MYHOME_ICON_RZ_RGB_696x696.png\",\"contentUrl\":\"https:\\\/\\\/myhome.at\\\/wp-content\\\/uploads\\\/2023\\\/10\\\/FMH_MYHOME_ICON_RZ_RGB_696x696.png\",\"width\":697,\"height\":697,\"caption\":\"MYHOME BLOG\"},\"image\":{\"@id\":\"https:\\\/\\\/myhome.at\\\/fr\\\/#\\\/schema\\\/logo\\\/image\\\/\"},\"sameAs\":[\"https:\\\/\\\/www.facebook.com\\\/myhome.allaboutliving\\\/\",\"https:\\\/\\\/www.instagram.com\\\/myhome_allaboutliving\\\/\",\"https:\\\/\\\/www.linkedin.com\\\/company\\\/myhome-at\\\/\"]},{\"@type\":\"Person\",\"@id\":\"https:\\\/\\\/myhome.at\\\/fr\\\/#\\\/schema\\\/person\\\/89f10eea631b3fa55e8e75c398516a26\",\"name\":\"Ursula Rischanek\",\"image\":{\"@type\":\"ImageObject\",\"inLanguage\":\"fr-FR\",\"@id\":\"https:\\\/\\\/secure.gravatar.com\\\/avatar\\\/0faeec49ad0724fc92faf33d8f23e38ba17caea4b5ae0654b3f6935aa17455f5?s=96&d=mm&r=g\",\"url\":\"https:\\\/\\\/secure.gravatar.com\\\/avatar\\\/0faeec49ad0724fc92faf33d8f23e38ba17caea4b5ae0654b3f6935aa17455f5?s=96&d=mm&r=g\",\"contentUrl\":\"https:\\\/\\\/secure.gravatar.com\\\/avatar\\\/0faeec49ad0724fc92faf33d8f23e38ba17caea4b5ae0654b3f6935aa17455f5?s=96&d=mm&r=g\",\"caption\":\"Ursula Rischanek\"},\"url\":\"https:\\\/\\\/myhome.at\\\/fr\\\/author\\\/urischanek\\\/\"}]}<\/script>\n<!-- \/ Yoast SEO Premium plugin. -->","yoast_head_json":{"title":"Ce qui va changer pour Airbnb &amp; Co I MYHOME.AT","description":"Marko Wahba, du cabinet d'avocats FSM Rechtsanw\u00e4lte, explique \u00e0 quoi il faut faire attention \u00e0 l'avenir en cas de location via Airbnb & Co \u00e0 Vienne.","robots":{"index":"index","follow":"follow","max-snippet":"max-snippet:-1","max-image-preview":"max-image-preview:large","max-video-preview":"max-video-preview:-1"},"canonical":"https:\/\/myhome.at\/fr\/ce-qui-change-pour-airbnb-co\/","og_locale":"fr_FR","og_type":"article","og_title":"MYHOME.AT I Ce qui va changer pour Airbnb &amp; Co","og_description":"Marko Wahba, du cabinet d'avocats FSM Rechtsanw\u00e4lte, explique \u00e0 quoi il faut faire attention \u00e0 l'avenir en cas de location via Airbnb & Co \u00e0 Vienne.","og_url":"https:\/\/myhome.at\/fr\/ce-qui-change-pour-airbnb-co\/","og_site_name":"MYHOME.AT","article_publisher":"https:\/\/www.facebook.com\/myhome.allaboutliving\/","article_published_time":"2024-06-20T04:35:33+00:00","og_image":[{"width":2560,"height":1707,"url":"https:\/\/myhome.at\/wp-content\/uploads\/2024\/06\/Wohnung_pexels-cottonbro-7128344-scaled.jpg","type":"image\/jpeg"}],"author":"Ursula Rischanek","twitter_card":"summary_large_image","twitter_misc":{"\u00c9crit par":"Ursula Rischanek","Dur\u00e9e de lecture estim\u00e9e":"6 minutes"},"schema":{"@context":"https:\/\/schema.org","@graph":[{"@type":"Article","@id":"https:\/\/myhome.at\/fr\/ce-qui-change-pour-airbnb-co\/#article","isPartOf":{"@id":"https:\/\/myhome.at\/fr\/ce-qui-change-pour-airbnb-co\/"},"author":{"name":"Ursula Rischanek","@id":"https:\/\/myhome.at\/fr\/#\/schema\/person\/89f10eea631b3fa55e8e75c398516a26"},"headline":"Ce qui va changer pour Airbnb &amp; Co","datePublished":"2024-06-20T04:35:33+00:00","mainEntityOfPage":{"@id":"https:\/\/myhome.at\/fr\/ce-qui-change-pour-airbnb-co\/"},"wordCount":1198,"publisher":{"@id":"https:\/\/myhome.at\/fr\/#organization"},"image":{"@id":"https:\/\/myhome.at\/fr\/ce-qui-change-pour-airbnb-co\/#primaryimage"},"thumbnailUrl":"https:\/\/myhome.at\/wp-content\/uploads\/2024\/06\/Wohnung_pexels-cottonbro-7128344-scaled.jpg","articleSection":["DESIGN &amp; LIVING","En g\u00e9n\u00e9ral","LAW &amp; ORDER"],"inLanguage":"fr-FR"},{"@type":"WebPage","@id":"https:\/\/myhome.at\/fr\/ce-qui-change-pour-airbnb-co\/","url":"https:\/\/myhome.at\/fr\/ce-qui-change-pour-airbnb-co\/","name":"Ce qui va changer pour Airbnb &amp; Co I MYHOME.AT","isPartOf":{"@id":"https:\/\/myhome.at\/fr\/#website"},"primaryImageOfPage":{"@id":"https:\/\/myhome.at\/fr\/ce-qui-change-pour-airbnb-co\/#primaryimage"},"image":{"@id":"https:\/\/myhome.at\/fr\/ce-qui-change-pour-airbnb-co\/#primaryimage"},"thumbnailUrl":"https:\/\/myhome.at\/wp-content\/uploads\/2024\/06\/Wohnung_pexels-cottonbro-7128344-scaled.jpg","datePublished":"2024-06-20T04:35:33+00:00","description":"Marko Wahba, du cabinet d'avocats FSM Rechtsanw\u00e4lte, explique \u00e0 quoi il faut faire attention \u00e0 l'avenir en cas de location via Airbnb & Co \u00e0 Vienne.","breadcrumb":{"@id":"https:\/\/myhome.at\/fr\/ce-qui-change-pour-airbnb-co\/#breadcrumb"},"inLanguage":"fr-FR","potentialAction":[{"@type":"ReadAction","target":["https:\/\/myhome.at\/fr\/ce-qui-change-pour-airbnb-co\/"]}]},{"@type":"ImageObject","inLanguage":"fr-FR","@id":"https:\/\/myhome.at\/fr\/ce-qui-change-pour-airbnb-co\/#primaryimage","url":"https:\/\/myhome.at\/wp-content\/uploads\/2024\/06\/Wohnung_pexels-cottonbro-7128344-scaled.jpg","contentUrl":"https:\/\/myhome.at\/wp-content\/uploads\/2024\/06\/Wohnung_pexels-cottonbro-7128344-scaled.jpg","width":2560,"height":1707},{"@type":"BreadcrumbList","@id":"https:\/\/myhome.at\/fr\/ce-qui-change-pour-airbnb-co\/#breadcrumb","itemListElement":[{"@type":"ListItem","position":1,"name":"Home","item":"https:\/\/myhome.at\/fr\/"},{"@type":"ListItem","position":2,"name":"Ce qui va changer pour Airbnb &amp; Co"}]},{"@type":"WebSite","@id":"https:\/\/myhome.at\/fr\/#website","url":"https:\/\/myhome.at\/fr\/","name":"MYHOME BLOG","description":"Online-Magazin f\u00fcr Wohnen &amp; Immobilien","publisher":{"@id":"https:\/\/myhome.at\/fr\/#organization"},"potentialAction":[{"@type":"SearchAction","target":{"@type":"EntryPoint","urlTemplate":"https:\/\/myhome.at\/fr\/?s={search_term_string}"},"query-input":{"@type":"PropertyValueSpecification","valueRequired":true,"valueName":"search_term_string"}}],"inLanguage":"fr-FR"},{"@type":"Organization","@id":"https:\/\/myhome.at\/fr\/#organization","name":"MYHOME BLOG","alternateName":"MYHOME BLOG","url":"https:\/\/myhome.at\/fr\/","logo":{"@type":"ImageObject","inLanguage":"fr-FR","@id":"https:\/\/myhome.at\/fr\/#\/schema\/logo\/image\/","url":"https:\/\/myhome.at\/wp-content\/uploads\/2023\/10\/FMH_MYHOME_ICON_RZ_RGB_696x696.png","contentUrl":"https:\/\/myhome.at\/wp-content\/uploads\/2023\/10\/FMH_MYHOME_ICON_RZ_RGB_696x696.png","width":697,"height":697,"caption":"MYHOME BLOG"},"image":{"@id":"https:\/\/myhome.at\/fr\/#\/schema\/logo\/image\/"},"sameAs":["https:\/\/www.facebook.com\/myhome.allaboutliving\/","https:\/\/www.instagram.com\/myhome_allaboutliving\/","https:\/\/www.linkedin.com\/company\/myhome-at\/"]},{"@type":"Person","@id":"https:\/\/myhome.at\/fr\/#\/schema\/person\/89f10eea631b3fa55e8e75c398516a26","name":"Ursula Rischanek","image":{"@type":"ImageObject","inLanguage":"fr-FR","@id":"https:\/\/secure.gravatar.com\/avatar\/0faeec49ad0724fc92faf33d8f23e38ba17caea4b5ae0654b3f6935aa17455f5?s=96&d=mm&r=g","url":"https:\/\/secure.gravatar.com\/avatar\/0faeec49ad0724fc92faf33d8f23e38ba17caea4b5ae0654b3f6935aa17455f5?s=96&d=mm&r=g","contentUrl":"https:\/\/secure.gravatar.com\/avatar\/0faeec49ad0724fc92faf33d8f23e38ba17caea4b5ae0654b3f6935aa17455f5?s=96&d=mm&r=g","caption":"Ursula Rischanek"},"url":"https:\/\/myhome.at\/fr\/author\/urischanek\/"}]}},"_links":{"self":[{"href":"https:\/\/myhome.at\/fr\/wp-json\/wp\/v2\/posts\/18554","targetHints":{"allow":["GET"]}}],"collection":[{"href":"https:\/\/myhome.at\/fr\/wp-json\/wp\/v2\/posts"}],"about":[{"href":"https:\/\/myhome.at\/fr\/wp-json\/wp\/v2\/types\/post"}],"author":[{"embeddable":true,"href":"https:\/\/myhome.at\/fr\/wp-json\/wp\/v2\/users\/12"}],"replies":[{"embeddable":true,"href":"https:\/\/myhome.at\/fr\/wp-json\/wp\/v2\/comments?post=18554"}],"version-history":[{"count":1,"href":"https:\/\/myhome.at\/fr\/wp-json\/wp\/v2\/posts\/18554\/revisions"}],"predecessor-version":[{"id":18555,"href":"https:\/\/myhome.at\/fr\/wp-json\/wp\/v2\/posts\/18554\/revisions\/18555"}],"wp:featuredmedia":[{"embeddable":true,"href":"https:\/\/myhome.at\/fr\/wp-json\/wp\/v2\/media\/18541"}],"wp:attachment":[{"href":"https:\/\/myhome.at\/fr\/wp-json\/wp\/v2\/media?parent=18554"}],"wp:term":[{"taxonomy":"category","embeddable":true,"href":"https:\/\/myhome.at\/fr\/wp-json\/wp\/v2\/categories?post=18554"},{"taxonomy":"post_tag","embeddable":true,"href":"https:\/\/myhome.at\/fr\/wp-json\/wp\/v2\/tags?post=18554"}],"curies":[{"name":"wp","href":"https:\/\/api.w.org\/{rel}","templated":true}]}}