{"id":18345,"date":"2024-06-18T07:24:00","date_gmt":"2024-06-18T05:24:00","guid":{"rendered":"https:\/\/myhome.at\/?p=18345"},"modified":"2024-06-03T16:43:11","modified_gmt":"2024-06-03T14:43:11","slug":"deco-de-table-ete-2024-servir-avec-style","status":"publish","type":"post","link":"https:\/\/myhome.at\/fr\/deco-de-table-ete-2024-servir-avec-style\/","title":{"rendered":"D\u00e9coration de table \u00e9t\u00e9 2024 : servir avec style pour toutes les occasions"},"content":{"rendered":"\n<p><em>Manger dehors en \u00e9t\u00e9 est bien plus qu&rsquo;un simple repas en plein air. C&rsquo;est une exp\u00e9rience qui procure un sentiment de libert\u00e9, de l\u00e9g\u00e8ret\u00e9 et de communaut\u00e9. La d\u00e9coration estivale de la table joue un r\u00f4le central pour souligner et renforcer cette atmosph\u00e8re particuli\u00e8re.  <\/em><\/p>\n\n<p>Contrairement \u00e0 l&rsquo;int\u00e9rieur, le choix est plus large \u00e0 l&rsquo;ext\u00e9rieur : des couleurs diff\u00e9rentes, voire flashy, un m\u00e9lange de divers mat\u00e9riaux &#8211; chaque ann\u00e9e, il y a une multitude de nouvelles tendances.  <\/p>\n\n<p>Nous avons pos\u00e9 la question \u00e0 Martina Lillie qui, en tant que directrice de l&rsquo;entreprise viennoise traditionnelle Albin Denk, sait non seulement ce qui est actuellement en vogue, mais aussi comment interpr\u00e9ter \u00e0 la perfection diff\u00e9rents looks. D\u00e9coration de table \u00e9t\u00e9 2024 &#8211; voici ses 3 points forts de l&rsquo;\u00e9t\u00e9 de cette ann\u00e9e :<\/p>\n\n<h3 class=\"wp-block-heading\" id=\"h-tischdeko-sommer-2024-thema-1-mediterran\"><strong>\n  <strong>D\u00e9coration de table \u00e9t\u00e9 2024<\/strong>\n<\/strong> <strong>&#8211; Th\u00e8me 1 : M\u00e9diterran\u00e9e<\/strong><\/h3>\n\n<p>En \u00e9t\u00e9, nous aimons la nourriture l\u00e9g\u00e8re et m\u00e9diterran\u00e9enne &#8211; il n&rsquo;est donc pas \u00e9tonnant que la vue d&rsquo;une table dans ce style nous enchante. Dans ce cas, les mat\u00e9riaux naturels comme le bois, l&rsquo;osier et le lin sont des partenaires id\u00e9aux.<\/p>\n\n<figure class=\"wp-block-gallery has-nested-images columns-default is-cropped wp-block-gallery-1 is-layout-flex wp-block-gallery-is-layout-flex\">\n<figure class=\"wp-block-image size-large\"><img decoding=\"async\" width=\"768\" height=\"1024\" data-id=\"17560\" src=\"https:\/\/myhome.at\/wp-content\/uploads\/2024\/05\/IMG_0488-1-768x1024.jpg\" alt=\"D&#xE9;coration de table verte m&#xE9;diterran&#xE9;enne\" class=\"wp-image-17560\" srcset=\"https:\/\/myhome.at\/wp-content\/uploads\/2024\/05\/IMG_0488-1-768x1024.jpg 768w, https:\/\/myhome.at\/wp-content\/uploads\/2024\/05\/IMG_0488-1-225x300.jpg 225w, https:\/\/myhome.at\/wp-content\/uploads\/2024\/05\/IMG_0488-1-1152x1536.jpg 1152w, https:\/\/myhome.at\/wp-content\/uploads\/2024\/05\/IMG_0488-1-1536x2048.jpg 1536w, https:\/\/myhome.at\/wp-content\/uploads\/2024\/05\/IMG_0488-1-830x1107.jpg 830w, https:\/\/myhome.at\/wp-content\/uploads\/2024\/05\/IMG_0488-1-1200x1600.jpg 1200w, https:\/\/myhome.at\/wp-content\/uploads\/2024\/05\/IMG_0488-1-scaled.jpg 1920w\" sizes=\"(max-width: 768px) 100vw, 768px\" \/><\/figure>\n\n\n\n<figure class=\"wp-block-image size-large\"><img decoding=\"async\" width=\"768\" height=\"1024\" data-id=\"17556\" src=\"https:\/\/myhome.at\/wp-content\/uploads\/2024\/05\/IMG_0491-1-768x1024.jpg\" alt=\"D&#xE9;corations de table en mat&#xE9;riaux naturels\" class=\"wp-image-17556\" srcset=\"https:\/\/myhome.at\/wp-content\/uploads\/2024\/05\/IMG_0491-1-768x1024.jpg 768w, https:\/\/myhome.at\/wp-content\/uploads\/2024\/05\/IMG_0491-1-225x300.jpg 225w, https:\/\/myhome.at\/wp-content\/uploads\/2024\/05\/IMG_0491-1-1152x1536.jpg 1152w, https:\/\/myhome.at\/wp-content\/uploads\/2024\/05\/IMG_0491-1-1536x2048.jpg 1536w, https:\/\/myhome.at\/wp-content\/uploads\/2024\/05\/IMG_0491-1-830x1107.jpg 830w, https:\/\/myhome.at\/wp-content\/uploads\/2024\/05\/IMG_0491-1-1200x1600.jpg 1200w, https:\/\/myhome.at\/wp-content\/uploads\/2024\/05\/IMG_0491-1-scaled.jpg 1920w\" sizes=\"(max-width: 768px) 100vw, 768px\" \/><\/figure>\n\n\n\n<figure class=\"wp-block-image size-large\"><img decoding=\"async\" width=\"768\" height=\"1024\" data-id=\"17548\" src=\"https:\/\/myhome.at\/wp-content\/uploads\/2024\/05\/IMG_0492-1-768x1024.jpg\" alt=\"\" class=\"wp-image-17548\" srcset=\"https:\/\/myhome.at\/wp-content\/uploads\/2024\/05\/IMG_0492-1-768x1024.jpg 768w, https:\/\/myhome.at\/wp-content\/uploads\/2024\/05\/IMG_0492-1-225x300.jpg 225w, https:\/\/myhome.at\/wp-content\/uploads\/2024\/05\/IMG_0492-1-1152x1536.jpg 1152w, https:\/\/myhome.at\/wp-content\/uploads\/2024\/05\/IMG_0492-1-1536x2048.jpg 1536w, https:\/\/myhome.at\/wp-content\/uploads\/2024\/05\/IMG_0492-1-830x1107.jpg 830w, https:\/\/myhome.at\/wp-content\/uploads\/2024\/05\/IMG_0492-1-1200x1600.jpg 1200w, https:\/\/myhome.at\/wp-content\/uploads\/2024\/05\/IMG_0492-1-scaled.jpg 1920w\" sizes=\"(max-width: 768px) 100vw, 768px\" \/><\/figure>\n<\/figure>\n\n<p><strong>Vaisselle :<\/strong> jars ceramistes, choses fines<\/p>\n\n<p><strong>Verre :<\/strong> J.&amp;L. Lobmeyr, Ichendorf<\/p>\n\n<p><strong>Couverts :<\/strong> sabre Paris<\/p>\n\n<p><strong>Nappe :<\/strong> lin finlandais<\/p>\n\n<h3 class=\"wp-block-heading\" id=\"h-sommerliche-tischdeko-thema-2-brunch-mit-freundinnen\"><strong>D\u00e9coration de table estivale &#8211; Th\u00e8me 2 : Brunch entre amies<\/strong><\/h3>\n\n<p>Les tons pastel sont tr\u00e8s tendance pour la vaisselle et le verre, mais aussi pour les accessoires autour de la table. Sur la terrasse ou dans le jardin, commencez la mise en place de la table avec une nappe captivante dans un ton pastel, puis m\u00e9langez volontiers les diff\u00e9rentes pi\u00e8ces de porcelaine avec du blanc &#8211; cela all\u00e8ge l&rsquo;ensemble et apporte une touche de fra\u00eecheur \u00e0 la table. La manufacture fran\u00e7aise de c\u00e9ramique jars ceramistes propose une belle gamme de nombreuses formes et couleurs passionnantes qui permettent un mix &amp; match cool.<\/p>\n\n<figure class=\"wp-block-gallery has-nested-images columns-default is-cropped wp-block-gallery-2 is-layout-flex wp-block-gallery-is-layout-flex\">\n<figure class=\"wp-block-image size-large\"><img decoding=\"async\" width=\"768\" height=\"1024\" data-id=\"17596\" src=\"https:\/\/myhome.at\/wp-content\/uploads\/2024\/05\/IMG_0494-2-768x1024.jpg\" alt=\"D&#xE9;coration de table dans les tons pastel\" class=\"wp-image-17596\" srcset=\"https:\/\/myhome.at\/wp-content\/uploads\/2024\/05\/IMG_0494-2-768x1024.jpg 768w, https:\/\/myhome.at\/wp-content\/uploads\/2024\/05\/IMG_0494-2-225x300.jpg 225w, https:\/\/myhome.at\/wp-content\/uploads\/2024\/05\/IMG_0494-2-1152x1536.jpg 1152w, https:\/\/myhome.at\/wp-content\/uploads\/2024\/05\/IMG_0494-2-1536x2048.jpg 1536w, https:\/\/myhome.at\/wp-content\/uploads\/2024\/05\/IMG_0494-2-830x1107.jpg 830w, https:\/\/myhome.at\/wp-content\/uploads\/2024\/05\/IMG_0494-2-1200x1600.jpg 1200w, https:\/\/myhome.at\/wp-content\/uploads\/2024\/05\/IMG_0494-2-scaled.jpg 1920w\" sizes=\"(max-width: 768px) 100vw, 768px\" \/><\/figure>\n\n\n\n<figure class=\"wp-block-image size-large\"><img decoding=\"async\" width=\"768\" height=\"1024\" data-id=\"17588\" src=\"https:\/\/myhome.at\/wp-content\/uploads\/2024\/05\/IMG_0495-2-768x1024.jpg\" alt=\"\" class=\"wp-image-17588\" srcset=\"https:\/\/myhome.at\/wp-content\/uploads\/2024\/05\/IMG_0495-2-768x1024.jpg 768w, https:\/\/myhome.at\/wp-content\/uploads\/2024\/05\/IMG_0495-2-225x300.jpg 225w, https:\/\/myhome.at\/wp-content\/uploads\/2024\/05\/IMG_0495-2-1152x1536.jpg 1152w, https:\/\/myhome.at\/wp-content\/uploads\/2024\/05\/IMG_0495-2-1536x2048.jpg 1536w, https:\/\/myhome.at\/wp-content\/uploads\/2024\/05\/IMG_0495-2-830x1107.jpg 830w, https:\/\/myhome.at\/wp-content\/uploads\/2024\/05\/IMG_0495-2-1200x1600.jpg 1200w, https:\/\/myhome.at\/wp-content\/uploads\/2024\/05\/IMG_0495-2-scaled.jpg 1920w\" sizes=\"(max-width: 768px) 100vw, 768px\" \/><\/figure>\n\n\n\n<figure class=\"wp-block-image size-large\"><img decoding=\"async\" width=\"768\" height=\"1024\" data-id=\"17592\" src=\"https:\/\/myhome.at\/wp-content\/uploads\/2024\/05\/IMG_0496-2-768x1024.jpg\" alt=\"\" class=\"wp-image-17592\" srcset=\"https:\/\/myhome.at\/wp-content\/uploads\/2024\/05\/IMG_0496-2-768x1024.jpg 768w, https:\/\/myhome.at\/wp-content\/uploads\/2024\/05\/IMG_0496-2-225x300.jpg 225w, https:\/\/myhome.at\/wp-content\/uploads\/2024\/05\/IMG_0496-2-1152x1536.jpg 1152w, https:\/\/myhome.at\/wp-content\/uploads\/2024\/05\/IMG_0496-2-1536x2048.jpg 1536w, https:\/\/myhome.at\/wp-content\/uploads\/2024\/05\/IMG_0496-2-830x1107.jpg 830w, https:\/\/myhome.at\/wp-content\/uploads\/2024\/05\/IMG_0496-2-1200x1600.jpg 1200w, https:\/\/myhome.at\/wp-content\/uploads\/2024\/05\/IMG_0496-2-scaled.jpg 1920w\" sizes=\"(max-width: 768px) 100vw, 768px\" \/><\/figure>\n\n\n\n<figure class=\"wp-block-image size-large\"><img decoding=\"async\" width=\"768\" height=\"1024\" data-id=\"17584\" src=\"https:\/\/myhome.at\/wp-content\/uploads\/2024\/05\/IMG_0497-2-768x1024.jpg\" alt=\"D&#xE9;coration de table en porcelaine\" class=\"wp-image-17584\" srcset=\"https:\/\/myhome.at\/wp-content\/uploads\/2024\/05\/IMG_0497-2-768x1024.jpg 768w, https:\/\/myhome.at\/wp-content\/uploads\/2024\/05\/IMG_0497-2-225x300.jpg 225w, https:\/\/myhome.at\/wp-content\/uploads\/2024\/05\/IMG_0497-2-1152x1536.jpg 1152w, https:\/\/myhome.at\/wp-content\/uploads\/2024\/05\/IMG_0497-2-1536x2048.jpg 1536w, https:\/\/myhome.at\/wp-content\/uploads\/2024\/05\/IMG_0497-2-830x1107.jpg 830w, https:\/\/myhome.at\/wp-content\/uploads\/2024\/05\/IMG_0497-2-1200x1600.jpg 1200w, https:\/\/myhome.at\/wp-content\/uploads\/2024\/05\/IMG_0497-2-scaled.jpg 1920w\" sizes=\"(max-width: 768px) 100vw, 768px\" \/><\/figure>\n<\/figure>\n\n<p><strong>Vaisselle :<\/strong> jars ceramistes<\/p>\n\n<p><strong>Verre :<\/strong> pichet, bol, verre de Anna von Lipa<\/p>\n\n<p><strong>Couverts :<\/strong> sabre Paris<\/p>\n\n<p><strong>Semmeleldose :<\/strong> Manufacture de porcelaine Augarten<\/p>\n\n<p><strong>Nappe : <\/strong> lin finlandais<\/p>\n\n<h3 class=\"wp-block-heading\" id=\"h-sommer-tischdeko-thema-3-ein-sonniger-lunch-wie-im-urlaub\"><strong>D\u00e9coration de table estivale<\/strong> &#8211; <strong>Th\u00e8me 3 : Un d\u00e9jeuner ensoleill\u00e9 comme en vacances<\/strong><\/h3>\n\n<p>Le jaune frais diffuse une \u00e9nergie bienfaisante. Pour ceux qui s&rsquo;en sortent bien sans couleurs et qui pr\u00e9f\u00e8rent la vaisselle blanche &#8211; mon conseil est d&rsquo;y associer du jaune. Nous aimons et avons besoin de l&rsquo;\u00e9nergie du soleil, le jaune \u00e9veille en nous des sentiments positifs et a un effet stimulant et exaltant sur nous.<\/p>\n\n<figure class=\"wp-block-gallery has-nested-images columns-default is-cropped wp-block-gallery-3 is-layout-flex wp-block-gallery-is-layout-flex\">\n<figure class=\"wp-block-image size-large\"><img decoding=\"async\" width=\"837\" height=\"1024\" data-id=\"17636\" src=\"https:\/\/myhome.at\/wp-content\/uploads\/2024\/05\/IMG_0501-2-837x1024.jpg\" alt=\"D&#xE9;coration de table jaune d'&#xE9;t&#xE9;\" class=\"wp-image-17636\" srcset=\"https:\/\/myhome.at\/wp-content\/uploads\/2024\/05\/IMG_0501-2-837x1024.jpg 837w, https:\/\/myhome.at\/wp-content\/uploads\/2024\/05\/IMG_0501-2-768x940.jpg 768w, https:\/\/myhome.at\/wp-content\/uploads\/2024\/05\/IMG_0501-2-245x300.jpg 245w, https:\/\/myhome.at\/wp-content\/uploads\/2024\/05\/IMG_0501-2-1256x1536.jpg 1256w, https:\/\/myhome.at\/wp-content\/uploads\/2024\/05\/IMG_0501-2-1674x2048.jpg 1674w, https:\/\/myhome.at\/wp-content\/uploads\/2024\/05\/IMG_0501-2-830x1015.jpg 830w, https:\/\/myhome.at\/wp-content\/uploads\/2024\/05\/IMG_0501-2-1200x1468.jpg 1200w\" sizes=\"(max-width: 837px) 100vw, 837px\" \/><\/figure>\n\n\n\n<figure class=\"wp-block-image size-large\"><img decoding=\"async\" width=\"768\" height=\"1024\" data-id=\"17640\" src=\"https:\/\/myhome.at\/wp-content\/uploads\/2024\/05\/IMG_0502-2-768x1024.jpg\" alt=\"D&#xE9;coration de table &#xC9;t&#xE9; Blanc et Jaune\" class=\"wp-image-17640\" srcset=\"https:\/\/myhome.at\/wp-content\/uploads\/2024\/05\/IMG_0502-2-768x1024.jpg 768w, https:\/\/myhome.at\/wp-content\/uploads\/2024\/05\/IMG_0502-2-225x300.jpg 225w, https:\/\/myhome.at\/wp-content\/uploads\/2024\/05\/IMG_0502-2-1152x1536.jpg 1152w, https:\/\/myhome.at\/wp-content\/uploads\/2024\/05\/IMG_0502-2-1536x2048.jpg 1536w, https:\/\/myhome.at\/wp-content\/uploads\/2024\/05\/IMG_0502-2-830x1107.jpg 830w, https:\/\/myhome.at\/wp-content\/uploads\/2024\/05\/IMG_0502-2-1200x1600.jpg 1200w, https:\/\/myhome.at\/wp-content\/uploads\/2024\/05\/IMG_0502-2-scaled.jpg 1920w\" sizes=\"(max-width: 768px) 100vw, 768px\" \/><\/figure>\n\n\n\n<figure class=\"wp-block-image size-large\"><img decoding=\"async\" width=\"768\" height=\"1024\" data-id=\"17632\" src=\"https:\/\/myhome.at\/wp-content\/uploads\/2024\/05\/IMG_0505-2-768x1024.jpg\" alt=\"\" class=\"wp-image-17632\" srcset=\"https:\/\/myhome.at\/wp-content\/uploads\/2024\/05\/IMG_0505-2-768x1024.jpg 768w, https:\/\/myhome.at\/wp-content\/uploads\/2024\/05\/IMG_0505-2-225x300.jpg 225w, https:\/\/myhome.at\/wp-content\/uploads\/2024\/05\/IMG_0505-2-1152x1536.jpg 1152w, https:\/\/myhome.at\/wp-content\/uploads\/2024\/05\/IMG_0505-2-1536x2048.jpg 1536w, https:\/\/myhome.at\/wp-content\/uploads\/2024\/05\/IMG_0505-2-830x1107.jpg 830w, https:\/\/myhome.at\/wp-content\/uploads\/2024\/05\/IMG_0505-2-1200x1600.jpg 1200w, https:\/\/myhome.at\/wp-content\/uploads\/2024\/05\/IMG_0505-2-scaled.jpg 1920w\" sizes=\"(max-width: 768px) 100vw, 768px\" \/><\/figure>\n\n\n\n<figure class=\"wp-block-image size-large\"><img decoding=\"async\" width=\"768\" height=\"1024\" data-id=\"17648\" src=\"https:\/\/myhome.at\/wp-content\/uploads\/2024\/05\/IMG_0506-2-768x1024.jpg\" alt=\"\" class=\"wp-image-17648\" srcset=\"https:\/\/myhome.at\/wp-content\/uploads\/2024\/05\/IMG_0506-2-768x1024.jpg 768w, https:\/\/myhome.at\/wp-content\/uploads\/2024\/05\/IMG_0506-2-225x300.jpg 225w, https:\/\/myhome.at\/wp-content\/uploads\/2024\/05\/IMG_0506-2-1152x1536.jpg 1152w, https:\/\/myhome.at\/wp-content\/uploads\/2024\/05\/IMG_0506-2-1536x2048.jpg 1536w, https:\/\/myhome.at\/wp-content\/uploads\/2024\/05\/IMG_0506-2-830x1107.jpg 830w, https:\/\/myhome.at\/wp-content\/uploads\/2024\/05\/IMG_0506-2-1200x1600.jpg 1200w, https:\/\/myhome.at\/wp-content\/uploads\/2024\/05\/IMG_0506-2-scaled.jpg 1920w\" sizes=\"(max-width: 768px) 100vw, 768px\" \/><\/figure>\n<\/figure>\n\n<p><strong>Vaisselle :<\/strong> jars ceramistes<\/p>\n\n<p><strong>Verre :<\/strong> pichet, bol, verre de Anna von Lipa<\/p>\n\n<p><strong>Couverts :<\/strong> sabre Paris<\/p>\n\n<p><strong>Bo\u00eete \u00e0 citron :<\/strong> manufacture de porcelaine Augarten<\/p>\n\n<p><strong>Nappe :<\/strong> lin finlandais<\/p>\n\n<p>Le d\u00e9cor est plant\u00e9, pour ainsi dire. Il ne manque plus que la nourriture et les boissons ad\u00e9quates. Mais l\u00e0 encore, vous trouverez dans des articles similaires ce qu&rsquo;il vous faut pour passer de magnifiques journ\u00e9es et soir\u00e9es d&rsquo;\u00e9t\u00e9.<\/p>\n\n<hr class=\"wp-block-separator has-alpha-channel-opacity\"\/>\n\n<p>Contributions similaires :<\/p>\n\n<p><a href=\"https:\/\/myhome.at\/fr\/un-pique-nique-estival-reussi-avec-une-check-list-de-recettes\/\"><strong>Un pique-nique d&rsquo;\u00e9t\u00e9 r\u00e9ussi &#8211; avec check-list &amp; recettes<\/strong><\/a><\/p>\n\n<p><a href=\"https:\/\/myhome.at\/fr\/du-gibier-sur-le-gril\/\"><strong>Gibier au barbecue<\/strong><\/a><\/p>\n\n<p><a href=\"https:\/\/myhome.at\/fr\/?p=15780\"><strong>Menthe, basilic &amp; Co &#8211; des recettes au go\u00fbt d&rsquo;\u00e9t\u00e9<\/strong><\/a><\/p>\n","protected":false},"excerpt":{"rendered":"<p>Manger dehors en \u00e9t\u00e9 est bien plus qu&rsquo;un simple repas en plein air. C&rsquo;est une exp\u00e9rience qui procure un sentiment de libert\u00e9, de l\u00e9g\u00e8ret\u00e9 et de communaut\u00e9. La d\u00e9coration estivale de la table joue un r\u00f4le central pour souligner et renforcer cette atmosph\u00e8re particuli\u00e8re. Contrairement \u00e0 l&rsquo;int\u00e9rieur, le choix est plus large \u00e0 l&rsquo;ext\u00e9rieur : &hellip;<\/p>\n","protected":false},"author":5,"featured_media":18335,"comment_status":"closed","ping_status":"open","sticky":false,"template":"","format":"standard","meta":{"_acf_changed":false,"footnotes":""},"categories":[128,2081],"tags":[],"class_list":["post-18345","post","type-post","status-publish","format-standard","has-post-thumbnail","hentry","category-non-classifiee","category-food-beverage-fr"],"acf":[],"yoast_head":"<!-- This site is optimized with the Yoast SEO Premium plugin v27.5 (Yoast SEO v27.5) - https:\/\/yoast.com\/product\/yoast-seo-premium-wordpress\/ -->\n<title>D\u00e9coration de table \u00e9t\u00e9 2024 : servir avec style pour toutes les occasions I MYHOME.AT<\/title>\n<meta name=\"description\" content=\"D\u00e9coration de table \u00e9t\u00e9 2024 : Martina Lillie, directrice de l&#039;entreprise viennoise traditionnelle Albin Denk, nous r\u00e9v\u00e8le les 3 points forts de l&#039;\u00e9t\u00e9 prochain\" \/>\n<meta name=\"robots\" content=\"index, follow, max-snippet:-1, max-image-preview:large, max-video-preview:-1\" \/>\n<link rel=\"canonical\" href=\"https:\/\/myhome.at\/fr\/deco-de-table-ete-2024-servir-avec-style\/\" \/>\n<meta property=\"og:locale\" content=\"fr_FR\" \/>\n<meta property=\"og:type\" content=\"article\" \/>\n<meta property=\"og:title\" content=\"MYHOME.AT I D\u00e9coration de table \u00e9t\u00e9 2024 : servir avec style pour toutes les occasions\" \/>\n<meta property=\"og:description\" content=\"D\u00e9coration de table \u00e9t\u00e9 2024 : Martina Lillie, directrice de l&#039;entreprise viennoise traditionnelle Albin Denk, nous r\u00e9v\u00e8le les 3 points forts de l&#039;\u00e9t\u00e9 prochain\" \/>\n<meta property=\"og:url\" content=\"https:\/\/myhome.at\/fr\/deco-de-table-ete-2024-servir-avec-style\/\" \/>\n<meta property=\"og:site_name\" content=\"MYHOME.AT\" \/>\n<meta property=\"article:publisher\" content=\"https:\/\/www.facebook.com\/myhome.allaboutliving\/\" \/>\n<meta property=\"article:published_time\" content=\"2024-06-18T05:24:00+00:00\" \/>\n<meta property=\"og:image\" content=\"https:\/\/myhome.at\/wp-content\/uploads\/2024\/06\/Tischdeko-Sommer.jpg\" \/>\n\t<meta property=\"og:image:width\" content=\"768\" \/>\n\t<meta property=\"og:image:height\" content=\"1024\" \/>\n\t<meta property=\"og:image:type\" content=\"image\/jpeg\" \/>\n<meta name=\"author\" content=\"Ursula Macher\" \/>\n<meta name=\"twitter:card\" content=\"summary_large_image\" \/>\n<meta name=\"twitter:label1\" content=\"\u00c9crit par\" \/>\n\t<meta name=\"twitter:data1\" content=\"Ursula Macher\" \/>\n\t<meta name=\"twitter:label2\" content=\"Dur\u00e9e de lecture estim\u00e9e\" \/>\n\t<meta name=\"twitter:data2\" content=\"3 minutes\" \/>\n<script type=\"application\/ld+json\" class=\"yoast-schema-graph\">{\"@context\":\"https:\\\/\\\/schema.org\",\"@graph\":[{\"@type\":\"Article\",\"@id\":\"https:\\\/\\\/myhome.at\\\/fr\\\/deco-de-table-ete-2024-servir-avec-style\\\/#article\",\"isPartOf\":{\"@id\":\"https:\\\/\\\/myhome.at\\\/fr\\\/deco-de-table-ete-2024-servir-avec-style\\\/\"},\"author\":{\"name\":\"Ursula Macher\",\"@id\":\"https:\\\/\\\/myhome.at\\\/fr\\\/#\\\/schema\\\/person\\\/41cab007ddbb9c3fc135cac1e13dbd87\"},\"headline\":\"D\u00e9coration de table \u00e9t\u00e9 2024 : servir avec style pour toutes les occasions\",\"datePublished\":\"2024-06-18T05:24:00+00:00\",\"mainEntityOfPage\":{\"@id\":\"https:\\\/\\\/myhome.at\\\/fr\\\/deco-de-table-ete-2024-servir-avec-style\\\/\"},\"wordCount\":541,\"publisher\":{\"@id\":\"https:\\\/\\\/myhome.at\\\/fr\\\/#organization\"},\"image\":{\"@id\":\"https:\\\/\\\/myhome.at\\\/fr\\\/deco-de-table-ete-2024-servir-avec-style\\\/#primaryimage\"},\"thumbnailUrl\":\"https:\\\/\\\/myhome.at\\\/wp-content\\\/uploads\\\/2024\\\/06\\\/Tischdeko-Sommer.jpg\",\"articleSection\":[\"En g\u00e9n\u00e9ral\",\"FOOD &amp; BEVERAGE\"],\"inLanguage\":\"fr-FR\"},{\"@type\":\"WebPage\",\"@id\":\"https:\\\/\\\/myhome.at\\\/fr\\\/deco-de-table-ete-2024-servir-avec-style\\\/\",\"url\":\"https:\\\/\\\/myhome.at\\\/fr\\\/deco-de-table-ete-2024-servir-avec-style\\\/\",\"name\":\"D\u00e9coration de table \u00e9t\u00e9 2024 : servir avec style pour toutes les occasions I MYHOME.AT\",\"isPartOf\":{\"@id\":\"https:\\\/\\\/myhome.at\\\/fr\\\/#website\"},\"primaryImageOfPage\":{\"@id\":\"https:\\\/\\\/myhome.at\\\/fr\\\/deco-de-table-ete-2024-servir-avec-style\\\/#primaryimage\"},\"image\":{\"@id\":\"https:\\\/\\\/myhome.at\\\/fr\\\/deco-de-table-ete-2024-servir-avec-style\\\/#primaryimage\"},\"thumbnailUrl\":\"https:\\\/\\\/myhome.at\\\/wp-content\\\/uploads\\\/2024\\\/06\\\/Tischdeko-Sommer.jpg\",\"datePublished\":\"2024-06-18T05:24:00+00:00\",\"description\":\"D\u00e9coration de table \u00e9t\u00e9 2024 : Martina Lillie, directrice de l'entreprise viennoise traditionnelle Albin Denk, nous r\u00e9v\u00e8le les 3 points forts de l'\u00e9t\u00e9 prochain\",\"breadcrumb\":{\"@id\":\"https:\\\/\\\/myhome.at\\\/fr\\\/deco-de-table-ete-2024-servir-avec-style\\\/#breadcrumb\"},\"inLanguage\":\"fr-FR\",\"potentialAction\":[{\"@type\":\"ReadAction\",\"target\":[\"https:\\\/\\\/myhome.at\\\/fr\\\/deco-de-table-ete-2024-servir-avec-style\\\/\"]}]},{\"@type\":\"ImageObject\",\"inLanguage\":\"fr-FR\",\"@id\":\"https:\\\/\\\/myhome.at\\\/fr\\\/deco-de-table-ete-2024-servir-avec-style\\\/#primaryimage\",\"url\":\"https:\\\/\\\/myhome.at\\\/wp-content\\\/uploads\\\/2024\\\/06\\\/Tischdeko-Sommer.jpg\",\"contentUrl\":\"https:\\\/\\\/myhome.at\\\/wp-content\\\/uploads\\\/2024\\\/06\\\/Tischdeko-Sommer.jpg\",\"width\":768,\"height\":1024,\"caption\":\"Tischdeko Sommer\"},{\"@type\":\"BreadcrumbList\",\"@id\":\"https:\\\/\\\/myhome.at\\\/fr\\\/deco-de-table-ete-2024-servir-avec-style\\\/#breadcrumb\",\"itemListElement\":[{\"@type\":\"ListItem\",\"position\":1,\"name\":\"Home\",\"item\":\"https:\\\/\\\/myhome.at\\\/fr\\\/\"},{\"@type\":\"ListItem\",\"position\":2,\"name\":\"D\u00e9coration de table \u00e9t\u00e9 2024 : servir avec style pour toutes les occasions\"}]},{\"@type\":\"WebSite\",\"@id\":\"https:\\\/\\\/myhome.at\\\/fr\\\/#website\",\"url\":\"https:\\\/\\\/myhome.at\\\/fr\\\/\",\"name\":\"MYHOME BLOG\",\"description\":\"Online-Magazin f\u00fcr Wohnen &amp; Immobilien\",\"publisher\":{\"@id\":\"https:\\\/\\\/myhome.at\\\/fr\\\/#organization\"},\"potentialAction\":[{\"@type\":\"SearchAction\",\"target\":{\"@type\":\"EntryPoint\",\"urlTemplate\":\"https:\\\/\\\/myhome.at\\\/fr\\\/?s={search_term_string}\"},\"query-input\":{\"@type\":\"PropertyValueSpecification\",\"valueRequired\":true,\"valueName\":\"search_term_string\"}}],\"inLanguage\":\"fr-FR\"},{\"@type\":\"Organization\",\"@id\":\"https:\\\/\\\/myhome.at\\\/fr\\\/#organization\",\"name\":\"MYHOME BLOG\",\"alternateName\":\"MYHOME BLOG\",\"url\":\"https:\\\/\\\/myhome.at\\\/fr\\\/\",\"logo\":{\"@type\":\"ImageObject\",\"inLanguage\":\"fr-FR\",\"@id\":\"https:\\\/\\\/myhome.at\\\/fr\\\/#\\\/schema\\\/logo\\\/image\\\/\",\"url\":\"https:\\\/\\\/myhome.at\\\/wp-content\\\/uploads\\\/2023\\\/10\\\/FMH_MYHOME_ICON_RZ_RGB_696x696.png\",\"contentUrl\":\"https:\\\/\\\/myhome.at\\\/wp-content\\\/uploads\\\/2023\\\/10\\\/FMH_MYHOME_ICON_RZ_RGB_696x696.png\",\"width\":697,\"height\":697,\"caption\":\"MYHOME BLOG\"},\"image\":{\"@id\":\"https:\\\/\\\/myhome.at\\\/fr\\\/#\\\/schema\\\/logo\\\/image\\\/\"},\"sameAs\":[\"https:\\\/\\\/www.facebook.com\\\/myhome.allaboutliving\\\/\",\"https:\\\/\\\/www.instagram.com\\\/myhome_allaboutliving\\\/\",\"https:\\\/\\\/www.linkedin.com\\\/company\\\/myhome-at\\\/\"]},{\"@type\":\"Person\",\"@id\":\"https:\\\/\\\/myhome.at\\\/fr\\\/#\\\/schema\\\/person\\\/41cab007ddbb9c3fc135cac1e13dbd87\",\"name\":\"Ursula Macher\",\"image\":{\"@type\":\"ImageObject\",\"inLanguage\":\"fr-FR\",\"@id\":\"https:\\\/\\\/secure.gravatar.com\\\/avatar\\\/cf3e40835857bf5bddd3c5d9355e9cac263ca9106de970b3c37bceb4360c3b45?s=96&d=mm&r=g\",\"url\":\"https:\\\/\\\/secure.gravatar.com\\\/avatar\\\/cf3e40835857bf5bddd3c5d9355e9cac263ca9106de970b3c37bceb4360c3b45?s=96&d=mm&r=g\",\"contentUrl\":\"https:\\\/\\\/secure.gravatar.com\\\/avatar\\\/cf3e40835857bf5bddd3c5d9355e9cac263ca9106de970b3c37bceb4360c3b45?s=96&d=mm&r=g\",\"caption\":\"Ursula Macher\"},\"url\":\"https:\\\/\\\/myhome.at\\\/fr\\\/author\\\/umacher\\\/\"}]}<\/script>\n<!-- \/ Yoast SEO Premium plugin. -->","yoast_head_json":{"title":"D\u00e9coration de table \u00e9t\u00e9 2024 : servir avec style pour toutes les occasions I MYHOME.AT","description":"D\u00e9coration de table \u00e9t\u00e9 2024 : Martina Lillie, directrice de l'entreprise viennoise traditionnelle Albin Denk, nous r\u00e9v\u00e8le les 3 points forts de l'\u00e9t\u00e9 prochain","robots":{"index":"index","follow":"follow","max-snippet":"max-snippet:-1","max-image-preview":"max-image-preview:large","max-video-preview":"max-video-preview:-1"},"canonical":"https:\/\/myhome.at\/fr\/deco-de-table-ete-2024-servir-avec-style\/","og_locale":"fr_FR","og_type":"article","og_title":"MYHOME.AT I D\u00e9coration de table \u00e9t\u00e9 2024 : servir avec style pour toutes les occasions","og_description":"D\u00e9coration de table \u00e9t\u00e9 2024 : Martina Lillie, directrice de l'entreprise viennoise traditionnelle Albin Denk, nous r\u00e9v\u00e8le les 3 points forts de l'\u00e9t\u00e9 prochain","og_url":"https:\/\/myhome.at\/fr\/deco-de-table-ete-2024-servir-avec-style\/","og_site_name":"MYHOME.AT","article_publisher":"https:\/\/www.facebook.com\/myhome.allaboutliving\/","article_published_time":"2024-06-18T05:24:00+00:00","og_image":[{"width":768,"height":1024,"url":"https:\/\/myhome.at\/wp-content\/uploads\/2024\/06\/Tischdeko-Sommer.jpg","type":"image\/jpeg"}],"author":"Ursula Macher","twitter_card":"summary_large_image","twitter_misc":{"\u00c9crit par":"Ursula Macher","Dur\u00e9e de lecture estim\u00e9e":"3 minutes"},"schema":{"@context":"https:\/\/schema.org","@graph":[{"@type":"Article","@id":"https:\/\/myhome.at\/fr\/deco-de-table-ete-2024-servir-avec-style\/#article","isPartOf":{"@id":"https:\/\/myhome.at\/fr\/deco-de-table-ete-2024-servir-avec-style\/"},"author":{"name":"Ursula Macher","@id":"https:\/\/myhome.at\/fr\/#\/schema\/person\/41cab007ddbb9c3fc135cac1e13dbd87"},"headline":"D\u00e9coration de table \u00e9t\u00e9 2024 : servir avec style pour toutes les occasions","datePublished":"2024-06-18T05:24:00+00:00","mainEntityOfPage":{"@id":"https:\/\/myhome.at\/fr\/deco-de-table-ete-2024-servir-avec-style\/"},"wordCount":541,"publisher":{"@id":"https:\/\/myhome.at\/fr\/#organization"},"image":{"@id":"https:\/\/myhome.at\/fr\/deco-de-table-ete-2024-servir-avec-style\/#primaryimage"},"thumbnailUrl":"https:\/\/myhome.at\/wp-content\/uploads\/2024\/06\/Tischdeko-Sommer.jpg","articleSection":["En g\u00e9n\u00e9ral","FOOD &amp; BEVERAGE"],"inLanguage":"fr-FR"},{"@type":"WebPage","@id":"https:\/\/myhome.at\/fr\/deco-de-table-ete-2024-servir-avec-style\/","url":"https:\/\/myhome.at\/fr\/deco-de-table-ete-2024-servir-avec-style\/","name":"D\u00e9coration de table \u00e9t\u00e9 2024 : servir avec style pour toutes les occasions I MYHOME.AT","isPartOf":{"@id":"https:\/\/myhome.at\/fr\/#website"},"primaryImageOfPage":{"@id":"https:\/\/myhome.at\/fr\/deco-de-table-ete-2024-servir-avec-style\/#primaryimage"},"image":{"@id":"https:\/\/myhome.at\/fr\/deco-de-table-ete-2024-servir-avec-style\/#primaryimage"},"thumbnailUrl":"https:\/\/myhome.at\/wp-content\/uploads\/2024\/06\/Tischdeko-Sommer.jpg","datePublished":"2024-06-18T05:24:00+00:00","description":"D\u00e9coration de table \u00e9t\u00e9 2024 : Martina Lillie, directrice de l'entreprise viennoise traditionnelle Albin Denk, nous r\u00e9v\u00e8le les 3 points forts de l'\u00e9t\u00e9 prochain","breadcrumb":{"@id":"https:\/\/myhome.at\/fr\/deco-de-table-ete-2024-servir-avec-style\/#breadcrumb"},"inLanguage":"fr-FR","potentialAction":[{"@type":"ReadAction","target":["https:\/\/myhome.at\/fr\/deco-de-table-ete-2024-servir-avec-style\/"]}]},{"@type":"ImageObject","inLanguage":"fr-FR","@id":"https:\/\/myhome.at\/fr\/deco-de-table-ete-2024-servir-avec-style\/#primaryimage","url":"https:\/\/myhome.at\/wp-content\/uploads\/2024\/06\/Tischdeko-Sommer.jpg","contentUrl":"https:\/\/myhome.at\/wp-content\/uploads\/2024\/06\/Tischdeko-Sommer.jpg","width":768,"height":1024,"caption":"Tischdeko Sommer"},{"@type":"BreadcrumbList","@id":"https:\/\/myhome.at\/fr\/deco-de-table-ete-2024-servir-avec-style\/#breadcrumb","itemListElement":[{"@type":"ListItem","position":1,"name":"Home","item":"https:\/\/myhome.at\/fr\/"},{"@type":"ListItem","position":2,"name":"D\u00e9coration de table \u00e9t\u00e9 2024 : servir avec style pour toutes les occasions"}]},{"@type":"WebSite","@id":"https:\/\/myhome.at\/fr\/#website","url":"https:\/\/myhome.at\/fr\/","name":"MYHOME BLOG","description":"Online-Magazin f\u00fcr Wohnen &amp; Immobilien","publisher":{"@id":"https:\/\/myhome.at\/fr\/#organization"},"potentialAction":[{"@type":"SearchAction","target":{"@type":"EntryPoint","urlTemplate":"https:\/\/myhome.at\/fr\/?s={search_term_string}"},"query-input":{"@type":"PropertyValueSpecification","valueRequired":true,"valueName":"search_term_string"}}],"inLanguage":"fr-FR"},{"@type":"Organization","@id":"https:\/\/myhome.at\/fr\/#organization","name":"MYHOME BLOG","alternateName":"MYHOME BLOG","url":"https:\/\/myhome.at\/fr\/","logo":{"@type":"ImageObject","inLanguage":"fr-FR","@id":"https:\/\/myhome.at\/fr\/#\/schema\/logo\/image\/","url":"https:\/\/myhome.at\/wp-content\/uploads\/2023\/10\/FMH_MYHOME_ICON_RZ_RGB_696x696.png","contentUrl":"https:\/\/myhome.at\/wp-content\/uploads\/2023\/10\/FMH_MYHOME_ICON_RZ_RGB_696x696.png","width":697,"height":697,"caption":"MYHOME BLOG"},"image":{"@id":"https:\/\/myhome.at\/fr\/#\/schema\/logo\/image\/"},"sameAs":["https:\/\/www.facebook.com\/myhome.allaboutliving\/","https:\/\/www.instagram.com\/myhome_allaboutliving\/","https:\/\/www.linkedin.com\/company\/myhome-at\/"]},{"@type":"Person","@id":"https:\/\/myhome.at\/fr\/#\/schema\/person\/41cab007ddbb9c3fc135cac1e13dbd87","name":"Ursula Macher","image":{"@type":"ImageObject","inLanguage":"fr-FR","@id":"https:\/\/secure.gravatar.com\/avatar\/cf3e40835857bf5bddd3c5d9355e9cac263ca9106de970b3c37bceb4360c3b45?s=96&d=mm&r=g","url":"https:\/\/secure.gravatar.com\/avatar\/cf3e40835857bf5bddd3c5d9355e9cac263ca9106de970b3c37bceb4360c3b45?s=96&d=mm&r=g","contentUrl":"https:\/\/secure.gravatar.com\/avatar\/cf3e40835857bf5bddd3c5d9355e9cac263ca9106de970b3c37bceb4360c3b45?s=96&d=mm&r=g","caption":"Ursula Macher"},"url":"https:\/\/myhome.at\/fr\/author\/umacher\/"}]}},"_links":{"self":[{"href":"https:\/\/myhome.at\/fr\/wp-json\/wp\/v2\/posts\/18345","targetHints":{"allow":["GET"]}}],"collection":[{"href":"https:\/\/myhome.at\/fr\/wp-json\/wp\/v2\/posts"}],"about":[{"href":"https:\/\/myhome.at\/fr\/wp-json\/wp\/v2\/types\/post"}],"author":[{"embeddable":true,"href":"https:\/\/myhome.at\/fr\/wp-json\/wp\/v2\/users\/5"}],"replies":[{"embeddable":true,"href":"https:\/\/myhome.at\/fr\/wp-json\/wp\/v2\/comments?post=18345"}],"version-history":[{"count":1,"href":"https:\/\/myhome.at\/fr\/wp-json\/wp\/v2\/posts\/18345\/revisions"}],"predecessor-version":[{"id":18346,"href":"https:\/\/myhome.at\/fr\/wp-json\/wp\/v2\/posts\/18345\/revisions\/18346"}],"wp:featuredmedia":[{"embeddable":true,"href":"https:\/\/myhome.at\/fr\/wp-json\/wp\/v2\/media\/18335"}],"wp:attachment":[{"href":"https:\/\/myhome.at\/fr\/wp-json\/wp\/v2\/media?parent=18345"}],"wp:term":[{"taxonomy":"category","embeddable":true,"href":"https:\/\/myhome.at\/fr\/wp-json\/wp\/v2\/categories?post=18345"},{"taxonomy":"post_tag","embeddable":true,"href":"https:\/\/myhome.at\/fr\/wp-json\/wp\/v2\/tags?post=18345"}],"curies":[{"name":"wp","href":"https:\/\/api.w.org\/{rel}","templated":true}]}}