{"id":16597,"date":"2024-05-15T07:09:00","date_gmt":"2024-05-15T05:09:00","guid":{"rendered":"https:\/\/myhome.at\/?p=16597"},"modified":"2024-05-29T12:35:21","modified_gmt":"2024-05-29T10:35:21","slug":"les-7-herbes-dete-les-plus-populaires-dans-la-cuisine","status":"publish","type":"post","link":"https:\/\/myhome.at\/fr\/les-7-herbes-dete-les-plus-populaires-dans-la-cuisine\/","title":{"rendered":"Les 7 herbes d&rsquo;\u00e9t\u00e9 les plus populaires dans la cuisine"},"content":{"rendered":"\n<p>Les herbes aromatiques n&rsquo;apportent pas seulement de la couleur dans le jardin, mais aussi de la vari\u00e9t\u00e9 et de l&rsquo;intensit\u00e9 dans notre cuisine. Gr\u00e2ce \u00e0 la richesse de leurs ar\u00f4mes, ils transforment n&rsquo;importe quel plat en une f\u00eate pour les sens. En \u00e9t\u00e9, lorsque la nature est \u00e0 son apog\u00e9e, de nombreuses herbes atteignent leur apog\u00e9e et sont id\u00e9ales pour \u00eatre utilis\u00e9es dans des recettes fra\u00eeches et saisonni\u00e8res. Les herbes aromatiques sont particuli\u00e8rement appr\u00e9ci\u00e9es dans la cuisine d&rsquo;\u00e9t\u00e9, non seulement pour leur go\u00fbt, mais aussi pour leur polyvalence et leurs bienfaits pour la sant\u00e9. Que ce soit en tant que protagonistes ou en tant qu&rsquo;ar\u00f4mes subtils, ces sept herbes estivales sont incontournables dans le monde culinaire.<\/p>\n\n<h3 class=\"wp-block-heading\" id=\"h-1-basilikum\"><strong>1. le basilic<\/strong><\/h3>\n\n<p><strong>\n  <em>Go\u00fbt<\/em>\n<\/strong>: Doux et poivr\u00e9 avec une touche de clou de girofle et d&rsquo;anis.<\/p>\n\n<p><strong>\n  <em>Utilisation<\/em>\n<\/strong>Id\u00e9al pour le pesto, les salades, les p\u00e2tes fra\u00eeches et bien s\u00fbr comme accompagnement indispensable des tomates.<\/p>\n\n<p><strong>\n  <em>Conseil<\/em>\n<\/strong>Le basilic ne doit pas \u00eatre ajout\u00e9 \u00e0 la cuisson, car la chaleur affaiblit son ar\u00f4me. Il est pr\u00e9f\u00e9rable de l&rsquo;ajouter frais et juste avant de servir.<\/p>\n\n<figure class=\"wp-block-image size-large\"><img decoding=\"async\" width=\"1024\" height=\"682\" src=\"https:\/\/myhome.at\/wp-content\/uploads\/2024\/04\/top-view-1248955_1280-1024x682.jpg\" alt=\"Basilic, herbes d'&#xE9;t&#xE9;, herbes aromatiques, cuisine, cuisiner\" class=\"wp-image-16559\" srcset=\"https:\/\/myhome.at\/wp-content\/uploads\/2024\/04\/top-view-1248955_1280-1024x682.jpg 1024w, https:\/\/myhome.at\/wp-content\/uploads\/2024\/04\/top-view-1248955_1280-300x200.jpg 300w, https:\/\/myhome.at\/wp-content\/uploads\/2024\/04\/top-view-1248955_1280-768x512.jpg 768w, https:\/\/myhome.at\/wp-content\/uploads\/2024\/04\/top-view-1248955_1280-830x553.jpg 830w, https:\/\/myhome.at\/wp-content\/uploads\/2024\/04\/top-view-1248955_1280-1200x800.jpg 1200w, https:\/\/myhome.at\/wp-content\/uploads\/2024\/04\/top-view-1248955_1280.jpg 1280w\" sizes=\"(max-width: 1024px) 100vw, 1024px\" \/><figcaption class=\"wp-element-caption\">La fra\u00eecheur de l&rsquo;\u00e9t\u00e9 autrement : avec du basilic<\/figcaption><\/figure>\n\n<h3 class=\"wp-block-heading\" id=\"h-2-minze\"><strong>2. menthe<\/strong><\/h3>\n\n<p><strong>\n  <em>Go\u00fbt<\/em>\n<\/strong>: Frais et rafra\u00eechissant avec une douceur \u00e9vidente.<\/p>\n\n<p><strong>\n  <em>Utilisation :<\/em>\n<\/strong> Parfait dans les boissons comme les mojitos, dans les desserts, dans les sauces au yaourt ou dans les salades fra\u00eeches d&rsquo;\u00e9t\u00e9.<\/p>\n\n<p><strong>\n  <em>Conseil<\/em>\n<\/strong>: La menthe peut \u00eatre dominante, il est donc pr\u00e9f\u00e9rable de l&rsquo;utiliser avec parcimonie. Surtout dans les plats qui ne doivent pas \u00eatre submerg\u00e9s par son go\u00fbt fort.<\/p>\n\n<figure class=\"wp-block-image size-large\"><img decoding=\"async\" width=\"1024\" height=\"682\" src=\"https:\/\/myhome.at\/wp-content\/uploads\/2024\/04\/mint-793078_1280-1024x682.jpg\" alt=\"Menthe, Hugo, Herbes\" class=\"wp-image-16563\" srcset=\"https:\/\/myhome.at\/wp-content\/uploads\/2024\/04\/mint-793078_1280-1024x682.jpg 1024w, https:\/\/myhome.at\/wp-content\/uploads\/2024\/04\/mint-793078_1280-300x200.jpg 300w, https:\/\/myhome.at\/wp-content\/uploads\/2024\/04\/mint-793078_1280-768x512.jpg 768w, https:\/\/myhome.at\/wp-content\/uploads\/2024\/04\/mint-793078_1280-830x553.jpg 830w, https:\/\/myhome.at\/wp-content\/uploads\/2024\/04\/mint-793078_1280-1200x800.jpg 1200w, https:\/\/myhome.at\/wp-content\/uploads\/2024\/04\/mint-793078_1280.jpg 1280w\" sizes=\"(max-width: 1024px) 100vw, 1024px\" \/><figcaption class=\"wp-element-caption\">Parfaite pour les boissons et les sauces d&rsquo;\u00e9t\u00e9 : la menthe.<\/figcaption><\/figure>\n\n<h3 class=\"wp-block-heading\" id=\"h-3-koriander\"><strong>3. coriandre<\/strong><\/h3>\n\n<p><strong>\n  <em>Go\u00fbt :<\/em>\n<\/strong> L\u00e9g\u00e8rement citrique avec une nuance terreuse, parfois per\u00e7ue comme savonneuse. En r\u00e8gle g\u00e9n\u00e9rale, la coriandre n&rsquo;est pas du go\u00fbt de tout le monde &#8211; on l&rsquo;aime ou on la d\u00e9teste.<\/p>\n\n<p><strong>\n  <em>Utilisation :<\/em>\n<\/strong> Indispensable dans la cuisine asiatique, dans les salsas, les marinades et les salades fra\u00eeches.<\/p>\n\n<p><strong>\n  <em>Conseil :<\/em>\n<\/strong> Pour la coriandre, comme pour la menthe, il est facile d&rsquo;en abuser. Il doit \u00eatre utilis\u00e9 avec pr\u00e9caution, en particulier lorsqu&rsquo;il est associ\u00e9 \u00e0 des \u00e9pices fortes.<\/p>\n\n<figure class=\"wp-block-image size-large\"><img decoding=\"async\" width=\"1024\" height=\"682\" src=\"https:\/\/myhome.at\/wp-content\/uploads\/2024\/04\/real-coriander-7650541_1280-1024x682.jpg\" alt=\"Coriandre, Recettes, Herbes d'&#xE9;t&#xE9;, Cuisine, Recettes\" class=\"wp-image-16567\" srcset=\"https:\/\/myhome.at\/wp-content\/uploads\/2024\/04\/real-coriander-7650541_1280-1024x682.jpg 1024w, https:\/\/myhome.at\/wp-content\/uploads\/2024\/04\/real-coriander-7650541_1280-300x200.jpg 300w, https:\/\/myhome.at\/wp-content\/uploads\/2024\/04\/real-coriander-7650541_1280-768x512.jpg 768w, https:\/\/myhome.at\/wp-content\/uploads\/2024\/04\/real-coriander-7650541_1280-830x553.jpg 830w, https:\/\/myhome.at\/wp-content\/uploads\/2024\/04\/real-coriander-7650541_1280-1200x800.jpg 1200w, https:\/\/myhome.at\/wp-content\/uploads\/2024\/04\/real-coriander-7650541_1280.jpg 1280w\" sizes=\"(max-width: 1024px) 100vw, 1024px\" \/><figcaption class=\"wp-element-caption\">On l&rsquo;aime ou on la d\u00e9teste : la coriandre<\/figcaption><\/figure>\n\n<h3 class=\"wp-block-heading\" id=\"h-4-thymian\"><strong>4. thym<\/strong><\/h3>\n\n<p><strong>\n  <em>Go\u00fbt : <\/em>\n<\/strong>Fra\u00eechement \u00e9pic\u00e9 et l\u00e9g\u00e8rement citronn\u00e9, avec un soup\u00e7on de poivre.<\/p>\n\n<p><strong>\n  <em>Utilisation<\/em>\n<\/strong>Il est particuli\u00e8rement \u00e0 l&rsquo;aise dans la cuisine m\u00e9diterran\u00e9enne, avec les plats de viande ainsi que dans les rago\u00fbts et les sauces.<\/p>\n\n<p><strong>\n  <em>Conseil<\/em>\n<\/strong>: Bien que le thym soit tr\u00e8s r\u00e9sistant \u00e0 la chaleur, il peut devenir amer s&rsquo;il est utilis\u00e9 en trop grande quantit\u00e9.<\/p>\n\n<figure class=\"wp-block-image size-large\"><img decoding=\"async\" width=\"1024\" height=\"682\" src=\"https:\/\/myhome.at\/wp-content\/uploads\/2024\/04\/herbs-1781008_1280-1024x682.jpg\" alt=\"Thym\" class=\"wp-image-16571\" srcset=\"https:\/\/myhome.at\/wp-content\/uploads\/2024\/04\/herbs-1781008_1280-1024x682.jpg 1024w, https:\/\/myhome.at\/wp-content\/uploads\/2024\/04\/herbs-1781008_1280-300x200.jpg 300w, https:\/\/myhome.at\/wp-content\/uploads\/2024\/04\/herbs-1781008_1280-768x512.jpg 768w, https:\/\/myhome.at\/wp-content\/uploads\/2024\/04\/herbs-1781008_1280-830x553.jpg 830w, https:\/\/myhome.at\/wp-content\/uploads\/2024\/04\/herbs-1781008_1280-1200x800.jpg 1200w, https:\/\/myhome.at\/wp-content\/uploads\/2024\/04\/herbs-1781008_1280.jpg 1280w\" sizes=\"(max-width: 1024px) 100vw, 1024px\" \/><figcaption class=\"wp-element-caption\">Le thym dans la cuisine m\u00e9diterran\u00e9enne.<\/figcaption><\/figure>\n\n<h3 class=\"wp-block-heading\" id=\"h-5-rosmarin\"><strong>5. romarin<\/strong><\/h3>\n\n<p><strong>\n  <em>Go\u00fbt :<\/em>\n<\/strong> Puissant et bois\u00e9, avec des notes de citron et de pin.<\/p>\n\n<p><strong>\n  <em>Utilisation<\/em>\n<\/strong>Id\u00e9al pour les viandes grill\u00e9es, les pommes de terre et les plats m\u00e9diterran\u00e9ens.<\/p>\n\n<p><strong>\n  <em>Conseil :<\/em>\n<\/strong> En raison de son go\u00fbt intense, le romarin doit \u00eatre utilis\u00e9 avec parcimonie. Il peut facilement dominer.<\/p>\n\n<figure class=\"wp-block-image size-large\"><img decoding=\"async\" width=\"1024\" height=\"682\" src=\"https:\/\/myhome.at\/wp-content\/uploads\/2024\/04\/food-3021263_1280-1024x682.jpg\" alt=\"Romarin\" class=\"wp-image-16575\" srcset=\"https:\/\/myhome.at\/wp-content\/uploads\/2024\/04\/food-3021263_1280-1024x682.jpg 1024w, https:\/\/myhome.at\/wp-content\/uploads\/2024\/04\/food-3021263_1280-300x200.jpg 300w, https:\/\/myhome.at\/wp-content\/uploads\/2024\/04\/food-3021263_1280-768x512.jpg 768w, https:\/\/myhome.at\/wp-content\/uploads\/2024\/04\/food-3021263_1280-830x553.jpg 830w, https:\/\/myhome.at\/wp-content\/uploads\/2024\/04\/food-3021263_1280-1200x800.jpg 1200w, https:\/\/myhome.at\/wp-content\/uploads\/2024\/04\/food-3021263_1280.jpg 1280w\" sizes=\"(max-width: 1024px) 100vw, 1024px\" \/><figcaption class=\"wp-element-caption\">Le romarin, un aromate tr\u00e8s appr\u00e9ci\u00e9 pour les grillades<\/figcaption><\/figure>\n\n<h3 class=\"wp-block-heading\" id=\"h-6-zitronenverbene\"><strong>6. verveine citronn\u00e9e<\/strong><\/h3>\n\n<p><strong>\n  <em>Go\u00fbt<\/em>\n<\/strong>: Fortement citronn\u00e9, frais et l\u00e9g\u00e8rement floral.<\/p>\n\n<p><strong>\n  <em>Utilisation<\/em>\n<\/strong>Fantastique dans les desserts, les infusions ou comme note aromatique dans les plats l\u00e9gers d&rsquo;\u00e9t\u00e9.<\/p>\n\n<p><strong>Conseil :<\/strong> les feuilles sont tendres et ne doivent pas \u00eatre cuites longtemps pour conserver leur ar\u00f4me d\u00e9licat.<\/p>\n\n<figure class=\"wp-block-image size-full\"><img decoding=\"async\" width=\"512\" height=\"640\" src=\"https:\/\/myhome.at\/wp-content\/uploads\/2024\/04\/lemon-verbena-74349_640.jpg\" alt=\"Verveine citronn&#xE9;e\" class=\"wp-image-16579\" srcset=\"https:\/\/myhome.at\/wp-content\/uploads\/2024\/04\/lemon-verbena-74349_640.jpg 512w, https:\/\/myhome.at\/wp-content\/uploads\/2024\/04\/lemon-verbena-74349_640-240x300.jpg 240w\" sizes=\"(max-width: 512px) 100vw, 512px\" \/><figcaption class=\"wp-element-caption\">Un secret parmi les herbes d&rsquo;\u00e9t\u00e9 : la verveine citronnelle.<\/figcaption><\/figure>\n\n<h3 class=\"wp-block-heading\" id=\"h-7-salbei\"><strong>7. sauge<\/strong><\/h3>\n\n<p><strong>\n  <em>Go\u00fbt :<\/em>\n<\/strong> Intense, l\u00e9g\u00e8rement amer, avec une l\u00e9g\u00e8re  <\/p>\n\n<p><strong>\n  <em>Utilisation<\/em>\n<\/strong>Parfait dans les farces, les plats de viande, saut\u00e9 au beurre comme sauce (pour les p\u00e2tes).<\/p>\n\n<p><strong>\n  <em>Conseil :<\/em>\n<\/strong> En cuisine, la sauge est surtout appr\u00e9ci\u00e9e pour son ar\u00f4me puissant, qui rend les plats gras plus digestes. Veillez \u00e0 l&rsquo;utiliser avec parcimonie et \u00e0 ne pas la combiner avec trop d&rsquo;autres herbes.<\/p>\n\n<figure class=\"wp-block-image size-large\"><img decoding=\"async\" width=\"1024\" height=\"682\" src=\"https:\/\/myhome.at\/wp-content\/uploads\/2024\/04\/sage-4367047_1280-1024x682.jpg\" alt=\"Sauge\" class=\"wp-image-16555\" srcset=\"https:\/\/myhome.at\/wp-content\/uploads\/2024\/04\/sage-4367047_1280-1024x682.jpg 1024w, https:\/\/myhome.at\/wp-content\/uploads\/2024\/04\/sage-4367047_1280-300x200.jpg 300w, https:\/\/myhome.at\/wp-content\/uploads\/2024\/04\/sage-4367047_1280-768x512.jpg 768w, https:\/\/myhome.at\/wp-content\/uploads\/2024\/04\/sage-4367047_1280-830x553.jpg 830w, https:\/\/myhome.at\/wp-content\/uploads\/2024\/04\/sage-4367047_1280-1200x800.jpg 1200w, https:\/\/myhome.at\/wp-content\/uploads\/2024\/04\/sage-4367047_1280.jpg 1280w\" sizes=\"(max-width: 1024px) 100vw, 1024px\" \/><figcaption class=\"wp-element-caption\">Populaire, surtout dans la cuisine italienne : la sauge<\/figcaption><\/figure>\n\n<h3 class=\"wp-block-heading\" id=\"h-rezept\"><strong><em>Recette<\/em><\/strong><\/h3>\n\n<p><strong>Bruschetta au basilic<\/strong><\/p>\n\n<p>La bruschetta est une entr\u00e9e italienne classique, parfaite pour les soir\u00e9es d&rsquo;\u00e9t\u00e9. Le go\u00fbt frais des tomates, associ\u00e9 au basilic aromatique et au croustillant du pain grill\u00e9, rend ce plat irr\u00e9sistible.<\/p>\n\n<p><strong>Ingr\u00e9dients :<\/strong><\/p>\n\n<p>&#8211; 4 grosses tomates m\u00fbres, coup\u00e9es en d\u00e9s<\/p>\n\n<p>&#8211; 1 bouquet de basilic frais, grossi\u00e8rement hach\u00e9<\/p>\n\n<p>&#8211; 2 gousses d&rsquo;ail, 1 finement hach\u00e9e, 1 coup\u00e9e en deux<\/p>\n\n<p>&#8211; 4-6 tranches de ciabatta ou de baguette<\/p>\n\n<p>&#8211; 3 cuill\u00e8res \u00e0 soupe d&rsquo;huile d&rsquo;olive, plus extra pour arroser<\/p>\n\n<p>&#8211; Sel et poivre noir fra\u00eechement moulu<\/p>\n\n<p>&#8211; En option : r\u00e9duction de vinaigre balsamique ou tranches de mozzarella fra\u00eeche<\/p>\n\n<p><strong>Pr\u00e9paration :<\/strong><\/p>\n\n<p>1. pr\u00e9parez les tomates : Dans un bol, m\u00e9langez les tomates coup\u00e9es en d\u00e9s, le basilic hach\u00e9 et l&rsquo;ail finement hach\u00e9. Arrosez d&rsquo;huile d&rsquo;olive et assaisonnez de sel et de poivre. Laissez le m\u00e9lange infuser pendant environ 10 minutes pour permettre aux ar\u00f4mes de se d\u00e9velopper.<\/p>\n\n<p>2. faire griller du pain : pr\u00e9chauffez votre barbecue ou une po\u00eale \u00e0 griller. Enduisez l\u00e9g\u00e8rement les tranches de pain d&rsquo;huile d&rsquo;olive des deux c\u00f4t\u00e9s et faites-les griller jusqu&rsquo;\u00e0 ce qu&rsquo;elles soient dor\u00e9es et croustillantes. Frottez imm\u00e9diatement les tranches de pain grill\u00e9es avec la gousse d&rsquo;ail coup\u00e9e en deux &#8211; cela donne une fine note d&rsquo;ail.<\/p>\n\n<p>3. dressez la bruschetta : Cuiller g\u00e9n\u00e9reusement le m\u00e9lange de tomates et de basilic sur les tranches de pain grill\u00e9es. Si vous en utilisez, placez une fine tranche de mozzarella sous le m\u00e9lange de tomates et ajoutez la r\u00e9duction de vinaigre balsamique.<\/p>\n\n<p>4. servez : Servir imm\u00e9diatement, alors que le pain est encore chaud et croustillant.<\/p>\n\n<p><strong>Conseils pour une bruschetta parfaite :<\/strong><\/p>\n\n<p>&#8211; Utilisez les meilleures tomates, les plus m\u00fbres, que vous pouvez trouver. C&rsquo;est souvent en \u00e9t\u00e9 que les tomates cultiv\u00e9es localement sont les plus parfum\u00e9es.<\/p>\n\n<p>&#8211; Le basilic frais est un must. Il donne \u00e0 la bruschetta un go\u00fbt frais et poivr\u00e9 qui se marie parfaitement avec la douceur des tomates.<\/p>\n\n<p>&#8211; Quelques gouttes d&rsquo;une bonne r\u00e9duction de vinaigre balsamique peuvent ajouter un beau contraste aigre-doux et am\u00e9liorer l&rsquo;aspect visuel du plat.<\/p>\n\n<figure class=\"wp-block-image size-large\"><img decoding=\"async\" width=\"1024\" height=\"1024\" src=\"https:\/\/myhome.at\/wp-content\/uploads\/2024\/04\/bruschetta-7686666_1280-1024x1024.jpg\" alt=\"\" class=\"wp-image-16583\" srcset=\"https:\/\/myhome.at\/wp-content\/uploads\/2024\/04\/bruschetta-7686666_1280-1024x1024.jpg 1024w, https:\/\/myhome.at\/wp-content\/uploads\/2024\/04\/bruschetta-7686666_1280-150x150.jpg 150w, https:\/\/myhome.at\/wp-content\/uploads\/2024\/04\/bruschetta-7686666_1280-300x300.jpg 300w, https:\/\/myhome.at\/wp-content\/uploads\/2024\/04\/bruschetta-7686666_1280-768x768.jpg 768w, https:\/\/myhome.at\/wp-content\/uploads\/2024\/04\/bruschetta-7686666_1280-90x90.jpg 90w, https:\/\/myhome.at\/wp-content\/uploads\/2024\/04\/bruschetta-7686666_1280-580x580.jpg 580w, https:\/\/myhome.at\/wp-content\/uploads\/2024\/04\/bruschetta-7686666_1280-830x830.jpg 830w, https:\/\/myhome.at\/wp-content\/uploads\/2024\/04\/bruschetta-7686666_1280-1200x1200.jpg 1200w, https:\/\/myhome.at\/wp-content\/uploads\/2024\/04\/bruschetta-7686666_1280.jpg 1280w\" sizes=\"(max-width: 1024px) 100vw, 1024px\" \/><figcaption class=\"wp-element-caption\">Le go\u00fbt de l&rsquo;\u00e9t\u00e9 : les bruschettas italiennes<\/figcaption><\/figure>\n\n<hr class=\"wp-block-separator has-alpha-channel-opacity\"\/>\n\n<p><strong>Contributions similaires :<\/strong><\/p>\n\n<p><a href=\"https:\/\/myhome.at\/fr\/un-pique-nique-estival-reussi-avec-une-check-list-de-recettes\/\" target=\"_blank\" rel=\"noreferrer noopener\"><strong>Un pique-nique d&rsquo;\u00e9t\u00e9 r\u00e9ussi &#8211; avec check-list &amp; recettes<\/strong><\/a><\/p>\n\n<p><a href=\"https:\/\/myhome.at\/fr\/comment-placer-correctement-un-parterre-elevateur\/\"><strong>Parterre sur\u00e9lev\u00e9 : comment l&rsquo;am\u00e9nager correctement ?<\/strong><\/a><\/p>\n\n<p><a href=\"https:\/\/myhome.at\/fr\/comment-transformer-le-balcon-en-jardin-des-legumes\/\" target=\"_blank\" rel=\"noreferrer noopener\"><strong>Potager sur le balcon<\/strong><\/a><\/p>\n","protected":false},"excerpt":{"rendered":"<p>Les herbes aromatiques n&rsquo;apportent pas seulement de la couleur dans le jardin, mais aussi de la vari\u00e9t\u00e9 et de l&rsquo;intensit\u00e9 dans notre cuisine. Gr\u00e2ce \u00e0 la richesse de leurs ar\u00f4mes, ils transforment n&rsquo;importe quel plat en une f\u00eate pour les sens. En \u00e9t\u00e9, lorsque la nature est \u00e0 son apog\u00e9e, de nombreuses herbes atteignent leur &hellip;<\/p>\n","protected":false},"author":5,"featured_media":16553,"comment_status":"closed","ping_status":"open","sticky":false,"template":"","format":"standard","meta":{"_acf_changed":false,"footnotes":""},"categories":[128,2112,2081],"tags":[],"class_list":["post-16597","post","type-post","status-publish","format-standard","has-post-thumbnail","hentry","category-non-classifiee","category-exterieur-jardin","category-food-beverage-fr"],"acf":[],"yoast_head":"<!-- This site is optimized with the Yoast SEO Premium plugin v27.4 (Yoast SEO v27.4) - https:\/\/yoast.com\/product\/yoast-seo-premium-wordpress\/ -->\n<title>Les 7 herbes d&#039;\u00e9t\u00e9 les plus populaires dans la cuisine I MYHOME.AT<\/title>\n<meta name=\"description\" content=\"Herbes d&#039;\u00e9t\u00e9 : nous vous montrons quelles sont les 7 herbes qui ne doivent pas manquer dans votre cuisine en \u00e9t\u00e9 ! Incl. Conseils &amp; Recettes\" \/>\n<meta name=\"robots\" content=\"index, follow, max-snippet:-1, max-image-preview:large, max-video-preview:-1\" \/>\n<link rel=\"canonical\" href=\"https:\/\/myhome.at\/fr\/les-7-herbes-dete-les-plus-populaires-dans-la-cuisine\/\" \/>\n<meta property=\"og:locale\" content=\"fr_FR\" \/>\n<meta property=\"og:type\" content=\"article\" \/>\n<meta property=\"og:title\" content=\"MYHOME.AT I Les 7 herbes d&#039;\u00e9t\u00e9 les plus populaires dans la cuisine\" \/>\n<meta property=\"og:description\" content=\"Herbes d&#039;\u00e9t\u00e9 : nous vous montrons quelles sont les 7 herbes qui ne doivent pas manquer dans votre cuisine en \u00e9t\u00e9 ! Incl. Conseils &amp; Recettes\" \/>\n<meta property=\"og:url\" content=\"https:\/\/myhome.at\/fr\/les-7-herbes-dete-les-plus-populaires-dans-la-cuisine\/\" \/>\n<meta property=\"og:site_name\" content=\"MYHOME.AT\" \/>\n<meta property=\"article:publisher\" content=\"https:\/\/www.facebook.com\/myhome.allaboutliving\/\" \/>\n<meta property=\"article:published_time\" content=\"2024-05-15T05:09:00+00:00\" \/>\n<meta property=\"article:modified_time\" content=\"2024-05-29T10:35:21+00:00\" \/>\n<meta property=\"og:image\" content=\"https:\/\/myhome.at\/wp-content\/uploads\/2024\/04\/basil-bush-basil-5332038_1280.jpg\" \/>\n\t<meta property=\"og:image:width\" content=\"1280\" \/>\n\t<meta property=\"og:image:height\" content=\"854\" \/>\n\t<meta property=\"og:image:type\" content=\"image\/jpeg\" \/>\n<meta name=\"author\" content=\"Ursula Macher\" \/>\n<meta name=\"twitter:card\" content=\"summary_large_image\" \/>\n<meta name=\"twitter:label1\" content=\"\u00c9crit par\" \/>\n\t<meta name=\"twitter:data1\" content=\"Ursula Macher\" \/>\n\t<meta name=\"twitter:label2\" content=\"Dur\u00e9e de lecture estim\u00e9e\" \/>\n\t<meta name=\"twitter:data2\" content=\"5 minutes\" \/>\n<script type=\"application\/ld+json\" class=\"yoast-schema-graph\">{\"@context\":\"https:\\\/\\\/schema.org\",\"@graph\":[{\"@type\":\"Article\",\"@id\":\"https:\\\/\\\/myhome.at\\\/fr\\\/les-7-herbes-dete-les-plus-populaires-dans-la-cuisine\\\/#article\",\"isPartOf\":{\"@id\":\"https:\\\/\\\/myhome.at\\\/fr\\\/les-7-herbes-dete-les-plus-populaires-dans-la-cuisine\\\/\"},\"author\":{\"name\":\"Ursula Macher\",\"@id\":\"https:\\\/\\\/myhome.at\\\/fr\\\/#\\\/schema\\\/person\\\/41cab007ddbb9c3fc135cac1e13dbd87\"},\"headline\":\"Les 7 herbes d&rsquo;\u00e9t\u00e9 les plus populaires dans la cuisine\",\"datePublished\":\"2024-05-15T05:09:00+00:00\",\"dateModified\":\"2024-05-29T10:35:21+00:00\",\"mainEntityOfPage\":{\"@id\":\"https:\\\/\\\/myhome.at\\\/fr\\\/les-7-herbes-dete-les-plus-populaires-dans-la-cuisine\\\/\"},\"wordCount\":1090,\"publisher\":{\"@id\":\"https:\\\/\\\/myhome.at\\\/fr\\\/#organization\"},\"image\":{\"@id\":\"https:\\\/\\\/myhome.at\\\/fr\\\/les-7-herbes-dete-les-plus-populaires-dans-la-cuisine\\\/#primaryimage\"},\"thumbnailUrl\":\"https:\\\/\\\/myhome.at\\\/wp-content\\\/uploads\\\/2024\\\/04\\\/basil-bush-basil-5332038_1280.jpg\",\"articleSection\":[\"En g\u00e9n\u00e9ral\",\"EXT\u00c9RIEUR &amp; JARDIN\",\"FOOD &amp; BEVERAGE\"],\"inLanguage\":\"fr-FR\"},{\"@type\":\"WebPage\",\"@id\":\"https:\\\/\\\/myhome.at\\\/fr\\\/les-7-herbes-dete-les-plus-populaires-dans-la-cuisine\\\/\",\"url\":\"https:\\\/\\\/myhome.at\\\/fr\\\/les-7-herbes-dete-les-plus-populaires-dans-la-cuisine\\\/\",\"name\":\"Les 7 herbes d'\u00e9t\u00e9 les plus populaires dans la cuisine I MYHOME.AT\",\"isPartOf\":{\"@id\":\"https:\\\/\\\/myhome.at\\\/fr\\\/#website\"},\"primaryImageOfPage\":{\"@id\":\"https:\\\/\\\/myhome.at\\\/fr\\\/les-7-herbes-dete-les-plus-populaires-dans-la-cuisine\\\/#primaryimage\"},\"image\":{\"@id\":\"https:\\\/\\\/myhome.at\\\/fr\\\/les-7-herbes-dete-les-plus-populaires-dans-la-cuisine\\\/#primaryimage\"},\"thumbnailUrl\":\"https:\\\/\\\/myhome.at\\\/wp-content\\\/uploads\\\/2024\\\/04\\\/basil-bush-basil-5332038_1280.jpg\",\"datePublished\":\"2024-05-15T05:09:00+00:00\",\"dateModified\":\"2024-05-29T10:35:21+00:00\",\"description\":\"Herbes d'\u00e9t\u00e9 : nous vous montrons quelles sont les 7 herbes qui ne doivent pas manquer dans votre cuisine en \u00e9t\u00e9 ! Incl. Conseils & Recettes\",\"breadcrumb\":{\"@id\":\"https:\\\/\\\/myhome.at\\\/fr\\\/les-7-herbes-dete-les-plus-populaires-dans-la-cuisine\\\/#breadcrumb\"},\"inLanguage\":\"fr-FR\",\"potentialAction\":[{\"@type\":\"ReadAction\",\"target\":[\"https:\\\/\\\/myhome.at\\\/fr\\\/les-7-herbes-dete-les-plus-populaires-dans-la-cuisine\\\/\"]}]},{\"@type\":\"ImageObject\",\"inLanguage\":\"fr-FR\",\"@id\":\"https:\\\/\\\/myhome.at\\\/fr\\\/les-7-herbes-dete-les-plus-populaires-dans-la-cuisine\\\/#primaryimage\",\"url\":\"https:\\\/\\\/myhome.at\\\/wp-content\\\/uploads\\\/2024\\\/04\\\/basil-bush-basil-5332038_1280.jpg\",\"contentUrl\":\"https:\\\/\\\/myhome.at\\\/wp-content\\\/uploads\\\/2024\\\/04\\\/basil-bush-basil-5332038_1280.jpg\",\"width\":1280,\"height\":854},{\"@type\":\"BreadcrumbList\",\"@id\":\"https:\\\/\\\/myhome.at\\\/fr\\\/les-7-herbes-dete-les-plus-populaires-dans-la-cuisine\\\/#breadcrumb\",\"itemListElement\":[{\"@type\":\"ListItem\",\"position\":1,\"name\":\"Home\",\"item\":\"https:\\\/\\\/myhome.at\\\/fr\\\/\"},{\"@type\":\"ListItem\",\"position\":2,\"name\":\"Les 7 herbes d&rsquo;\u00e9t\u00e9 les plus populaires dans la cuisine\"}]},{\"@type\":\"WebSite\",\"@id\":\"https:\\\/\\\/myhome.at\\\/fr\\\/#website\",\"url\":\"https:\\\/\\\/myhome.at\\\/fr\\\/\",\"name\":\"MYHOME BLOG\",\"description\":\"Online-Magazin f\u00fcr Wohnen &amp; Immobilien\",\"publisher\":{\"@id\":\"https:\\\/\\\/myhome.at\\\/fr\\\/#organization\"},\"potentialAction\":[{\"@type\":\"SearchAction\",\"target\":{\"@type\":\"EntryPoint\",\"urlTemplate\":\"https:\\\/\\\/myhome.at\\\/fr\\\/?s={search_term_string}\"},\"query-input\":{\"@type\":\"PropertyValueSpecification\",\"valueRequired\":true,\"valueName\":\"search_term_string\"}}],\"inLanguage\":\"fr-FR\"},{\"@type\":\"Organization\",\"@id\":\"https:\\\/\\\/myhome.at\\\/fr\\\/#organization\",\"name\":\"MYHOME BLOG\",\"alternateName\":\"MYHOME BLOG\",\"url\":\"https:\\\/\\\/myhome.at\\\/fr\\\/\",\"logo\":{\"@type\":\"ImageObject\",\"inLanguage\":\"fr-FR\",\"@id\":\"https:\\\/\\\/myhome.at\\\/fr\\\/#\\\/schema\\\/logo\\\/image\\\/\",\"url\":\"https:\\\/\\\/myhome.at\\\/wp-content\\\/uploads\\\/2023\\\/10\\\/FMH_MYHOME_ICON_RZ_RGB_696x696.png\",\"contentUrl\":\"https:\\\/\\\/myhome.at\\\/wp-content\\\/uploads\\\/2023\\\/10\\\/FMH_MYHOME_ICON_RZ_RGB_696x696.png\",\"width\":697,\"height\":697,\"caption\":\"MYHOME BLOG\"},\"image\":{\"@id\":\"https:\\\/\\\/myhome.at\\\/fr\\\/#\\\/schema\\\/logo\\\/image\\\/\"},\"sameAs\":[\"https:\\\/\\\/www.facebook.com\\\/myhome.allaboutliving\\\/\",\"https:\\\/\\\/www.instagram.com\\\/myhome_allaboutliving\\\/\",\"https:\\\/\\\/www.linkedin.com\\\/company\\\/myhome-at\\\/\"]},{\"@type\":\"Person\",\"@id\":\"https:\\\/\\\/myhome.at\\\/fr\\\/#\\\/schema\\\/person\\\/41cab007ddbb9c3fc135cac1e13dbd87\",\"name\":\"Ursula Macher\",\"image\":{\"@type\":\"ImageObject\",\"inLanguage\":\"fr-FR\",\"@id\":\"https:\\\/\\\/secure.gravatar.com\\\/avatar\\\/cf3e40835857bf5bddd3c5d9355e9cac263ca9106de970b3c37bceb4360c3b45?s=96&d=mm&r=g\",\"url\":\"https:\\\/\\\/secure.gravatar.com\\\/avatar\\\/cf3e40835857bf5bddd3c5d9355e9cac263ca9106de970b3c37bceb4360c3b45?s=96&d=mm&r=g\",\"contentUrl\":\"https:\\\/\\\/secure.gravatar.com\\\/avatar\\\/cf3e40835857bf5bddd3c5d9355e9cac263ca9106de970b3c37bceb4360c3b45?s=96&d=mm&r=g\",\"caption\":\"Ursula Macher\"},\"url\":\"https:\\\/\\\/myhome.at\\\/fr\\\/author\\\/umacher\\\/\"}]}<\/script>\n<!-- \/ Yoast SEO Premium plugin. -->","yoast_head_json":{"title":"Les 7 herbes d'\u00e9t\u00e9 les plus populaires dans la cuisine I MYHOME.AT","description":"Herbes d'\u00e9t\u00e9 : nous vous montrons quelles sont les 7 herbes qui ne doivent pas manquer dans votre cuisine en \u00e9t\u00e9 ! Incl. Conseils & Recettes","robots":{"index":"index","follow":"follow","max-snippet":"max-snippet:-1","max-image-preview":"max-image-preview:large","max-video-preview":"max-video-preview:-1"},"canonical":"https:\/\/myhome.at\/fr\/les-7-herbes-dete-les-plus-populaires-dans-la-cuisine\/","og_locale":"fr_FR","og_type":"article","og_title":"MYHOME.AT I Les 7 herbes d'\u00e9t\u00e9 les plus populaires dans la cuisine","og_description":"Herbes d'\u00e9t\u00e9 : nous vous montrons quelles sont les 7 herbes qui ne doivent pas manquer dans votre cuisine en \u00e9t\u00e9 ! Incl. Conseils & Recettes","og_url":"https:\/\/myhome.at\/fr\/les-7-herbes-dete-les-plus-populaires-dans-la-cuisine\/","og_site_name":"MYHOME.AT","article_publisher":"https:\/\/www.facebook.com\/myhome.allaboutliving\/","article_published_time":"2024-05-15T05:09:00+00:00","article_modified_time":"2024-05-29T10:35:21+00:00","og_image":[{"width":1280,"height":854,"url":"https:\/\/myhome.at\/wp-content\/uploads\/2024\/04\/basil-bush-basil-5332038_1280.jpg","type":"image\/jpeg"}],"author":"Ursula Macher","twitter_card":"summary_large_image","twitter_misc":{"\u00c9crit par":"Ursula Macher","Dur\u00e9e de lecture estim\u00e9e":"5 minutes"},"schema":{"@context":"https:\/\/schema.org","@graph":[{"@type":"Article","@id":"https:\/\/myhome.at\/fr\/les-7-herbes-dete-les-plus-populaires-dans-la-cuisine\/#article","isPartOf":{"@id":"https:\/\/myhome.at\/fr\/les-7-herbes-dete-les-plus-populaires-dans-la-cuisine\/"},"author":{"name":"Ursula Macher","@id":"https:\/\/myhome.at\/fr\/#\/schema\/person\/41cab007ddbb9c3fc135cac1e13dbd87"},"headline":"Les 7 herbes d&rsquo;\u00e9t\u00e9 les plus populaires dans la cuisine","datePublished":"2024-05-15T05:09:00+00:00","dateModified":"2024-05-29T10:35:21+00:00","mainEntityOfPage":{"@id":"https:\/\/myhome.at\/fr\/les-7-herbes-dete-les-plus-populaires-dans-la-cuisine\/"},"wordCount":1090,"publisher":{"@id":"https:\/\/myhome.at\/fr\/#organization"},"image":{"@id":"https:\/\/myhome.at\/fr\/les-7-herbes-dete-les-plus-populaires-dans-la-cuisine\/#primaryimage"},"thumbnailUrl":"https:\/\/myhome.at\/wp-content\/uploads\/2024\/04\/basil-bush-basil-5332038_1280.jpg","articleSection":["En g\u00e9n\u00e9ral","EXT\u00c9RIEUR &amp; JARDIN","FOOD &amp; BEVERAGE"],"inLanguage":"fr-FR"},{"@type":"WebPage","@id":"https:\/\/myhome.at\/fr\/les-7-herbes-dete-les-plus-populaires-dans-la-cuisine\/","url":"https:\/\/myhome.at\/fr\/les-7-herbes-dete-les-plus-populaires-dans-la-cuisine\/","name":"Les 7 herbes d'\u00e9t\u00e9 les plus populaires dans la cuisine I MYHOME.AT","isPartOf":{"@id":"https:\/\/myhome.at\/fr\/#website"},"primaryImageOfPage":{"@id":"https:\/\/myhome.at\/fr\/les-7-herbes-dete-les-plus-populaires-dans-la-cuisine\/#primaryimage"},"image":{"@id":"https:\/\/myhome.at\/fr\/les-7-herbes-dete-les-plus-populaires-dans-la-cuisine\/#primaryimage"},"thumbnailUrl":"https:\/\/myhome.at\/wp-content\/uploads\/2024\/04\/basil-bush-basil-5332038_1280.jpg","datePublished":"2024-05-15T05:09:00+00:00","dateModified":"2024-05-29T10:35:21+00:00","description":"Herbes d'\u00e9t\u00e9 : nous vous montrons quelles sont les 7 herbes qui ne doivent pas manquer dans votre cuisine en \u00e9t\u00e9 ! Incl. Conseils & Recettes","breadcrumb":{"@id":"https:\/\/myhome.at\/fr\/les-7-herbes-dete-les-plus-populaires-dans-la-cuisine\/#breadcrumb"},"inLanguage":"fr-FR","potentialAction":[{"@type":"ReadAction","target":["https:\/\/myhome.at\/fr\/les-7-herbes-dete-les-plus-populaires-dans-la-cuisine\/"]}]},{"@type":"ImageObject","inLanguage":"fr-FR","@id":"https:\/\/myhome.at\/fr\/les-7-herbes-dete-les-plus-populaires-dans-la-cuisine\/#primaryimage","url":"https:\/\/myhome.at\/wp-content\/uploads\/2024\/04\/basil-bush-basil-5332038_1280.jpg","contentUrl":"https:\/\/myhome.at\/wp-content\/uploads\/2024\/04\/basil-bush-basil-5332038_1280.jpg","width":1280,"height":854},{"@type":"BreadcrumbList","@id":"https:\/\/myhome.at\/fr\/les-7-herbes-dete-les-plus-populaires-dans-la-cuisine\/#breadcrumb","itemListElement":[{"@type":"ListItem","position":1,"name":"Home","item":"https:\/\/myhome.at\/fr\/"},{"@type":"ListItem","position":2,"name":"Les 7 herbes d&rsquo;\u00e9t\u00e9 les plus populaires dans la cuisine"}]},{"@type":"WebSite","@id":"https:\/\/myhome.at\/fr\/#website","url":"https:\/\/myhome.at\/fr\/","name":"MYHOME BLOG","description":"Online-Magazin f\u00fcr Wohnen &amp; Immobilien","publisher":{"@id":"https:\/\/myhome.at\/fr\/#organization"},"potentialAction":[{"@type":"SearchAction","target":{"@type":"EntryPoint","urlTemplate":"https:\/\/myhome.at\/fr\/?s={search_term_string}"},"query-input":{"@type":"PropertyValueSpecification","valueRequired":true,"valueName":"search_term_string"}}],"inLanguage":"fr-FR"},{"@type":"Organization","@id":"https:\/\/myhome.at\/fr\/#organization","name":"MYHOME BLOG","alternateName":"MYHOME BLOG","url":"https:\/\/myhome.at\/fr\/","logo":{"@type":"ImageObject","inLanguage":"fr-FR","@id":"https:\/\/myhome.at\/fr\/#\/schema\/logo\/image\/","url":"https:\/\/myhome.at\/wp-content\/uploads\/2023\/10\/FMH_MYHOME_ICON_RZ_RGB_696x696.png","contentUrl":"https:\/\/myhome.at\/wp-content\/uploads\/2023\/10\/FMH_MYHOME_ICON_RZ_RGB_696x696.png","width":697,"height":697,"caption":"MYHOME BLOG"},"image":{"@id":"https:\/\/myhome.at\/fr\/#\/schema\/logo\/image\/"},"sameAs":["https:\/\/www.facebook.com\/myhome.allaboutliving\/","https:\/\/www.instagram.com\/myhome_allaboutliving\/","https:\/\/www.linkedin.com\/company\/myhome-at\/"]},{"@type":"Person","@id":"https:\/\/myhome.at\/fr\/#\/schema\/person\/41cab007ddbb9c3fc135cac1e13dbd87","name":"Ursula Macher","image":{"@type":"ImageObject","inLanguage":"fr-FR","@id":"https:\/\/secure.gravatar.com\/avatar\/cf3e40835857bf5bddd3c5d9355e9cac263ca9106de970b3c37bceb4360c3b45?s=96&d=mm&r=g","url":"https:\/\/secure.gravatar.com\/avatar\/cf3e40835857bf5bddd3c5d9355e9cac263ca9106de970b3c37bceb4360c3b45?s=96&d=mm&r=g","contentUrl":"https:\/\/secure.gravatar.com\/avatar\/cf3e40835857bf5bddd3c5d9355e9cac263ca9106de970b3c37bceb4360c3b45?s=96&d=mm&r=g","caption":"Ursula Macher"},"url":"https:\/\/myhome.at\/fr\/author\/umacher\/"}]}},"_links":{"self":[{"href":"https:\/\/myhome.at\/fr\/wp-json\/wp\/v2\/posts\/16597","targetHints":{"allow":["GET"]}}],"collection":[{"href":"https:\/\/myhome.at\/fr\/wp-json\/wp\/v2\/posts"}],"about":[{"href":"https:\/\/myhome.at\/fr\/wp-json\/wp\/v2\/types\/post"}],"author":[{"embeddable":true,"href":"https:\/\/myhome.at\/fr\/wp-json\/wp\/v2\/users\/5"}],"replies":[{"embeddable":true,"href":"https:\/\/myhome.at\/fr\/wp-json\/wp\/v2\/comments?post=16597"}],"version-history":[{"count":4,"href":"https:\/\/myhome.at\/fr\/wp-json\/wp\/v2\/posts\/16597\/revisions"}],"predecessor-version":[{"id":18168,"href":"https:\/\/myhome.at\/fr\/wp-json\/wp\/v2\/posts\/16597\/revisions\/18168"}],"wp:featuredmedia":[{"embeddable":true,"href":"https:\/\/myhome.at\/fr\/wp-json\/wp\/v2\/media\/16553"}],"wp:attachment":[{"href":"https:\/\/myhome.at\/fr\/wp-json\/wp\/v2\/media?parent=16597"}],"wp:term":[{"taxonomy":"category","embeddable":true,"href":"https:\/\/myhome.at\/fr\/wp-json\/wp\/v2\/categories?post=16597"},{"taxonomy":"post_tag","embeddable":true,"href":"https:\/\/myhome.at\/fr\/wp-json\/wp\/v2\/tags?post=16597"}],"curies":[{"name":"wp","href":"https:\/\/api.w.org\/{rel}","templated":true}]}}